{"id":238713,"date":"2025-07-09T23:12:10","date_gmt":"2025-07-09T23:12:10","guid":{"rendered":"https:\/\/www.europesays.com\/fr\/238713\/"},"modified":"2025-07-09T23:12:10","modified_gmt":"2025-07-09T23:12:10","slug":"previsions-du-jeudi-10-juillet-2025-2","status":"publish","type":"post","link":"https:\/\/www.europesays.com\/fr\/238713\/","title":{"rendered":"pr\u00e9visions du jeudi 10 juillet 2025"},"content":{"rendered":"<p>\u00c0 Lille les temp\u00e9ratures afficheront entre 13 et 27\u00b0C aujourd&rsquo;hui. Le matin, le vent va progressivement chasser la grisaille. Une brise de nord-est soufflera l\u00e9g\u00e8rement. Cet apr\u00e8s-midi rimera avec beau soleil. Le temps va se r\u00e9chauffer avec une augmentation de plusieurs degr\u00e9s. Les valeurs s&rsquo;\u00e9chelonneront entre 26\u00b0C et 27\u00b0C. Il va faire en moyenne 22\u00b0C, le soir. C&rsquo;est un ciel d\u00e9pourvu de nuages que conna\u00eetra la nuit de jeudi \u00e0 vendredi.<\/p>\n<p>Un beau soleil est pr\u00e9vu demain \u00e0 Lille. Une m\u00e9t\u00e9o plus chaude est \u00e0 pr\u00e9voir \u00e9tant donn\u00e9 que le mercure va conna\u00eetre une hausse. On anticipe des temp\u00e9ratures avoisinant 22\u00b0C. Un petit vent de nord-est sera ressenti par les habitants. Dans la matin\u00e9e, les temp\u00e9ratures seront de 22\u00b0C. Les valeurs vont grimper pendant l&rsquo;apr\u00e8s-midi de plusieurs degr\u00e9s. Les valeurs seront de 27\u00b0C au plus bas et de 29\u00b0C au maximum. Demain soir, le mercure affichera 23\u00b0C en moyenne.<\/p>\n<p>Pour les jours \u00e0 venir, le temps ne bougera pas. Des temp\u00e9ratures dans les 29\u00b0C accompagneront un ciel ensoleill\u00e9.<\/p>\n<p><\/p>\n","protected":false},"excerpt":{"rendered":"\u00c0 Lille les temp\u00e9ratures afficheront entre 13 et 27\u00b0C aujourd&rsquo;hui. Le matin, le vent va progressivement chasser la&hellip;\n","protected":false},"author":2,"featured_media":238714,"comment_status":"","ping_status":"","sticky":false,"template":"","format":"standard","meta":{"footnotes":""},"categories":[2815],"tags":[1111,11,1777,674,1011,27,811,1307,12,1308,1309,2119,25],"class_list":{"0":"post-238713","1":"post","2":"type-post","3":"status-publish","4":"format-standard","5":"has-post-thumbnail","7":"category-lille","8":"tag-actu","9":"tag-actualites","10":"tag-eu","11":"tag-europe","12":"tag-fr","13":"tag-france","14":"tag-hauts-de-france","15":"tag-lille","16":"tag-news","17":"tag-nord","18":"tag-nord-pas-de-calais","19":"tag-previsions-meteo","20":"tag-republique-francaise"},"share_on_mastodon":{"url":"https:\/\/pubeurope.com\/@fr\/114825812256449886","error":""},"_links":{"self":[{"href":"https:\/\/www.europesays.com\/fr\/wp-json\/wp\/v2\/posts\/238713","targetHints":{"allow":["GET"]}}],"collection":[{"href":"https:\/\/www.europesays.com\/fr\/wp-json\/wp\/v2\/posts"}],"about":[{"href":"https:\/\/www.europesays.com\/fr\/wp-json\/wp\/v2\/types\/post"}],"author":[{"embeddable":true,"href":"https:\/\/www.europesays.com\/fr\/wp-json\/wp\/v2\/users\/2"}],"replies":[{"embeddable":true,"href":"https:\/\/www.europesays.com\/fr\/wp-json\/wp\/v2\/comments?post=238713"}],"version-history":[{"count":0,"href":"https:\/\/www.europesays.com\/fr\/wp-json\/wp\/v2\/posts\/238713\/revisions"}],"wp:featuredmedia":[{"embeddable":true,"href":"https:\/\/www.europesays.com\/fr\/wp-json\/wp\/v2\/media\/238714"}],"wp:attachment":[{"href":"https:\/\/www.europesays.com\/fr\/wp-json\/wp\/v2\/media?parent=238713"}],"wp:term":[{"taxonomy":"category","embeddable":true,"href":"https:\/\/www.europesays.com\/fr\/wp-json\/wp\/v2\/categories?post=238713"},{"taxonomy":"post_tag","embeddable":true,"href":"https:\/\/www.europesays.com\/fr\/wp-json\/wp\/v2\/tags?post=238713"}],"curies":[{"name":"wp","href":"https:\/\/api.w.org\/{rel}","templated":true}]}}