{"id":238715,"date":"2025-07-09T23:13:10","date_gmt":"2025-07-09T23:13:10","guid":{"rendered":"https:\/\/www.europesays.com\/fr\/238715\/"},"modified":"2025-07-09T23:13:10","modified_gmt":"2025-07-09T23:13:10","slug":"ils-ont-entre-16-et-30-ans-et-sengagent-pour-leur-ville","status":"publish","type":"post","link":"https:\/\/www.europesays.com\/fr\/238715\/","title":{"rendered":"ils ont entre 16 et 30 ans et s\u2019engagent pour leur ville"},"content":{"rendered":"\n<p>C\u2019est dans \u00ab\u00a0une salle trop petite pour un projet si grand\u00a0\u00bb que Hedi Ramdane (DVG), adjoint au maire de Marseille charg\u00e9 de la Jeunesse, a proc\u00e9d\u00e9 au lancement des cadets de l\u2019engagement municipal, ce mercredi. La salle Bailli de Suffren de l\u2019H\u00f4tel de Ville \u00e9tait comble et noy\u00e9e dans le brouhaha avec plusieurs dizaines de jeunes flanqu\u00e9s d\u2019un t-shirt bleu \u00e0 l\u2019effigie de ce nouveau dispositif municipal \u00e0 destination des 16-30 ans.<\/p>\n<p>Ce dernier propose aux jeunes de d\u00e9couvrir des m\u00e9tiers et fonctions li\u00e9s \u00e0 la protection des populations (police municipale, s\u00e9curit\u00e9 civile, formation aux premiers secours&#8230;). Ce dispositif leur permet \u00e9galement de s\u2019engager b\u00e9n\u00e9volement aupr\u00e8s de la Ville ou d\u2019associations partenaires pour des missions d\u00e9di\u00e9es \u00e0 la solidarit\u00e9, \u00e0 la transition \u00e9cologique et \u00e0 la citoyennet\u00e9. L\u2019engagement est prot\u00e9iforme\u00a0: maraude, distribution de couvertures, aides aux personnes \u00e2g\u00e9es&#8230; Il peut durer l\u2019espace d\u2019une journ\u00e9e ou de six mois.<\/p>\n<p> \u00ab\u00a0On ne doit rien leur imposer\u00a0\u00bb\n              <\/p>\n<p>Les jeunes eux-m\u00eames ont pris la parole lors de cette matin\u00e9e, avec notamment No\u00e9mie, qui a \u00e9t\u00e9 largement applaudie\u00a0: \u00ab\u00a0avant, je faisais partie des jeunes qui disaient \u00ab\u00a0j\u2019en ai marre\u00a0\u00bb. Aujourd\u2019hui, je suis engag\u00e9e au conseil municipal de la jeunesse et me rends compte que la Ville fait beaucoup pour les jeunes.\u00a0\u00bb<\/p>\n<p>Les jeunes volontaires sont se sont rendus, dans l\u2019apr\u00e8s-midi, \u00e0 la rencontre des membres du Centre communal d\u2019action sociale (CCAS) pour une pr\u00e9sentation des actions \u00e0 destination des personnes \u00e2g\u00e9es. La caserne des pompiers et la brigade maritime faisaient \u00e9galement partie du programme.<\/p>\n<p>Hedi Ramdane a insist\u00e9 sur le fait que \u00ab\u00a0les jeunes vont d\u00e9cider par eux-m\u00eames de la forme de leur engagement, on ne doit rien leur imposer\u00a0\u00bb. Deux jeunes filles pr\u00e9sentes ne savaient pas encore tr\u00e8s bien o\u00f9 s\u2019engager mais leur enthousiasme \u00e9tait bel et bien pr\u00e9sent.<\/p>\n<p>Le lancement des cadets de la jeunesse a \u00e9t\u00e9 act\u00e9, il y a 15\u00a0jours seulement, par le conseil municipal. Et les choses vont vite\u00a0: depuis l\u2019ouverture de l\u2019inscription il y a une semaine, plus de deux cents jeunes volontaires sont d\u00e9j\u00e0 r\u00e9pertori\u00e9s.<\/p>\n<p>Hedi Ramdane veut \u00ab\u00a0montrer que la jeunesse n\u2019est pas un probl\u00e8me, mais une solution\u00a0\u00bb. Pour illustrer son propos, l\u2019\u00e9lu cite l\u2019exemple des jeunes de La\u00a0Castellane qui sont intervenus arm\u00e9s de seaux d\u2019eau, dans la nuit de mardi \u00e0 mercredi, pour contenir les flammes face \u00e0 l\u2019incendie qui mena\u00e7ait la ville.<\/p>\n","protected":false},"excerpt":{"rendered":"C\u2019est dans \u00ab\u00a0une salle trop petite pour un projet si grand\u00a0\u00bb que Hedi Ramdane (DVG), adjoint au maire&hellip;\n","protected":false},"author":2,"featured_media":238716,"comment_status":"","ping_status":"","sticky":false,"template":"","format":"standard","meta":{"footnotes":""},"categories":[2814],"tags":[1111,11,36390,1777,674,1011,27,884,12,882,25],"class_list":{"0":"post-238715","1":"post","2":"type-post","3":"status-publish","4":"format-standard","5":"has-post-thumbnail","7":"category-marseille","8":"tag-actu","9":"tag-actualites","10":"tag-claire-mangeard","11":"tag-eu","12":"tag-europe","13":"tag-fr","14":"tag-france","15":"tag-marseille","16":"tag-news","17":"tag-provence-alpes-cote-dazur","18":"tag-republique-francaise"},"share_on_mastodon":{"url":"https:\/\/pubeurope.com\/@fr\/114825816212264396","error":""},"_links":{"self":[{"href":"https:\/\/www.europesays.com\/fr\/wp-json\/wp\/v2\/posts\/238715","targetHints":{"allow":["GET"]}}],"collection":[{"href":"https:\/\/www.europesays.com\/fr\/wp-json\/wp\/v2\/posts"}],"about":[{"href":"https:\/\/www.europesays.com\/fr\/wp-json\/wp\/v2\/types\/post"}],"author":[{"embeddable":true,"href":"https:\/\/www.europesays.com\/fr\/wp-json\/wp\/v2\/users\/2"}],"replies":[{"embeddable":true,"href":"https:\/\/www.europesays.com\/fr\/wp-json\/wp\/v2\/comments?post=238715"}],"version-history":[{"count":0,"href":"https:\/\/www.europesays.com\/fr\/wp-json\/wp\/v2\/posts\/238715\/revisions"}],"wp:featuredmedia":[{"embeddable":true,"href":"https:\/\/www.europesays.com\/fr\/wp-json\/wp\/v2\/media\/238716"}],"wp:attachment":[{"href":"https:\/\/www.europesays.com\/fr\/wp-json\/wp\/v2\/media?parent=238715"}],"wp:term":[{"taxonomy":"category","embeddable":true,"href":"https:\/\/www.europesays.com\/fr\/wp-json\/wp\/v2\/categories?post=238715"},{"taxonomy":"post_tag","embeddable":true,"href":"https:\/\/www.europesays.com\/fr\/wp-json\/wp\/v2\/tags?post=238715"}],"curies":[{"name":"wp","href":"https:\/\/api.w.org\/{rel}","templated":true}]}}