{"id":238717,"date":"2025-07-09T23:14:10","date_gmt":"2025-07-09T23:14:10","guid":{"rendered":"https:\/\/www.europesays.com\/fr\/238717\/"},"modified":"2025-07-09T23:14:10","modified_gmt":"2025-07-09T23:14:10","slug":"visite-du-passe-colonial-de-marseille-dans-les-pas-de-lartiste-mariam-benbakkar","status":"publish","type":"post","link":"https:\/\/www.europesays.com\/fr\/238717\/","title":{"rendered":"Visite du pass\u00e9 colonial de Marseille dans les pas de l\u2019artiste Mariam Benbakkar"},"content":{"rendered":"<p>\n                                                \u00c0 Marseille, dans le sud de la France, l\u2019artiste Mariam Benbakkar, fondatrice de l\u2019association Filles de bl\u00e9dards, propose r\u00e9guli\u00e8rement des visites qui mettent en lumi\u00e8re le pass\u00e9 colonial de la ville. Une histoire aujourd\u2019hui encore m\u00e9connue, alors que l\u2019Alg\u00e9rie f\u00eatera le 5 juillet ses 63 ans d\u2019ind\u00e9pendance.\u00a0                    <\/p>\n<p>\u00a0<\/p>\n<p>Dans le centre-ville de Marseille, une quinzaine de personnes se regroupent autour de l\u2019artiste Mariam Benbakkar. Elle d\u00e9marre une visite autour du pass\u00e9 colonial de la ville. \u00ab Cet endroit, la rue Saint-Ferr\u00e9ol, c&rsquo;est vraiment l&rsquo;art\u00e8re commer\u00e7ante de la ville. \u00c0 partir de 1848, tout ce qui arrive d&rsquo;<strong><a href=\"https:\/\/www.rfi.fr\/fr\/tag\/alg\u00e9rie\/\" target=\"_self\" rel=\"noopener\">Alg\u00e9rie<\/a><\/strong> en tant que mati\u00e8re brute \u2013 car cela devient un pays exploit\u00e9, qui devient vraiment un pays ressource pour tout l&#8217;empire fran\u00e7ais \u2013 arrive \u00e0 Marseille \u00bb, explique-t-elle.<\/p>\n<p>Peu le savent, mais l\u2019immense magasin de v\u00eatements Uniqlo, face au groupe, est une ancienne banque coloniale.\u00a0Au sous-sol du magasin, une pancarte explicative est cach\u00e9e derri\u00e8re des cintres. \u00ab Avant, quand c&rsquo;\u00e9tait encore un magasin Mango ici, il y avait des plafonds peints. Il y avait aussi les noms des diff\u00e9rentes villes avec lesquelles la compagnie commer\u00e7ait, donc des villes d&rsquo;Alg\u00e9rie, de <strong><a href=\"https:\/\/www.rfi.fr\/fr\/tag\/syrie\/\" target=\"_self\" rel=\"noopener\">Syrie<\/a><\/strong>&#8230;Tout cela a \u00e9t\u00e9 recouvert par un faux plafond et la clim du Uniqlo. Il n&rsquo;y a pas de volont\u00e9, il y a juste un effacement de la m\u00e9moire qui fait que les gens ne sont m\u00eame pas au courant. On est dans une forme de continuit\u00e9 \u00e9conomique et coloniale, parce qu&rsquo;on est toujours sur des investisseurs priv\u00e9s qui sont propri\u00e9taires \u00bb.<\/p>\n<p class=\"a-read-more\">\u00c0 lire aussi<a href=\"https:\/\/www.rfi.fr\/fr\/connaissances\/20241127-la-premi\u00e8re-guerre-d-alg\u00e9rie-1830-1852-une-\u00e9vidence-oubli\u00e9e\" target=\"_self\" class=\"a-read-more__link\" rel=\"noopener\">La premi\u00e8re guerre d\u2019Alg\u00e9rie (1830-1852): une \u00ab\u00e9vidence oubli\u00e9e\u00bb<\/a><\/p>\n<p>Deuxi\u00e8me \u00e9tape, devant l\u2019imposante Chambre de commerce et d\u2019industrie. Sur le fronton, le nom de navigateurs c\u00e9l\u00e8bres et les denr\u00e9es qui arrivaient des colonies par la mer. \u00ab\u00a0\u00c0\u00a0l&rsquo;int\u00e9rieur, on a un b\u00e2timent avec un hall central qui est uniquement fait de marbre d&rsquo;Alg\u00e9rie et de Carrare. On a aussi deux macarons, faits par un certain Louis Botinelly, qui s&rsquo;appellent \u00ab\u00a0produits d&rsquo;Afrique\u00a0\u00bb et \u00ab\u00a0produits d&rsquo;Asie\u00a0\u00bb. Chaque produit est port\u00e9 par un \u00eatre humain, donc pour l&rsquo;<a href=\"https:\/\/www.rfi.fr\/fr\/tag\/afrique\/\" target=\"_self\" rel=\"noopener\"><strong>Afrique<\/strong><\/a> on a que des femmes \u00e0 poil en train de porter des r\u00e9gimes de bananes et pour l&rsquo;<a href=\"https:\/\/www.rfi.fr\/fr\/asie-pacifique\/\" target=\"_self\" rel=\"noopener\"><strong>Asie<\/strong><\/a> on a des chapeaux, la rizi\u00e8re. Toutes ces images qui naissent et qui s&rsquo;implantent dans les cerveaux au XIXe si\u00e8cle, nous en subissons les cons\u00e9quences jusqu&rsquo;\u00e0 aujourd&rsquo;hui. C&rsquo;est comme si l&rsquo;espace urbain avait un inconscient et quand notre inconscient, tous les jours, voit ces images-l\u00e0, forc\u00e9ment, elles rentrent \u00e0 l&rsquo;int\u00e9rieur de nous au bout d&rsquo;un moment\u00a0\u00bb.<\/p>\n<p>Pauline est venue participer \u00e0 la balade, elle trouve ce savoir pr\u00e9cieux : \u00ab Je pense que c&rsquo;est hyper important d&rsquo;avoir acc\u00e8s \u00e0 sa visite pour red\u00e9couvrir d&rsquo;une certaine mani\u00e8re ma ville dans laquelle je suis n\u00e9e et j&rsquo;ai grandi. D\u00e9couvrir sa partie historique. Comme elle le dit, des faits ont \u00e9t\u00e9 invisibilis\u00e9s \u00bb.<\/p>\n<p>Pour Mariam Benbakkar, tout le monde est concern\u00e9 de pr\u00e8s ou de loin par l\u2019histoire de la France et de ses colonies, et le sujet est toujours d&rsquo;actualit\u00e9.<\/p>\n<p class=\"a-read-more\">\u00c0 lire aussi<a href=\"https:\/\/www.rfi.fr\/fr\/podcasts\/afrique-m\u00e9moires-d-un-continent\/20250516-devoir-de-m\u00e9moire-la-france-face-aux-crimes-coloniaux-au-cameroun\" target=\"_self\" class=\"a-read-more__link\" rel=\"noopener\">Devoir de m\u00e9moire: la France face aux crimes coloniaux au Cameroun<\/a><\/p>\n","protected":false},"excerpt":{"rendered":"\u00c0 Marseille, dans le sud de la France, l\u2019artiste Mariam Benbakkar, fondatrice de l\u2019association Filles de bl\u00e9dards, propose&hellip;\n","protected":false},"author":2,"featured_media":238718,"comment_status":"","ping_status":"","sticky":false,"template":"","format":"standard","meta":{"footnotes":""},"categories":[2814],"tags":[1111,11,1777,674,1011,27,937,884,12,882,5920,25],"class_list":{"0":"post-238717","1":"post","2":"type-post","3":"status-publish","4":"format-standard","5":"has-post-thumbnail","7":"category-marseille","8":"tag-actu","9":"tag-actualites","10":"tag-eu","11":"tag-europe","12":"tag-fr","13":"tag-france","14":"tag-histoire","15":"tag-marseille","16":"tag-news","17":"tag-provence-alpes-cote-dazur","18":"tag-reportage-france","19":"tag-republique-francaise"},"share_on_mastodon":{"url":"https:\/\/pubeurope.com\/@fr\/114825819782145603","error":""},"_links":{"self":[{"href":"https:\/\/www.europesays.com\/fr\/wp-json\/wp\/v2\/posts\/238717","targetHints":{"allow":["GET"]}}],"collection":[{"href":"https:\/\/www.europesays.com\/fr\/wp-json\/wp\/v2\/posts"}],"about":[{"href":"https:\/\/www.europesays.com\/fr\/wp-json\/wp\/v2\/types\/post"}],"author":[{"embeddable":true,"href":"https:\/\/www.europesays.com\/fr\/wp-json\/wp\/v2\/users\/2"}],"replies":[{"embeddable":true,"href":"https:\/\/www.europesays.com\/fr\/wp-json\/wp\/v2\/comments?post=238717"}],"version-history":[{"count":0,"href":"https:\/\/www.europesays.com\/fr\/wp-json\/wp\/v2\/posts\/238717\/revisions"}],"wp:featuredmedia":[{"embeddable":true,"href":"https:\/\/www.europesays.com\/fr\/wp-json\/wp\/v2\/media\/238718"}],"wp:attachment":[{"href":"https:\/\/www.europesays.com\/fr\/wp-json\/wp\/v2\/media?parent=238717"}],"wp:term":[{"taxonomy":"category","embeddable":true,"href":"https:\/\/www.europesays.com\/fr\/wp-json\/wp\/v2\/categories?post=238717"},{"taxonomy":"post_tag","embeddable":true,"href":"https:\/\/www.europesays.com\/fr\/wp-json\/wp\/v2\/tags?post=238717"}],"curies":[{"name":"wp","href":"https:\/\/api.w.org\/{rel}","templated":true}]}}