{"id":238719,"date":"2025-07-09T23:15:10","date_gmt":"2025-07-09T23:15:10","guid":{"rendered":"https:\/\/www.europesays.com\/fr\/238719\/"},"modified":"2025-07-09T23:15:10","modified_gmt":"2025-07-09T23:15:10","slug":"previsions-du-jeudi-10-juillet-2025-3","status":"publish","type":"post","link":"https:\/\/www.europesays.com\/fr\/238719\/","title":{"rendered":"pr\u00e9visions du jeudi 10 juillet 2025"},"content":{"rendered":"<p>Un bel ensoleillement est pr\u00e9vu aujourd&rsquo;hui \u00e0 Lyon. Il va faire en moyenne 20\u00b0C. Un l\u00e9ger vent de nord-ouest soufflera. Il fera 21\u00b0C en moyenne le matin. Les temp\u00e9ratures vont enregistrer une augmentation de plusieurs degr\u00e9s lors de l&rsquo;apr\u00e8s-midi. Les maximales pourront atteindre 28\u00b0C alors que les minimales seront de 26\u00b0C. Le soir, on pr\u00e9voit des temp\u00e9ratures d&rsquo;environ 23\u00b0C. Une nuit claire vous attendra entre jeudi et vendredi.<\/p>\n<p>C&rsquo;est un soleil splendide qui va se montrer demain sur Lyon. Le temps va se r\u00e9chauffer avec une hausse de quelques degr\u00e9s. Les valeurs maximales pr\u00e9vues sont \u00e9lev\u00e9es, avec 30\u00b0C. Le mercure affichera 22\u00b0C en moyenne. Un vent de nord-ouest rafra\u00eechira quelque peu l&rsquo;atmosph\u00e8re. Demain apr\u00e8s-midi, c&rsquo;est une hausse de plusieurs degr\u00e9s que vont conna\u00eetre les temp\u00e9ratures. La ville va conna\u00eetre une vague de fortes chaleurs avec des temp\u00e9ratures qui rejoindront parfois les 30\u00b0C. Les valeurs s&rsquo;\u00e9chelonneront entre 28\u00b0C et 30\u00b0C. Dans la soir\u00e9e, les temp\u00e9ratures seront de 25\u00b0C.<\/p>\n<p>Pour les jours qui suivent, la m\u00e9t\u00e9o ne changera pas. Il fera 33\u00b0C en moyenne pour des journ\u00e9es avec un ciel ensoleill\u00e9.<\/p>\n<p><\/p>\n","protected":false},"excerpt":{"rendered":"Un bel ensoleillement est pr\u00e9vu aujourd&rsquo;hui \u00e0 Lyon. Il va faire en moyenne 20\u00b0C. Un l\u00e9ger vent de&hellip;\n","protected":false},"author":2,"featured_media":238720,"comment_status":"","ping_status":"","sticky":false,"template":"","format":"standard","meta":{"footnotes":""},"categories":[1889],"tags":[1111,11,2430,1777,674,1011,27,2428,12,2119,25,2429,2431],"class_list":{"0":"post-238719","1":"post","2":"type-post","3":"status-publish","4":"format-standard","5":"has-post-thumbnail","7":"category-lyon","8":"tag-actu","9":"tag-actualites","10":"tag-auvergne-rhone-alpes","11":"tag-eu","12":"tag-europe","13":"tag-fr","14":"tag-france","15":"tag-lyon","16":"tag-news","17":"tag-previsions-meteo","18":"tag-republique-francaise","19":"tag-rhone","20":"tag-rhone-alpes"},"share_on_mastodon":{"url":"https:\/\/pubeurope.com\/@fr\/114825823751390618","error":""},"_links":{"self":[{"href":"https:\/\/www.europesays.com\/fr\/wp-json\/wp\/v2\/posts\/238719","targetHints":{"allow":["GET"]}}],"collection":[{"href":"https:\/\/www.europesays.com\/fr\/wp-json\/wp\/v2\/posts"}],"about":[{"href":"https:\/\/www.europesays.com\/fr\/wp-json\/wp\/v2\/types\/post"}],"author":[{"embeddable":true,"href":"https:\/\/www.europesays.com\/fr\/wp-json\/wp\/v2\/users\/2"}],"replies":[{"embeddable":true,"href":"https:\/\/www.europesays.com\/fr\/wp-json\/wp\/v2\/comments?post=238719"}],"version-history":[{"count":0,"href":"https:\/\/www.europesays.com\/fr\/wp-json\/wp\/v2\/posts\/238719\/revisions"}],"wp:featuredmedia":[{"embeddable":true,"href":"https:\/\/www.europesays.com\/fr\/wp-json\/wp\/v2\/media\/238720"}],"wp:attachment":[{"href":"https:\/\/www.europesays.com\/fr\/wp-json\/wp\/v2\/media?parent=238719"}],"wp:term":[{"taxonomy":"category","embeddable":true,"href":"https:\/\/www.europesays.com\/fr\/wp-json\/wp\/v2\/categories?post=238719"},{"taxonomy":"post_tag","embeddable":true,"href":"https:\/\/www.europesays.com\/fr\/wp-json\/wp\/v2\/tags?post=238719"}],"curies":[{"name":"wp","href":"https:\/\/api.w.org\/{rel}","templated":true}]}}