{"id":238723,"date":"2025-07-09T23:18:18","date_gmt":"2025-07-09T23:18:18","guid":{"rendered":"https:\/\/www.europesays.com\/fr\/238723\/"},"modified":"2025-07-09T23:18:18","modified_gmt":"2025-07-09T23:18:18","slug":"accessibilite-et-inclusion-en-ile-de-france-les-avancees-et-ce-quil-reste-a-faire","status":"publish","type":"post","link":"https:\/\/www.europesays.com\/fr\/238723\/","title":{"rendered":"Accessibilit\u00e9 et inclusion en \u00cele-de-France : les avanc\u00e9es\u200b et ce qu&rsquo;il reste \u00e0 faire"},"content":{"rendered":"<p>Alors que l\u2019\u00cele-de-France s\u2019est positionn\u00e9e comme moteur national en mati\u00e8re d\u2019accessibilit\u00e9, notamment avec l\u2019accueil des Jeux Olympiques et Paralympiques (JOP) de Paris 2024, qu\u2019en est-il r\u00e9ellement du terrain ? <\/p>\n<p>Si les chiffres affich\u00e9s sont impressionnants, ils masquent parfois des retards structurels.<\/p>\n<p><strong>Tour d\u2019horizon d\u2019une r\u00e9gion en transition, entre ambitions politiques et attentes citoyennes.<\/strong><\/p>\n<p>Inclusion : o\u00f9 en est la r\u00e9gion dans ses engagements sociaux ?<\/p>\n<p>La r\u00e9gion \u00cele-de-France a fait du handicap sa <strong>Grande Cause r\u00e9gionale 2024<\/strong>, avec un investissement de <strong>124 millions d\u2019euros<\/strong>, d\u00e9di\u00e9 \u00e0 des actions dans les domaines de l\u2019emploi, du logement, du sport ou encore de la culture.<\/p>\n<p>Autre levier d\u2019action, le <strong><a href=\"https:\/\/www.iledefrance.ars.sante.fr\/plan-inclusif-2030-developpement-de-solutions-inclusives-pour-les-personnes-en-situation-de\" target=\"_blank\" rel=\"noreferrer noopener nofollow\">Plan Inclus\u2019IF 2030<\/a><\/strong>, port\u00e9 par l\u2019Agence R\u00e9gionale de Sant\u00e9 \u00cele-de-France et la R\u00e9gion. Ce programme a permis le financement de <strong>plus de 3 000 solutions concr\u00e8tes d\u2019accompagnement<\/strong> entre 2020 et 2024.<\/p>\n<p>Cependant, peu d\u2019indicateurs permettent aujourd\u2019hui d\u2019\u00e9valuer concr\u00e8tement l\u2019impact de ces dispositifs \u00e0 l\u2019\u00e9chelle des 8 d\u00e9partements franciliens. Beaucoup de familles et d\u2019associations d\u00e9plorent encore des d\u00e9lais d\u2019orientation vers des structures adapt\u00e9es, des listes d\u2019attente en IME, ou encore des difficult\u00e9s d\u2019acc\u00e8s au logement adapt\u00e9.<\/p>\n<p>Transports en commun : une accessibilit\u00e9 en nette am\u00e9lioration, mais encore incompl\u00e8te<\/p>\n<p>Nous sommes partis d\u2019une page du magazine de la ville de Paris \u201c<strong>2016 \u2013 2025 : la r\u00e9volution des transports \u00e0 Paris\u201d<\/strong>, \u00e9dition 2025.<\/p>\n<p>L\u2019accessibilit\u00e9 dans les transports franciliens est pr\u00e9sent\u00e9e comme un enjeu majeur. D\u2019apr\u00e8s \u00cele-de-France Mobilit\u00e9s, <strong>100 % des lignes de bus<\/strong> \u00e0 Paris sont accessibles depuis 2010, tout comme <strong>les 10 lignes de tramway urbain (199 stations)<\/strong>.<\/p>\n<p><img fetchpriority=\"high\" decoding=\"async\" width=\"550\" height=\"778\" src=\"https:\/\/www.europesays.com\/fr\/wp-content\/uploads\/2025\/07\/Capture-decran-2025-04-18-081913.png\" alt=\"\" class=\"wp-image-72788\" style=\"width:516px;height:auto\"  \/><strong>2016 \u2013 2025 : la r\u00e9volution des transports \u00e0 Paris<\/strong> \u2013 magazine Ville de Paris 2025<\/p>\n<p>Toujours selon cette m\u00eame <a href=\"https:\/\/portail-idfm.cdn.prismic.io\/portail-idfm\/Z_5pMOvxEdbNPEt8_IDFM_A4_75_Fiches-Departementales-2025_150425.pdf\" target=\"_blank\" rel=\"noreferrer noopener nofollow\">brochure<\/a>, <strong>216 ascenseurs<\/strong> et <strong>793 escaliers m\u00e9caniques<\/strong> \u00e9quipent actuellement le r\u00e9seau m\u00e9tro, <strong>100 % des tramways et bus<\/strong> disposent d\u2019annonces visuelles et sonores et <strong>300 gares<\/strong> sont d\u00e9sormais accessibles \u00e0 tous types de handicaps.<\/p>\n<p>Une avanc\u00e9e majeure concerne <strong>la ligne 14 du m\u00e9tro parisien<\/strong>, devenue <strong>la premi\u00e8re ligne 100 % accessible<\/strong> d\u2019un bout \u00e0 l\u2019autre.<\/p>\n<p><strong>Cependant, la plupart du m\u00e9tro historique parisien reste inaccessible<\/strong>. Seules 29 stations r\u00e9parties sur les lignes du m\u00e9tro 11 et 14 sont aujourd\u2019hui accessibles. Rappelons que l\u2019ensemble du r\u00e9seau comporte 16 lignes pour un total de 308 stations desservies. Le projet \u00ab <a href=\"https:\/\/www.iledefrance.fr\/presse\/un-metro-pour-tous-la-region-ile-de-france-sengage-pour-la-mise-en-accessibilite-du-reseau-du-metro-historique\" target=\"_blank\" rel=\"noreferrer noopener nofollow\">M\u00e9tro pour tous <\/a>\u00bb, lanc\u00e9 \u00e0 l\u2019\u00e9t\u00e9 2024, ambitionne une mise en accessibilit\u00e9 progressive du r\u00e9seau \u00e0 l\u2019horizon <strong>2045<\/strong>, pour un co\u00fbt estim\u00e9 entre 15 et 20 milliards d\u2019euros.<\/p>\n<p><strong>Consultez \u00e9galement <a href=\"https:\/\/handinova.fr\/train-et-mobilite-en-france-vers-une-accessibilite-pour-tous\/\" rel=\"nofollow noopener\" target=\"_blank\">notre article d\u00e9taillant l\u2019accessibilit\u00e9 en train et la mobilit\u00e9 dans toute la France France<\/a><\/strong><\/p>\n<p>L\u2019h\u00e9ritage des Jeux Olympiques et Paralympiques de Paris 2024 : un catalyseur \u00e0 surveiller<\/p>\n<p>Les JOP ont \u00e9t\u00e9 pr\u00e9sent\u00e9s comme un acc\u00e9l\u00e9rateur d\u2019accessibilit\u00e9, en particulier dans les villes accueillant les comp\u00e9titions. De nombreux b\u00e2timents ont \u00e9t\u00e9 mis aux normes, et les transports \u00e0 proximit\u00e9 des sites ont \u00e9t\u00e9 renforc\u00e9s en accessibilit\u00e9. Le <strong><a href=\"https:\/\/seinesaintdenis.fr\/IMG\/pdf\/brochure_prisme_vdef.pdf\" target=\"_blank\" rel=\"noreferrer noopener nofollow\">projet Prisme<\/a><\/strong> \u00e0 Bobigny (Seine-Saint-Denis), qui se veut un futur mod\u00e8le d\u2019inclusion sportive, en est un exemple embl\u00e9matique.<\/p>\n<p>Mais l\u2019h\u00e9ritage des Jeux suscite aussi des inqui\u00e9tudes.<strong> <\/strong>Certaines infrastructures temporaires ont \u00e9t\u00e9 d\u00e9mantel\u00e9es. Si l\u2019h\u00e9ritage paralympique est r\u00e9el, il ne ne masque pas les limites pour autant\u202f. L\u2019accessibilit\u00e9 des sites temporaires ne garantit pas celle de l\u2019ensemble du territoire. Sur les r\u00e9seaux sociaux, les t\u00e9moignages de probl\u00e8mes d\u2019accessibilit\u00e9 et d\u2019inclusion sont encore trop pr\u00e9sents. <\/p>\n<p><strong>Consultez aussi : <a href=\"https:\/\/handinova.fr\/jeux-olympiques-et-paralympiques-de-paris-2024-un-heritage-durable-pour-laccessibilite-et-linclusivite\/\" target=\"_blank\" rel=\"noreferrer noopener nofollow\">L\u2019h\u00e9ritage des jeux olympiques et Paralympiques pour l\u2019accessibilit\u00e9 et l\u2019inclusion<\/a><\/strong><\/p>\n<p>Vers une r\u00e9gion inclusive\u2026 mais \u00e0 g\u00e9om\u00e9trie variable<\/p>\n<p>Si l\u2019on s\u2019en tient aux chiffres, la dynamique est ind\u00e9niable. Mais une lecture critique fait appara\u00eetre de fortes <strong>disparit\u00e9s entre les d\u00e9partements<\/strong> de Seine-Saint-Denis et de Paris, et entre les types de handicaps pris en compte (mobilit\u00e9 contre troubles cognitifs, par exemple).<\/p>\n<p>De nombreux acteurs associatifs tels que <a href=\"https:\/\/www.collectif-handicap.fr\/\" target=\"_blank\" rel=\"noreferrer noopener nofollow\">Collectif Handicaps<\/a>, <a href=\"https:\/\/www.apf-francehandicap.org\/\" target=\"_blank\" rel=\"noreferrer noopener nofollow\">APF France Handicap<\/a> mais aussi <a href=\"https:\/\/www.apajh.org\/#\/\" target=\"_blank\" rel=\"noreferrer noopener nofollow\">l\u2019Association pour adultes et jeunes handicap\u00e9s (Apajh)<\/a> ont exprim\u00e9 des pr\u00e9occupations concernant l\u2019accessibilit\u00e9 et l\u2019inclusion en \u00cele-de-France. Elles appellent \u00e0 un meilleur suivi des indicateurs d\u2019impact, \u00e0 une gouvernance plus participative et \u00e0 un engagement durable au-del\u00e0 des \u00e9v\u00e9nements ponctuels.\u200b<\/p>\n","protected":false},"excerpt":{"rendered":"Alors que l\u2019\u00cele-de-France s\u2019est positionn\u00e9e comme moteur national en mati\u00e8re d\u2019accessibilit\u00e9, notamment avec l\u2019accueil des Jeux Olympiques et&hellip;\n","protected":false},"author":2,"featured_media":238724,"comment_status":"","ping_status":"","sticky":false,"template":"","format":"standard","meta":{"footnotes":""},"categories":[1592],"tags":[1111,11,1777,674,1011,27,662,12,626,5714,25],"class_list":{"0":"post-238723","1":"post","2":"type-post","3":"status-publish","4":"format-standard","5":"has-post-thumbnail","7":"category-ile-de-france","8":"tag-actu","9":"tag-actualites","10":"tag-eu","11":"tag-europe","12":"tag-fr","13":"tag-france","14":"tag-ile-de-france","15":"tag-news","16":"tag-paris","17":"tag-pub","18":"tag-republique-francaise"},"share_on_mastodon":{"url":"https:\/\/pubeurope.com\/@fr\/114825836113272904","error":""},"_links":{"self":[{"href":"https:\/\/www.europesays.com\/fr\/wp-json\/wp\/v2\/posts\/238723","targetHints":{"allow":["GET"]}}],"collection":[{"href":"https:\/\/www.europesays.com\/fr\/wp-json\/wp\/v2\/posts"}],"about":[{"href":"https:\/\/www.europesays.com\/fr\/wp-json\/wp\/v2\/types\/post"}],"author":[{"embeddable":true,"href":"https:\/\/www.europesays.com\/fr\/wp-json\/wp\/v2\/users\/2"}],"replies":[{"embeddable":true,"href":"https:\/\/www.europesays.com\/fr\/wp-json\/wp\/v2\/comments?post=238723"}],"version-history":[{"count":0,"href":"https:\/\/www.europesays.com\/fr\/wp-json\/wp\/v2\/posts\/238723\/revisions"}],"wp:featuredmedia":[{"embeddable":true,"href":"https:\/\/www.europesays.com\/fr\/wp-json\/wp\/v2\/media\/238724"}],"wp:attachment":[{"href":"https:\/\/www.europesays.com\/fr\/wp-json\/wp\/v2\/media?parent=238723"}],"wp:term":[{"taxonomy":"category","embeddable":true,"href":"https:\/\/www.europesays.com\/fr\/wp-json\/wp\/v2\/categories?post=238723"},{"taxonomy":"post_tag","embeddable":true,"href":"https:\/\/www.europesays.com\/fr\/wp-json\/wp\/v2\/tags?post=238723"}],"curies":[{"name":"wp","href":"https:\/\/api.w.org\/{rel}","templated":true}]}}