{"id":238725,"date":"2025-07-09T23:19:11","date_gmt":"2025-07-09T23:19:11","guid":{"rendered":"https:\/\/www.europesays.com\/fr\/238725\/"},"modified":"2025-07-09T23:19:11","modified_gmt":"2025-07-09T23:19:11","slug":"sans-elle-ca-naurait-pas-ete-possible-michele-kang-la-nouvelle-patronne-de-lol-qui-a-sauve-le-club","status":"publish","type":"post","link":"https:\/\/www.europesays.com\/fr\/238725\/","title":{"rendered":"\u00ab\u00a0Sans elle, \u00e7a n\u2019aurait pas \u00e9t\u00e9 possible\u00a0\u00bb\u00a0: Michele Kang, la nouvelle patronne de l\u2019OL qui a sauv\u00e9 le club"},"content":{"rendered":"<p class=\"paragraph text_align_left lp-f-body-02\">Le sourire est l\u00e9ger, mais respire la satisfaction. <a href=\"https:\/\/www.leparisien.fr\/sports\/football\/ligue-1\/milliardaire-et-mecene-du-sport-feminin-qui-est-michele-kang-nouvelle-presidente-de-lol-30-06-2025-ROIESK2JV5CX3BAGQTTHCVB6AE.php\" target=\"_blank\" rel=\"noreferrer nofollow noopener\">Michele Kang<\/a> tient ce mercredi soir sa premi\u00e8re conf\u00e9rence de presse en tant que pr\u00e9sidente de l\u2019OL. Un club qui depuis quelques heures est de nouveau officiellement parmi <a href=\"https:\/\/www.leparisien.fr\/sports\/football\/ligue-1\/football-lyon-finalement-maintenu-en-ligue-1-apres-son-appel-devant-la-dncg-09-07-2025-OLZKJGOEYVD5HECPMITGUJDIBE.php\" target=\"_blank\" rel=\"noreferrer nofollow noopener\">les 18 autoris\u00e9s \u00e0 s\u2019aligner en Ligue 1<\/a> la saison prochaine. Maintenu dans l\u2019\u00e9lite par la commission d\u2019appel de la Direction nationale du contr\u00f4le de gestion (DNCG) apr\u00e8s <a href=\"https:\/\/www.leparisien.fr\/sports\/football\/ligue-1\/football-coup-de-tonnerre-lolympique-lyonnais-relegue-en-ligue-2-par-la-dncg-24-06-2025-RFBIOIV4XNCS3HKSY5MDJIEQPY.php\" target=\"_blank\" rel=\"noreferrer nofollow noopener\">avoir \u00e9t\u00e9 r\u00e9trograd\u00e9 en Ligue 2 le 24 juin<\/a>, le septuple champion de France a eu tr\u00e8s chaud. Et \u00e0 d\u00e9faut d\u2019avoir des perspectives claires, tient au moins sa figure de sauveuse en la personne de la milliardaire am\u00e9ricaine.<\/p>\n<p class=\"paragraph text_align_left lp-f-body-02\"><a href=\"https:\/\/www.leparisien.fr\/sports\/football\/ligue-1\/lyon-demission-de-john-textor-lamericaine-michelle-kang-nommee-presidente-de-lol-30-06-2025-HMXX4TKA7BED7HYOFAVWVXNQ34.php\" target=\"_blank\" rel=\"noreferrer nofollow noopener\">Nomm\u00e9e pr\u00e9sidente le 30 juin<\/a> apr\u00e8s la d\u00e9mission forc\u00e9e de son compatriote John Textor, celle arriv\u00e9e dans le Rh\u00f4ne en 2023 comme propri\u00e9taire de la section f\u00e9minine a su trouver les arguments, et surtout pr\u00e9senter les garanties financi\u00e8res, lors du deuxi\u00e8me passage devant le gendarme financier du foot hexagonal.<\/p>\n","protected":false},"excerpt":{"rendered":"Le sourire est l\u00e9ger, mais respire la satisfaction. Michele Kang tient ce mercredi soir sa premi\u00e8re conf\u00e9rence de&hellip;\n","protected":false},"author":2,"featured_media":238726,"comment_status":"","ping_status":"","sticky":false,"template":"","format":"standard","meta":{"footnotes":""},"categories":[1888],"tags":[1111,1928,11,1927,1777,674,63,1011,27,66,12,1926,626,1925,25,60],"class_list":{"0":"post-238725","1":"post","2":"type-post","3":"status-publish","4":"format-standard","5":"has-post-thumbnail","7":"category-paris","8":"tag-actu","9":"tag-actu-paris","10":"tag-actualites","11":"tag-actualites-paris","12":"tag-eu","13":"tag-europe","14":"tag-football","15":"tag-fr","16":"tag-france","17":"tag-ligue-1","18":"tag-news","19":"tag-news-paris","20":"tag-paris","21":"tag-paris-news","22":"tag-republique-francaise","23":"tag-sports"},"share_on_mastodon":{"url":"https:\/\/pubeurope.com\/@fr\/114825839843245977","error":""},"_links":{"self":[{"href":"https:\/\/www.europesays.com\/fr\/wp-json\/wp\/v2\/posts\/238725","targetHints":{"allow":["GET"]}}],"collection":[{"href":"https:\/\/www.europesays.com\/fr\/wp-json\/wp\/v2\/posts"}],"about":[{"href":"https:\/\/www.europesays.com\/fr\/wp-json\/wp\/v2\/types\/post"}],"author":[{"embeddable":true,"href":"https:\/\/www.europesays.com\/fr\/wp-json\/wp\/v2\/users\/2"}],"replies":[{"embeddable":true,"href":"https:\/\/www.europesays.com\/fr\/wp-json\/wp\/v2\/comments?post=238725"}],"version-history":[{"count":0,"href":"https:\/\/www.europesays.com\/fr\/wp-json\/wp\/v2\/posts\/238725\/revisions"}],"wp:featuredmedia":[{"embeddable":true,"href":"https:\/\/www.europesays.com\/fr\/wp-json\/wp\/v2\/media\/238726"}],"wp:attachment":[{"href":"https:\/\/www.europesays.com\/fr\/wp-json\/wp\/v2\/media?parent=238725"}],"wp:term":[{"taxonomy":"category","embeddable":true,"href":"https:\/\/www.europesays.com\/fr\/wp-json\/wp\/v2\/categories?post=238725"},{"taxonomy":"post_tag","embeddable":true,"href":"https:\/\/www.europesays.com\/fr\/wp-json\/wp\/v2\/tags?post=238725"}],"curies":[{"name":"wp","href":"https:\/\/api.w.org\/{rel}","templated":true}]}}