{"id":238729,"date":"2025-07-09T23:21:10","date_gmt":"2025-07-09T23:21:10","guid":{"rendered":"https:\/\/www.europesays.com\/fr\/238729\/"},"modified":"2025-07-09T23:21:10","modified_gmt":"2025-07-09T23:21:10","slug":"previsions-du-jeudi-10-juillet-2025-4","status":"publish","type":"post","link":"https:\/\/www.europesays.com\/fr\/238729\/","title":{"rendered":"pr\u00e9visions du jeudi 10 juillet 2025"},"content":{"rendered":"<p>La journ\u00e9e qui s&rsquo;annonce \u00e0 Paris, promet d&rsquo;\u00eatre belle et ensoleill\u00e9e ! Les temp\u00e9ratures s&rsquo;\u00e9chelonneront entre 15 et 29\u00b0C. Un vent de nord-est soufflera l\u00e9g\u00e8rement, avec 9 km\/h. L&rsquo;air ambiant va se r\u00e9chauffer l&rsquo;apr\u00e8s-midi avec une hausse de plusieurs degr\u00e9s. Les valeurs afficheront entre 28 et 29\u00b0C. Les temp\u00e9ratures seront de 26\u00b0C au cours de la soir\u00e9e. Durant votre sommeil, dans la nuit de jeudi \u00e0 vendredi, le ciel sera clair.<\/p>\n<p>Demain, un important soleil brillera sur Paris. C&rsquo;est une hausse de quelques degr\u00e9s que vont enregistrer les temp\u00e9ratures. L&rsquo;\u00e9pisode de fortes chaleurs est bien l\u00e0, avec des valeurs qui risqueront d&rsquo;aller \u00e0 31\u00b0C. Les temp\u00e9ratures seront comprises entre 17 et 31\u00b0C. Une petite brise de nord-est sera ressentie par les habitants. Le matin, on pr\u00e9voit des valeurs d&rsquo;environ 24\u00b0C. Les temp\u00e9ratures vont conna\u00eetre une augmentation de plusieurs degr\u00e9s dans l&rsquo;apr\u00e8s-midi. Les valeurs maximales attendues sont \u00e9lev\u00e9es, avec 31\u00b0C. Les valeurs s&rsquo;\u00e9chelonneront de 29 \u00e0 31\u00b0C.<\/p>\n<p>Pour la suite, la m\u00e9t\u00e9o ne bougera pas. Il va faire un temps relativement ensoleill\u00e9 avec des temp\u00e9ratures avoisinant 32\u00b0C.<\/p>\n<p><\/p>\n","protected":false},"excerpt":{"rendered":"La journ\u00e9e qui s&rsquo;annonce \u00e0 Paris, promet d&rsquo;\u00eatre belle et ensoleill\u00e9e ! Les temp\u00e9ratures s&rsquo;\u00e9chelonneront entre 15 et&hellip;\n","protected":false},"author":2,"featured_media":238730,"comment_status":"","ping_status":"","sticky":false,"template":"","format":"standard","meta":{"footnotes":""},"categories":[1888],"tags":[11,1777,674,1011,27,662,12,626,2119,25],"class_list":{"0":"post-238729","1":"post","2":"type-post","3":"status-publish","4":"format-standard","5":"has-post-thumbnail","7":"category-paris","8":"tag-actualites","9":"tag-eu","10":"tag-europe","11":"tag-fr","12":"tag-france","13":"tag-ile-de-france","14":"tag-news","15":"tag-paris","16":"tag-previsions-meteo","17":"tag-republique-francaise"},"share_on_mastodon":{"url":"https:\/\/pubeurope.com\/@fr\/114825847663001673","error":""},"_links":{"self":[{"href":"https:\/\/www.europesays.com\/fr\/wp-json\/wp\/v2\/posts\/238729","targetHints":{"allow":["GET"]}}],"collection":[{"href":"https:\/\/www.europesays.com\/fr\/wp-json\/wp\/v2\/posts"}],"about":[{"href":"https:\/\/www.europesays.com\/fr\/wp-json\/wp\/v2\/types\/post"}],"author":[{"embeddable":true,"href":"https:\/\/www.europesays.com\/fr\/wp-json\/wp\/v2\/users\/2"}],"replies":[{"embeddable":true,"href":"https:\/\/www.europesays.com\/fr\/wp-json\/wp\/v2\/comments?post=238729"}],"version-history":[{"count":0,"href":"https:\/\/www.europesays.com\/fr\/wp-json\/wp\/v2\/posts\/238729\/revisions"}],"wp:featuredmedia":[{"embeddable":true,"href":"https:\/\/www.europesays.com\/fr\/wp-json\/wp\/v2\/media\/238730"}],"wp:attachment":[{"href":"https:\/\/www.europesays.com\/fr\/wp-json\/wp\/v2\/media?parent=238729"}],"wp:term":[{"taxonomy":"category","embeddable":true,"href":"https:\/\/www.europesays.com\/fr\/wp-json\/wp\/v2\/categories?post=238729"},{"taxonomy":"post_tag","embeddable":true,"href":"https:\/\/www.europesays.com\/fr\/wp-json\/wp\/v2\/tags?post=238729"}],"curies":[{"name":"wp","href":"https:\/\/api.w.org\/{rel}","templated":true}]}}