{"id":238733,"date":"2025-07-09T23:23:10","date_gmt":"2025-07-09T23:23:10","guid":{"rendered":"https:\/\/www.europesays.com\/fr\/238733\/"},"modified":"2025-07-09T23:23:10","modified_gmt":"2025-07-09T23:23:10","slug":"la-france-et-le-royaume-uni-renforcent-leur-coordination-face-a-la-menace-russe","status":"publish","type":"post","link":"https:\/\/www.europesays.com\/fr\/238733\/","title":{"rendered":"la France et le Royaume-Uni renforcent leur coordination face \u00e0 la menace russe"},"content":{"rendered":"<p>Le pr\u00e9sident fran\u00e7ais Emmanuel Macron et le premier ministre britannique Keir Starmer annoncent une coop\u00e9ration accrue dans le domaine militaire entre leurs deux pays.<\/p>\n<p class=\"fig-paragraph\">Face aux\u00a0<a href=\"http:\/\/www.lefigaro.fr\/international\/apres-l-ukraine-les-militaires-europeens-se-preparent-a-une-confrontation-de-long-terme-avec-la-russie-20250330\" data-fig-type=\"Article\" data-gtm-custom-categorie=\"navigation\" data-gtm-custom-action=\"crossclick\" data-gtm-custom-label=\"Contextuel\" data-gtm-event=\"customEventSPE\" data-fig-domain=\"LEFIGARO\" rel=\"nofollow noopener\" target=\"_blank\">menaces<\/a>, la France et le Royaume-Uni vont accro\u00eetre leur coop\u00e9ration militaire. \u00c0 l\u2019occasion du\u00a0<a href=\"http:\/\/www.lefigaro.fr\/international\/emmanuel-macron-au-royaume-uni-pour-une-visite-hautement-symbolique-20250707\" data-fig-type=\"Article\" data-gtm-custom-categorie=\"navigation\" data-gtm-custom-action=\"crossclick\" data-gtm-custom-label=\"Contextuel\" data-gtm-event=\"customEventSPE\" data-fig-domain=\"LEFIGARO\" rel=\"nofollow noopener\" target=\"_blank\">d\u00e9placement\u00a0<\/a>du pr\u00e9sident de la R\u00e9publique Emmanuel Macron en Grande-Bretagne, les deux principales puissances du continent europ\u00e9en ont d\u00e9cid\u00e9 de renforcer leurs liens en mati\u00e8re de dissuasion nucl\u00e9aire, de capacit\u00e9s conventionnelles et de coop\u00e9ration industrielle de d\u00e9fense. \u00ab De la guerre en Europe aux nouveaux risques nucl\u00e9aires en passant par les cyberattaques quotidiennes, les menaces auxquelles nous sommes confront\u00e9s se multiplient\u00a0\u00bb, a comment\u00e9 le premier ministre Keir Starmer dans un communiqu\u00e9. \u00ab En tant que partenaires proches et alli\u00e9s au sein de l\u2019OTAN, le Royaume-Uni et la France ont une longue histoire de coop\u00e9ration en mati\u00e8re de d\u00e9fense. Les accords conclus aujourd\u2019hui font passer notre partenariat \u00e0 un niveau sup\u00e9rieur\u00a0\u00bb, a-t-il ajout\u00e9. En parall\u00e8le, Emmanuel Macron accordait quelques confidences \u00e0 Paris Match sur la n\u00e9cessit\u00e9 de poursuivre \u00ab un d\u00e9bat strat\u00e9gique\u00a0\u00bb<\/p>\n<p class=\"fig-premium-paywall__infos\">\n        Cet article est r\u00e9serv\u00e9 aux abonn\u00e9s.        Il vous reste 81% \u00e0 d\u00e9couvrir.\n    <\/p>\n<p>                <img  data- alt=\"Le Figaro\" class=\"fig-img--complete fig-img\"\/><\/p>\n<p class=\"fig-premium-paywall__title\">Vous avez envie de lire la suite ?<\/p>\n<p class=\"fig-premium-paywall__subtitle\">D\u00e9bloquez tous les articles imm\u00e9diatement.<\/p>\n<p class=\"fig-premium-paywall__connect\">\n                D\u00e9j\u00e0 abonn\u00e9\u00a0?                <a class=\"fig-premium-paywall__connect-link\" href=\"https:\/\/connect.lefigaro.fr\/login?client=horizon_web&amp;type=main&amp;redirect_uri=https%3A%2F%2Fwww.lefigaro.fr%2Finternational%2Fdissuasion-la-france-et-le-royaume-uni-renforcent-leur-coordination-face-a-la-menace-russe-20250709\" data-js-gtm=\"{&quot;customCategorie&quot;: &quot;conversion&quot;, &quot;customAction&quot;: &quot;before_Landing_Connexion_paywall_auto&quot;, &quot;customLabel&quot;: &quot;bGVmaWdhcm8uZnJfXzFmMDVjZjMzLTIwMzMtNmQ1YS05NTBkLWZiMWZkN2VmZjJjN19fQXJ0aWNsZQ==_Dissuasion\u00a0: la France et le Royaume-Uni renforcent leur coordination face \u00e0 la menace russe_1000&quot;, &quot;customIDSPE&quot;: &quot;bGVmaWdhcm8uZnJfXzFmMDVjZjMzLTIwMzMtNmQ1YS05NTBkLWZiMWZkN2VmZjJjN19fQXJ0aWNsZQ==&quot;, &quot;event&quot;: &quot;customEventSPE&quot;}\" rel=\"nofollow noopener\" target=\"_blank\"><br \/>\n                    Connectez-vous<br \/>\n                <\/a>\n            <\/p>\n","protected":false},"excerpt":{"rendered":"Le pr\u00e9sident fran\u00e7ais Emmanuel Macron et le premier ministre britannique Keir Starmer annoncent une coop\u00e9ration accrue dans le&hellip;\n","protected":false},"author":2,"featured_media":238734,"comment_status":"","ping_status":"","sticky":false,"template":"","format":"standard","meta":{"footnotes":""},"categories":[1591],"tags":[11,554,1887,11514,12,1885,1886,132],"class_list":{"0":"post-238733","1":"post","2":"type-post","3":"status-publish","4":"format-standard","5":"has-post-thumbnail","7":"category-russie","8":"tag-actualites","9":"tag-defense","10":"tag-federation-de-russie","11":"tag-macron","12":"tag-news","13":"tag-russia","14":"tag-russian-federation","15":"tag-russie"},"share_on_mastodon":{"url":"https:\/\/pubeurope.com\/@fr\/114825855498063737","error":""},"_links":{"self":[{"href":"https:\/\/www.europesays.com\/fr\/wp-json\/wp\/v2\/posts\/238733","targetHints":{"allow":["GET"]}}],"collection":[{"href":"https:\/\/www.europesays.com\/fr\/wp-json\/wp\/v2\/posts"}],"about":[{"href":"https:\/\/www.europesays.com\/fr\/wp-json\/wp\/v2\/types\/post"}],"author":[{"embeddable":true,"href":"https:\/\/www.europesays.com\/fr\/wp-json\/wp\/v2\/users\/2"}],"replies":[{"embeddable":true,"href":"https:\/\/www.europesays.com\/fr\/wp-json\/wp\/v2\/comments?post=238733"}],"version-history":[{"count":0,"href":"https:\/\/www.europesays.com\/fr\/wp-json\/wp\/v2\/posts\/238733\/revisions"}],"wp:featuredmedia":[{"embeddable":true,"href":"https:\/\/www.europesays.com\/fr\/wp-json\/wp\/v2\/media\/238734"}],"wp:attachment":[{"href":"https:\/\/www.europesays.com\/fr\/wp-json\/wp\/v2\/media?parent=238733"}],"wp:term":[{"taxonomy":"category","embeddable":true,"href":"https:\/\/www.europesays.com\/fr\/wp-json\/wp\/v2\/categories?post=238733"},{"taxonomy":"post_tag","embeddable":true,"href":"https:\/\/www.europesays.com\/fr\/wp-json\/wp\/v2\/tags?post=238733"}],"curies":[{"name":"wp","href":"https:\/\/api.w.org\/{rel}","templated":true}]}}