{"id":238735,"date":"2025-07-09T23:24:10","date_gmt":"2025-07-09T23:24:10","guid":{"rendered":"https:\/\/www.europesays.com\/fr\/238735\/"},"modified":"2025-07-09T23:24:10","modified_gmt":"2025-07-09T23:24:10","slug":"des-entreprises-bulgares-soupconnees-de-participer-a-lentretien-dhelicopteres-russes","status":"publish","type":"post","link":"https:\/\/www.europesays.com\/fr\/238735\/","title":{"rendered":"Des entreprises bulgares soup\u00e7onn\u00e9es de participer \u00e0 l\u2019entretien d\u2019h\u00e9licopt\u00e8res russes"},"content":{"rendered":"\n<p>Sofia affirme ne disposer d\u2019\u201caucune information\u201d concernant la participation d\u2019entreprises bulgares \u00e0 la r\u00e9paration et \u00e0 l\u2019entretien d\u2019h\u00e9licopt\u00e8res militaires russes, a d\u00e9clar\u00e9 mardi 8\u00a0juillet le ministre de la D\u00e9fense, Atanas Zaprianov, <a class=\"ithalc\" data-ithal=\"lien_externe\" data-ithalc=\"[nav_article]\" target=\"_blank\" href=\"https:\/\/www.mediapool.bg\/mo-nyama-informatsiya-balgarski-zavodi-da-uchastvat-v-remonta-na-helikopteri-na-rusiya-news373089.html\" rel=\"noopener\">cit\u00e9 par le journal en ligne lib\u00e9ral <strong>Mediapool<\/strong><\/a><strong>.<\/strong><\/p>\n<p>Le ministre r\u00e9pondait ainsi \u00e0 la question d\u2019un d\u00e9put\u00e9 d\u2019opposition apr\u00e8s les r\u00e9v\u00e9lations, il y a moins d\u2019un mois, de deux groupes de lanceurs d\u2019alerte\u00a0: Militant Intelligence et Inform Napalm. Ce dernier se pr\u00e9sente comme un site de fact-checking contre les infox russes, fond\u00e9 par deux journalistes, ukrainien et g\u00e9orgien, avec l\u2019aide de trente \u201cvolontaires\u201d venus de dix pays. Leurs hackers auraient r\u00e9ussi \u00e0 s\u2019introduire dans les serveurs de la holding a\u00e9ronautique russe Vertolioty Rossii, g\u00e9rant entre autres la flotte d\u2019h\u00e9licopt\u00e8res de transport de troupes Mi-8, massivement utilis\u00e9s sur le terrain ukrainien. Le 12\u00a0juin, Inform Napalm a publi\u00e9 <a class=\"ithalc\" data-ithal=\"lien_externe\" data-ithalc=\"[nav_article]\" target=\"_blank\" href=\"https:\/\/t.me\/informnapalm\/25027\">sur le r\u00e9seau social Telegram<\/a> un \u00e9chantillon des documents obtenus.<\/p>\n<p>Les hackers auraient eu acc\u00e8s \u00e0 des contrats internationaux, des itin\u00e9raires de livraisons des pi\u00e8ces d\u00e9tach\u00e9es, des relev\u00e9s bancaires, des factures provenant de diff\u00e9rents pays, ainsi que des archives contenant la correspondance de la holding avec les ambassades et le minist\u00e8re russe de la D\u00e9fense, poursuit Mediapool. Des entreprises bulgares seraient concern\u00e9es, mais les lanceurs d\u2019alerte n\u2019ont pour l\u2019instant pas livr\u00e9 plus d\u2019information concernant leur nombre ou leur nom.<\/p>\n<p>                    L\u2019\u00c9gypte, \u201cprincipal centre logistique\u201d       <\/p>\n<p>Toujours selon ces documents, l\u2019\u00c9gypte serait l\u2019un des principaux centres logistiques pour la maintenance des h\u00e9licopt\u00e8res Mi-17V-5 \u2013 la version du Mi-8\u00a0destin\u00e9e \u00e0 l\u2019exportation. La Bulgarie serait le seul pays de l\u2019Union europ\u00e9enne \u00e0 avoir particip\u00e9 \u00e0 l\u2019entretien et \u00e0 la r\u00e9paration de ces appareils \u201cen tant que partenaire, aux cha\u00eenes d\u2019approvisionnement, aux autorisations d\u2019export et \u00e0 la logistique\u201d, indique l\u2019enqu\u00eate. Mais la Mac\u00e9doine du Nord, l\u2019Azerba\u00efdjan, l\u2019Inde, l\u2019Alg\u00e9rie et la Malaisie sont \u00e9galement mentionn\u00e9es.<\/p>\n<p>Selon Mediapool, la Bulgarie dispose elle-m\u00eame d\u2019une flotte de Mi-17, certes restreinte mais fonctionnelle. \u201cL\u2019industrie militaire bulgare est en mesure d\u2019assurer leur entretien et d\u2019effectuer certaines r\u00e9parations\u201d, poursuit le journal.<\/p>\n<p>Ainsi, en 2017, Moscou s\u2019\u00e9tait vant\u00e9 d\u2019\u00eatre sur le point de signer avec la Bulgarie, malgr\u00e9 les sanctions internationales \u00e0 la suite de l\u2019annexion de la <a href=\"https:\/\/www.courrierinternational.com\/sujet\/crimee\" target=\"_blank\" rel=\"noopener\">Crim\u00e9e<\/a>, un contrat d\u2019entretien de ses appareils Mi-17 et Mi-24, utilis\u00e9s notamment en Afghanistan. La rumeur avait alors couru que les Russes avaient pris langue avec l\u2019entreprise bulgare Avionams, li\u00e9e \u00e0 un sulfureux banquier en cavale, Tzvetan Vassilev. Mais Sofia n\u2019a pas confirm\u00e9 l\u2019information.<\/p>\n","protected":false},"excerpt":{"rendered":"Sofia affirme ne disposer d\u2019\u201caucune information\u201d concernant la participation d\u2019entreprises bulgares \u00e0 la r\u00e9paration et \u00e0 l\u2019entretien d\u2019h\u00e9licopt\u00e8res&hellip;\n","protected":false},"author":2,"featured_media":238736,"comment_status":"","ping_status":"","sticky":false,"template":"","format":"standard","meta":{"footnotes":""},"categories":[1590],"tags":[11,9043,1777,674,1892,131,12,132,220],"class_list":{"0":"post-238735","1":"post","2":"type-post","3":"status-publish","4":"format-standard","5":"has-post-thumbnail","7":"category-ukraine","8":"tag-actualites","9":"tag-bulgarie","10":"tag-eu","11":"tag-europe","12":"tag-gu00e9opolitique","13":"tag-guerre-en-ukraine","14":"tag-news","15":"tag-russie","16":"tag-ukraine"},"share_on_mastodon":{"url":"https:\/\/pubeurope.com\/@fr\/114825859444550749","error":""},"_links":{"self":[{"href":"https:\/\/www.europesays.com\/fr\/wp-json\/wp\/v2\/posts\/238735","targetHints":{"allow":["GET"]}}],"collection":[{"href":"https:\/\/www.europesays.com\/fr\/wp-json\/wp\/v2\/posts"}],"about":[{"href":"https:\/\/www.europesays.com\/fr\/wp-json\/wp\/v2\/types\/post"}],"author":[{"embeddable":true,"href":"https:\/\/www.europesays.com\/fr\/wp-json\/wp\/v2\/users\/2"}],"replies":[{"embeddable":true,"href":"https:\/\/www.europesays.com\/fr\/wp-json\/wp\/v2\/comments?post=238735"}],"version-history":[{"count":0,"href":"https:\/\/www.europesays.com\/fr\/wp-json\/wp\/v2\/posts\/238735\/revisions"}],"wp:featuredmedia":[{"embeddable":true,"href":"https:\/\/www.europesays.com\/fr\/wp-json\/wp\/v2\/media\/238736"}],"wp:attachment":[{"href":"https:\/\/www.europesays.com\/fr\/wp-json\/wp\/v2\/media?parent=238735"}],"wp:term":[{"taxonomy":"category","embeddable":true,"href":"https:\/\/www.europesays.com\/fr\/wp-json\/wp\/v2\/categories?post=238735"},{"taxonomy":"post_tag","embeddable":true,"href":"https:\/\/www.europesays.com\/fr\/wp-json\/wp\/v2\/tags?post=238735"}],"curies":[{"name":"wp","href":"https:\/\/api.w.org\/{rel}","templated":true}]}}