{"id":238737,"date":"2025-07-09T23:25:10","date_gmt":"2025-07-09T23:25:10","guid":{"rendered":"https:\/\/www.europesays.com\/fr\/238737\/"},"modified":"2025-07-09T23:25:10","modified_gmt":"2025-07-09T23:25:10","slug":"les-actions-bresiliennes-cotees-aux-etats-unis-chutent-apres-que-donald-trump-a-annonce-des-droits-de-douane-de-50-10-07-2025-a-0045","status":"publish","type":"post","link":"https:\/\/www.europesays.com\/fr\/238737\/","title":{"rendered":"Les actions br\u00e9siliennes cot\u00e9es aux \u00c9tats-Unis chutent apr\u00e8s que Donald Trump a annonc\u00e9 des droits de douane de 50 % &#8211; 10\/07\/2025 \u00e0 00:45"},"content":{"rendered":"<p>\n ((Traduction automatis\u00e9e par Reuters \u00e0 l&rsquo;aide de l&rsquo;apprentissage<br \/>\nautomatique et de l&rsquo;IA g\u00e9n\u00e9rative, veuillez vous r\u00e9f\u00e9rer \u00e0<br \/>\nl&rsquo;avertissement suivant: https:\/\/bit.ly\/rtrsauto))\n<\/p>\n<p>\n 9 juillet &#8211; ** Les actions am\u00e9ricaines des entreprises<br \/>\nbr\u00e9siliennes ont baiss\u00e9 dans les \u00e9changes prolong\u00e9s mercredi<br \/>\napr\u00e8s que le pr\u00e9sident Donald Trump a d\u00e9clar\u00e9 que son<br \/>\nadministration imposerait au Br\u00e9sil  des droits de douane<br \/>\nde 50 % sur les produits envoy\u00e9s aux \u00c9tats-Unis \u00e0 partir du 1er<br \/>\nao\u00fbt\n<\/p>\n<p>\n ** Les actions am\u00e9ricaines de Petroleo Brasil ont baiss\u00e9 de 1,3<br \/>\n% et celles d&rsquo;Embraer de ~6 %\n<\/p>\n<p>\n ** Le FNB iShares MSCI Brazil a baiss\u00e9 de 2 %\n<\/p>\n<p>\n ** Le real s&rsquo;est affaibli , passant d&rsquo;environ 5,45 pour<br \/>\nun dollar \u00e0 5,58 pour un dollar\n<\/p>\n<p>\n ** Dans une lettre adress\u00e9e au pr\u00e9sident br\u00e9silien Luiz Inacio<br \/>\nLula da Silva, Trump a exprim\u00e9 son soutien \u00e0 l&rsquo;ancien pr\u00e9sident<br \/>\nbr\u00e9silien Jair Bolsonaro<\/p>\n","protected":false},"excerpt":{"rendered":"((Traduction automatis\u00e9e par Reuters \u00e0 l&rsquo;aide de l&rsquo;apprentissage automatique et de l&rsquo;IA g\u00e9n\u00e9rative, veuillez vous r\u00e9f\u00e9rer \u00e0 l&rsquo;avertissement&hellip;\n","protected":false},"author":2,"featured_media":8061,"comment_status":"","ping_status":"","sticky":false,"template":"","format":"standard","meta":{"footnotes":""},"categories":[1589],"tags":[400,11,398,408,405,73,1866,403,402,399,404,12,401,406,1864,1865,1863,308,407],"class_list":{"0":"post-238737","1":"post","2":"type-post","3":"status-publish","4":"format-standard","5":"has-post-thumbnail","7":"category-etats-unis","8":"tag-action-cac-40","9":"tag-actualites","10":"tag-bourse-de-paris","11":"tag-boursorama","12":"tag-cotations","13":"tag-etats-unis","14":"tag-etats-unis-damerique","15":"tag-indices-devises","16":"tag-investir","17":"tag-investissement","18":"tag-marche-boursier","19":"tag-news","20":"tag-sicav","21":"tag-trackers","22":"tag-united-states","23":"tag-united-states-of-america","24":"tag-us","25":"tag-usa","26":"tag-warrants"},"share_on_mastodon":{"url":"https:\/\/pubeurope.com\/@fr\/114825863457839903","error":""},"_links":{"self":[{"href":"https:\/\/www.europesays.com\/fr\/wp-json\/wp\/v2\/posts\/238737","targetHints":{"allow":["GET"]}}],"collection":[{"href":"https:\/\/www.europesays.com\/fr\/wp-json\/wp\/v2\/posts"}],"about":[{"href":"https:\/\/www.europesays.com\/fr\/wp-json\/wp\/v2\/types\/post"}],"author":[{"embeddable":true,"href":"https:\/\/www.europesays.com\/fr\/wp-json\/wp\/v2\/users\/2"}],"replies":[{"embeddable":true,"href":"https:\/\/www.europesays.com\/fr\/wp-json\/wp\/v2\/comments?post=238737"}],"version-history":[{"count":0,"href":"https:\/\/www.europesays.com\/fr\/wp-json\/wp\/v2\/posts\/238737\/revisions"}],"wp:featuredmedia":[{"embeddable":true,"href":"https:\/\/www.europesays.com\/fr\/wp-json\/wp\/v2\/media\/8061"}],"wp:attachment":[{"href":"https:\/\/www.europesays.com\/fr\/wp-json\/wp\/v2\/media?parent=238737"}],"wp:term":[{"taxonomy":"category","embeddable":true,"href":"https:\/\/www.europesays.com\/fr\/wp-json\/wp\/v2\/categories?post=238737"},{"taxonomy":"post_tag","embeddable":true,"href":"https:\/\/www.europesays.com\/fr\/wp-json\/wp\/v2\/tags?post=238737"}],"curies":[{"name":"wp","href":"https:\/\/api.w.org\/{rel}","templated":true}]}}