{"id":238742,"date":"2025-07-09T23:28:11","date_gmt":"2025-07-09T23:28:11","guid":{"rendered":"https:\/\/www.europesays.com\/fr\/238742\/"},"modified":"2025-07-09T23:28:11","modified_gmt":"2025-07-09T23:28:11","slug":"paris-et-londres-prets-a-coordonner-leur-dissuasion-nucleaire-et-a-proteger-leurope","status":"publish","type":"post","link":"https:\/\/www.europesays.com\/fr\/238742\/","title":{"rendered":"Paris et Londres pr\u00eats \u00e0 \u00ab coordonner \u00bb leur dissuasion nucl\u00e9aire et \u00e0 prot\u00e9ger l\u2019Europe"},"content":{"rendered":"<p><strong>COOP\u00c9RATION &#8211; Les deux pays garderont leur autonomie mais entendent r\u00e9pondre \u00e0 toute menace majeure contre l\u2019Europe<\/strong><\/p>\n<p>Va-t-on assister \u00e0 un tournant historique dans la dissuasion nucl\u00e9aire occidentale\u00a0? La <a href=\"https:\/\/www.20minutes.fr\/france\/?at_medium=RSS%20feed&amp;at_campaign=ynews&amp;utm_source=yahoo&amp;utm_medium=rss&amp;utm_campaign=news_feed&amp;utm_content=in_article_link\" rel=\"nofollow noopener\" target=\"_blank\" data-ylk=\"slk:France;elm:context_link;itc:0;sec:content-canvas\" class=\"link \">France<\/a> et le <a href=\"https:\/\/www.20minutes.fr\/monde\/royaume-uni\/?at_medium=RSS%20feed&amp;at_campaign=ynews&amp;utm_source=yahoo&amp;utm_medium=rss&amp;utm_campaign=news_feed&amp;utm_content=in_article_link\" rel=\"nofollow noopener\" target=\"_blank\" data-ylk=\"slk:Royaume-Uni;elm:context_link;itc:0;sec:content-canvas\" class=\"link \">Royaume-Uni<\/a> ont annonc\u00e9 une coordination in\u00e9dite de leurs <a href=\"https:\/\/www.20minutes.fr\/dossier\/bombe_atomique?at_medium=RSS%20feed&amp;at_campaign=ynews&amp;utm_source=yahoo&amp;utm_medium=rss&amp;utm_campaign=news_feed&amp;utm_content=in_article_link\" rel=\"nofollow noopener\" target=\"_blank\" data-ylk=\"slk:forces nucl\u00e9aires;elm:context_link;itc:0;sec:content-canvas\" class=\"link \">forces nucl\u00e9aires<\/a>, dans un contexte de tensions croissantes sur le continent europ\u00e9en. A la veille d\u2019un sommet bilat\u00e9ral \u00e0 Londres, <a href=\"https:\/\/www.20minutes.fr\/politique\/emmanuel-macron\/?at_medium=RSS%20feed&amp;at_campaign=ynews&amp;utm_source=yahoo&amp;utm_medium=rss&amp;utm_campaign=news_feed&amp;utm_content=in_article_link\" rel=\"nofollow noopener\" target=\"_blank\" data-ylk=\"slk:Emmanuel Macron;elm:context_link;itc:0;sec:content-canvas\" class=\"link \">Emmanuel Macron<\/a> et <a href=\"https:\/\/www.20minutes.fr\/monde\/keir-starmer\/?at_medium=RSS%20feed&amp;at_campaign=ynews&amp;utm_source=yahoo&amp;utm_medium=rss&amp;utm_campaign=news_feed&amp;utm_content=in_article_link\" rel=\"nofollow noopener\" target=\"_blank\" data-ylk=\"slk:Keir Starmer;elm:context_link;itc:0;sec:content-canvas\" class=\"link \">Keir Starmer<\/a> ont ent\u00e9rin\u00e9 une nouvelle doctrine strat\u00e9gique\u00a0: leurs arsenaux respectifs restent ind\u00e9pendants, mais pourront d\u00e9sormais \u00eatre coordonn\u00e9s pour r\u00e9pondre \u00e0 toute menace majeure contre l\u2019Europe.<\/p>\n<p>Cette \u00e9volution majeure sera formalis\u00e9e jeudi par la signature d\u2019une d\u00e9claration commune entre les deux dirigeants, \u00e0 l\u2019occasion de la visite d\u2019Etat du pr\u00e9sident fran\u00e7ais au Royaume-Uni. Elle marque la premi\u00e8re r\u00e9vision de leur posture nucl\u00e9aire conjointe depuis la d\u00e9claration de Chequers en\u00a01995, alors que la <a href=\"https:\/\/www.20minutes.fr\/monde\/ukraine\/?at_medium=RSS%20feed&amp;at_campaign=ynews&amp;utm_source=yahoo&amp;utm_medium=rss&amp;utm_campaign=news_feed&amp;utm_content=in_article_link\" rel=\"nofollow noopener\" target=\"_blank\" data-ylk=\"slk:guerre en Ukraine;elm:context_link;itc:0;sec:content-canvas\" class=\"link \">guerre en Ukraine<\/a> et les incertitudes sur l\u2019engagement am\u00e9ricain dans l\u2019<a href=\"https:\/\/www.20minutes.fr\/monde\/otan\/?at_medium=RSS%20feed&amp;at_campaign=ynews&amp;utm_source=yahoo&amp;utm_medium=rss&amp;utm_campaign=news_feed&amp;utm_content=in_article_link\" rel=\"nofollow noopener\" target=\"_blank\" data-ylk=\"slk:Otan;elm:context_link;itc:0;sec:content-canvas\" class=\"link \">Otan<\/a> rebattent les cartes de la s\u00e9curit\u00e9 en Europe.<\/p>\n<p>\u00ab\u00a0Puissance des forces nucl\u00e9aires\u00a0\u00bb<\/p>\n<p>\u00ab\u00a0Il n\u2019existe aucune menace extr\u00eame sur l\u2019<a href=\"https:\/\/www.20minutes.fr\/dossier\/europe?at_medium=RSS%20feed&amp;at_campaign=ynews&amp;utm_source=yahoo&amp;utm_medium=rss&amp;utm_campaign=news_feed&amp;utm_content=in_article_link\" rel=\"nofollow noopener\" target=\"_blank\" data-ylk=\"slk:Europe;elm:context_link;itc:0;sec:content-canvas\" class=\"link \">Europe<\/a> qui ne susciterait une r\u00e9ponse des deux pays\u00a0\u00bb, pr\u00e9viennent Paris et Londres dans un communiqu\u00e9 commun. Les deux capitales pr\u00e9cisent qu\u2019un adversaire visant les int\u00e9r\u00eats vitaux de l\u2019un ou l\u2019autre pourrait \u00eatre confront\u00e9 \u00e0 la \u00ab\u00a0puissance des forces nucl\u00e9aires\u00a0\u00bb des deux nations.<\/p>\n<p>La d\u00e9cision de recours \u00e0 l\u2019arme atomique reste, bien s\u00fbr, du ressort souverain de chaque Etat. Mais cette coordination strat\u00e9gique sera d\u00e9sormais encadr\u00e9e par un nouveau groupe de supe(&#8230;)<\/p>\n<p><a href=\"https:\/\/www.20minutes.fr\/monde\/4162914-20250710-macron-royaume-uni-paris-londres-prets-coordonner-dissuasion-nucleaire-proteger-europe?at_medium=RSS%20feed&amp;at_campaign=ynews&amp;utm_source=yahoo&amp;utm_medium=rss&amp;utm_campaign=news_feed&amp;utm_content=read_more_link&quot;\" rel=\"nofollow noopener\" target=\"_blank\" data-ylk=\"slk:Lire la suite sur 20minutes;elm:context_link;itc:0;sec:content-canvas\" class=\"link \">Lire la suite sur 20minutes<\/a><\/p>\n<p>\u00c0 lire aussi :<br \/><a href=\"https:\/\/www.20minutes.fr\/monde\/royaume-uni\/4162682-20250708-emmanuel-macron-royaume-uni-relance-liens-franco-britanniques-autour-ukraine-defense-energie?at_medium=RSS%20feed&amp;at_campaign=ynews&amp;utm_source=yahoo&amp;utm_medium=rss&amp;utm_campaign=news_feed&amp;utm_content=related_content_link\" rel=\"nofollow noopener\" target=\"_blank\" data-ylk=\"slk:Emmanuel Macron au Royaume-Uni\u00a0: Relance des liens franco-britanniques autour de l\u2019Ukraine, la d\u00e9fense et l\u2019\u00e9nergie;elm:context_link;itc:0;sec:content-canvas\" class=\"link \">Emmanuel Macron au Royaume-Uni\u00a0: Relance des liens franco-britanniques autour de l\u2019Ukraine, la d\u00e9fense et l\u2019\u00e9nergie<\/a><br \/><a href=\"https:\/\/www.20minutes.fr\/politique\/4162592-20250708-royaume-uni-voici-cadeaux-offerts-macron-charles-iii-camilla-visite-etat?at_medium=RSS%20feed&amp;at_campaign=ynews&amp;utm_source=yahoo&amp;utm_medium=rss&amp;utm_campaign=news_feed&amp;utm_content=related_content_link\" rel=\"nofollow noopener\" target=\"_blank\" data-ylk=\"slk:Royaume-Uni\u00a0: Voici les cadeaux offerts par les Macron \u00e0 Charles III et Camilla pour leur visite d\u2019Etat;elm:context_link;itc:0;sec:content-canvas\" class=\"link \">Royaume-Uni\u00a0: Voici les cadeaux offerts par les Macron \u00e0 Charles III et Camilla pour leur visite d\u2019Etat<\/a><\/p>\n","protected":false},"excerpt":{"rendered":"COOP\u00c9RATION &#8211; Les deux pays garderont leur autonomie mais entendent r\u00e9pondre \u00e0 toute menace majeure contre l\u2019Europe Va-t-on&hellip;\n","protected":false},"author":2,"featured_media":238743,"comment_status":"","ping_status":"","sticky":false,"template":"","format":"standard","meta":{"footnotes":""},"categories":[1586],"tags":[11,1073,1777,674,37856,1011,27,2581,1808,17306,4534,12,25,473],"class_list":{"0":"post-238742","1":"post","2":"type-post","3":"status-publish","4":"format-standard","5":"has-post-thumbnail","7":"category-europe","8":"tag-actualites","9":"tag-emmanuel-macron","10":"tag-eu","11":"tag-europe","12":"tag-forces-nucleaires","13":"tag-fr","14":"tag-france","15":"tag-keir-starmer","16":"tag-leurope","17":"tag-les-deux","18":"tag-londres","19":"tag-news","20":"tag-republique-francaise","21":"tag-royaume-uni"},"share_on_mastodon":{"url":"https:\/\/pubeurope.com\/@fr\/114825875271398214","error":""},"_links":{"self":[{"href":"https:\/\/www.europesays.com\/fr\/wp-json\/wp\/v2\/posts\/238742","targetHints":{"allow":["GET"]}}],"collection":[{"href":"https:\/\/www.europesays.com\/fr\/wp-json\/wp\/v2\/posts"}],"about":[{"href":"https:\/\/www.europesays.com\/fr\/wp-json\/wp\/v2\/types\/post"}],"author":[{"embeddable":true,"href":"https:\/\/www.europesays.com\/fr\/wp-json\/wp\/v2\/users\/2"}],"replies":[{"embeddable":true,"href":"https:\/\/www.europesays.com\/fr\/wp-json\/wp\/v2\/comments?post=238742"}],"version-history":[{"count":0,"href":"https:\/\/www.europesays.com\/fr\/wp-json\/wp\/v2\/posts\/238742\/revisions"}],"wp:featuredmedia":[{"embeddable":true,"href":"https:\/\/www.europesays.com\/fr\/wp-json\/wp\/v2\/media\/238743"}],"wp:attachment":[{"href":"https:\/\/www.europesays.com\/fr\/wp-json\/wp\/v2\/media?parent=238742"}],"wp:term":[{"taxonomy":"category","embeddable":true,"href":"https:\/\/www.europesays.com\/fr\/wp-json\/wp\/v2\/categories?post=238742"},{"taxonomy":"post_tag","embeddable":true,"href":"https:\/\/www.europesays.com\/fr\/wp-json\/wp\/v2\/tags?post=238742"}],"curies":[{"name":"wp","href":"https:\/\/api.w.org\/{rel}","templated":true}]}}