{"id":238747,"date":"2025-07-09T23:31:13","date_gmt":"2025-07-09T23:31:13","guid":{"rendered":"https:\/\/www.europesays.com\/fr\/238747\/"},"modified":"2025-07-09T23:31:13","modified_gmt":"2025-07-09T23:31:13","slug":"maxime-tessier-avocat-de-joel-le-scouarnec-est-mort-a-34-ans-mediapart","status":"publish","type":"post","link":"https:\/\/www.europesays.com\/fr\/238747\/","title":{"rendered":"Maxime Tessier, avocat de Jo\u00ebl Le Scouarnec, est mort \u00e0 34 ans &#8211; Mediapart"},"content":{"rendered":"<ol>\n<li><a href=\"https:\/\/news.google.com\/rss\/articles\/CBMiqAFBVV95cUxQZWtwVkQ3SVZnSmpwTEZaMldPMTdtUUVWckF5SmVrclNZNjA0OG5KVng5dXVNeThuZXlGQ3hVbmxjM3dIRVZySW9hUEU3ZG1QZHQxNGx4NXpQN01SRE9Fc0o2TXF2U2xENlV1LUI1dk9xMXc3T1FvYmdCdUpFdHNOSE5EU0dKeDZMQTZBSnBuSlVfUFB6bWpvR1lWa3V1M3J5aHMwQkRfY18?oc=5\" target=\"_blank\" rel=\"noopener\">Maxime Tessier, avocat de Jo\u00ebl Le Scouarnec, est mort \u00e0 34 ans<\/a>&nbsp;&nbsp;Mediapart<\/li>\n<li><a href=\"https:\/\/news.google.com\/rss\/articles\/CBMi8AFBVV95cUxOczQzYV9UTkhPTlQ2U1pnaDlhRndBdWw4eTVFNTdmUm1DRlFmSXg5Q3lGejVoRHpKZ2JacUZ4cmlYZ1IwMzdobDlWbWZxREl4TTliaGNibkU4MXViRjRXNk90dnJ6VEZsdGlzRHMyTXBnV1B1aXotanl5ZF9pRUYzd3dOMTVvUks3Z3NtWFMtejhZNkhORGltcWp1OUFadXBsRFkwdlJoZDI4N3ZzMFgxa0FHVXZMLTBaOUU0YWVVb3hhaTVvYTdVU1ZMYk5WLVF6aW42VElXRldXMmRNNFowVG9PTG9TYjJLRl92MjhLcW8?oc=5\" target=\"_blank\" rel=\"noopener\">\u00ab\u00a0On est tous sous le choc\u00a0\u00bb, Maxime Tessier, avocat de Jo\u00ebl Le Scouarnec, s&rsquo;est donn\u00e9 la mort<\/a>&nbsp;&nbsp;France 3 R\u00e9gions<\/li>\n<li><a href=\"https:\/\/news.google.com\/rss\/articles\/CBMiygFBVV95cUxNM3dZRTVaWXdjcXJoejNzOXB2RHB2TF8yU2JSdEZqVjcwX2Y2d0x1SWtzMXpyaXlsYjk0RWlaZ1g0REo4UEJva1haV21SeWNrVnpDNkFoMUtqbGVwMjFNdlNldkZSU040UTNYMlJsaXJtbFJEVEg1bkZNcm1WN0F3dnRscnpkck5RM1JhYUNJSGw3Q0RtOUMxbUFKekJsM1JLQU5aYXdmRkFSOXBiY2FLNW92SEtJaWR5bkdWaGJsd3dJRTZLeHNvQjRB?oc=5\" target=\"_blank\" rel=\"noopener\">Maxime Tessier, un des avocats de Jo\u00ebl Le Scouarnec, est mort<\/a>&nbsp;&nbsp;Lib\u00e9ration<\/li>\n<li><a href=\"https:\/\/news.google.com\/rss\/articles\/CBMi3gFBVV95cUxNOG4wcUpiNjZ3LUp4UmtvcXVCcDZ4bDN6MWt4blVUdU1BTzlCcWpGLUJJcXVUUnR1dlNBZ1VwcERLTTJSbG9Ia2h1UnJZVV9OSW9MYkFLbUluTG9HOWRuakgzdjlSTnFZcVJMaGNXMDZtelJQNUZNbjBlcHhmdDRyZkplQ2VKeEZnaUlsZEdyRDgxUG53cXQ4LWpwc3AwQl8tVlNHc2xDQ05iM0I3bU1xQ1JNVmFhQ1J6bGYxTFBHcHA2V0FkTGJfQlExSUtYXzIyTlA4OThJQXgwaXlKdUE?oc=5\" target=\"_blank\" rel=\"noopener\">\u00ab\u00a0Tout laisse \u00e0 penser \u00e0 un suicide\u00a0\u00bb: Maxime Tessier, l&rsquo;avocat de Jo\u00ebl Le Scouarnec, est mort<\/a>&nbsp;&nbsp;BFMTV<\/li>\n<li><a href=\"https:\/\/news.google.com\/rss\/articles\/CBMijgJBVV95cUxNUXRhM1FhU2p0Ny0xX1l6blJ1cC04Z0hPbFAzZVlWRzI5OUw3U1pnS2d0NW5DdWxRamxqY0wxUFFPcUYxejNHNGN3NEJKaXZ5MWxvcV9UUUJMRHdEOVE3bS14WjI5X3lFVExVOVBleWNKVjRlNzdRYnhmSDZhazRxR3drY0IteTg4aGI0cWhSQ0JVRW1uSE1yV0JSeURuYzYxZzVuYllDbWVUUkJ3UmhwUWNQVTRKcnZPcDdaVS05VV9pdkF3cnVwYV9TN2VnSW93aWx2RnZQUmJrZjlFWW9Vekw0d1VCb3ctejdhelJPd1o0d1pnTnV6NkN2aFl3Q0RFXzRadDNQLUdFUWpHd3c?oc=5\" target=\"_blank\" rel=\"noopener\">Un grand talent au service de la justice : qui \u00e9tait Maxime Tessier, jeune avocat d\u00e9c\u00e9d\u00e9 \u00e0 Rennes ?<\/a>&nbsp;&nbsp;Ouest-France<\/li>\n<\/ol>\n","protected":false},"excerpt":{"rendered":"Maxime Tessier, avocat de Jo\u00ebl Le Scouarnec, est mort \u00e0 34 ans&nbsp;&nbsp;Mediapart \u00ab\u00a0On est tous sous le choc\u00a0\u00bb,&hellip;\n","protected":false},"author":2,"featured_media":238748,"comment_status":"","ping_status":"","sticky":false,"template":"","format":"standard","meta":{"footnotes":""},"categories":[2],"tags":[11,1011,27,21607,303,12,1974,25],"class_list":{"0":"post-238747","1":"post","2":"type-post","3":"status-publish","4":"format-standard","5":"has-post-thumbnail","7":"category-actualites","8":"tag-actualites","9":"tag-fr","10":"tag-france","11":"tag-joel-le-scouarnec","12":"tag-justice","13":"tag-news","14":"tag-pedocriminalite","15":"tag-republique-francaise"},"share_on_mastodon":{"url":"https:\/\/pubeurope.com\/@fr\/114825886618388480","error":""},"_links":{"self":[{"href":"https:\/\/www.europesays.com\/fr\/wp-json\/wp\/v2\/posts\/238747","targetHints":{"allow":["GET"]}}],"collection":[{"href":"https:\/\/www.europesays.com\/fr\/wp-json\/wp\/v2\/posts"}],"about":[{"href":"https:\/\/www.europesays.com\/fr\/wp-json\/wp\/v2\/types\/post"}],"author":[{"embeddable":true,"href":"https:\/\/www.europesays.com\/fr\/wp-json\/wp\/v2\/users\/2"}],"replies":[{"embeddable":true,"href":"https:\/\/www.europesays.com\/fr\/wp-json\/wp\/v2\/comments?post=238747"}],"version-history":[{"count":0,"href":"https:\/\/www.europesays.com\/fr\/wp-json\/wp\/v2\/posts\/238747\/revisions"}],"wp:featuredmedia":[{"embeddable":true,"href":"https:\/\/www.europesays.com\/fr\/wp-json\/wp\/v2\/media\/238748"}],"wp:attachment":[{"href":"https:\/\/www.europesays.com\/fr\/wp-json\/wp\/v2\/media?parent=238747"}],"wp:term":[{"taxonomy":"category","embeddable":true,"href":"https:\/\/www.europesays.com\/fr\/wp-json\/wp\/v2\/categories?post=238747"},{"taxonomy":"post_tag","embeddable":true,"href":"https:\/\/www.europesays.com\/fr\/wp-json\/wp\/v2\/tags?post=238747"}],"curies":[{"name":"wp","href":"https:\/\/api.w.org\/{rel}","templated":true}]}}