{"id":238753,"date":"2025-07-09T23:34:11","date_gmt":"2025-07-09T23:34:11","guid":{"rendered":"https:\/\/www.europesays.com\/fr\/238753\/"},"modified":"2025-07-09T23:34:11","modified_gmt":"2025-07-09T23:34:11","slug":"aymeric-pelvet-une-trajectoire-exemplaire-entre-sport-et-etudes","status":"publish","type":"post","link":"https:\/\/www.europesays.com\/fr\/238753\/","title":{"rendered":"Aymeric Pelvet, une trajectoire exemplaire entre sport et \u00e9tudes"},"content":{"rendered":"<p>Arriv\u00e9 au centre de formation du TVB en 2020, Aymeric Pelvet quitte le club cinq ans plus tard avec des titres, des dipl\u00f4mes, et un contrat professionnel aux Pays-Bas. Dans l\u2019enceinte du Palais des Sports, et dans les multiples salles professionnelles qu\u2019il a foul\u00e9es, le r\u00e9ceptionneur-attaquant, devenu au passage capitaine du groupe \u00c9lite Avenir a bien \u00e9volu\u00e9. L\u2019heure est venue pour lui de tourner la page avec les honneurs&#8230;. <\/p>\n<p>    Cet article a \u00e9t\u00e9 tronqu\u00e9. Abonnez-vous pour lire l&rsquo;article complet sur notre site.<\/p>\n<p style=\"margin: 0 !important; padding: 0 !important; font-size: 12px !important;\">Cet article a \u00e9t\u00e9 tronqu\u00e9. Abonnez-vous pour lire l&rsquo;article complet.<\/p>\n<p>    <a href=\"https:\/\/www.lanouvellerepublique.fr\/abonnements\" style=\"display: inline-block; margin-top: 5px !important; padding: 6px 12px !important; background: #cb1c27; color: white; text-decoration: none; border-radius: 4px; font-size: 12px !important;\" target=\"_blank\" rel=\"noopener\"><br \/>\n      S&rsquo;abonner<br \/>\n    <\/a><\/p>\n","protected":false},"excerpt":{"rendered":"Arriv\u00e9 au centre de formation du TVB en 2020, Aymeric Pelvet quitte le club cinq ans plus tard&hellip;\n","protected":false},"author":2,"featured_media":238754,"comment_status":"","ping_status":"","sticky":false,"template":"","format":"standard","meta":{"footnotes":""},"categories":[1417],"tags":[1011,27,1387,9915,60,1390,2767,1470,1469],"class_list":{"0":"post-238753","1":"post","2":"type-post","3":"status-publish","4":"format-standard","5":"has-post-thumbnail","7":"category-volley","8":"tag-fr","9":"tag-france","10":"tag-indre-et-loire","11":"tag-nationaux-volley","12":"tag-sports","13":"tag-tours","14":"tag-tvb-37","15":"tag-volley","16":"tag-volleyball"},"share_on_mastodon":{"url":"https:\/\/pubeurope.com\/@fr\/114825898477935195","error":""},"_links":{"self":[{"href":"https:\/\/www.europesays.com\/fr\/wp-json\/wp\/v2\/posts\/238753","targetHints":{"allow":["GET"]}}],"collection":[{"href":"https:\/\/www.europesays.com\/fr\/wp-json\/wp\/v2\/posts"}],"about":[{"href":"https:\/\/www.europesays.com\/fr\/wp-json\/wp\/v2\/types\/post"}],"author":[{"embeddable":true,"href":"https:\/\/www.europesays.com\/fr\/wp-json\/wp\/v2\/users\/2"}],"replies":[{"embeddable":true,"href":"https:\/\/www.europesays.com\/fr\/wp-json\/wp\/v2\/comments?post=238753"}],"version-history":[{"count":0,"href":"https:\/\/www.europesays.com\/fr\/wp-json\/wp\/v2\/posts\/238753\/revisions"}],"wp:featuredmedia":[{"embeddable":true,"href":"https:\/\/www.europesays.com\/fr\/wp-json\/wp\/v2\/media\/238754"}],"wp:attachment":[{"href":"https:\/\/www.europesays.com\/fr\/wp-json\/wp\/v2\/media?parent=238753"}],"wp:term":[{"taxonomy":"category","embeddable":true,"href":"https:\/\/www.europesays.com\/fr\/wp-json\/wp\/v2\/categories?post=238753"},{"taxonomy":"post_tag","embeddable":true,"href":"https:\/\/www.europesays.com\/fr\/wp-json\/wp\/v2\/tags?post=238753"}],"curies":[{"name":"wp","href":"https:\/\/api.w.org\/{rel}","templated":true}]}}