{"id":238758,"date":"2025-07-09T23:38:07","date_gmt":"2025-07-09T23:38:07","guid":{"rendered":"https:\/\/www.europesays.com\/fr\/238758\/"},"modified":"2025-07-09T23:38:07","modified_gmt":"2025-07-09T23:38:07","slug":"motogp-2025-martin-retrouve-son-no-1-motoservices","status":"publish","type":"post","link":"https:\/\/www.europesays.com\/fr\/238758\/","title":{"rendered":"MotoGP 2025 : Martin retrouve son No 1 &#8211; Motoservices"},"content":{"rendered":"<ol>\n<li><a href=\"https:\/\/news.google.com\/rss\/articles\/CBMilgFBVV95cUxPYmhDbm1nVWRjUk5aOWExcS1tTVgyTlM5QkxJa2ZQd3FwYThUOVVwMWN4RFRwN1RiUXI0YXY3bktQVjZFTi00WkJ4R0tHNHItV2Z1UjhCZm11T2pwZlVwLUZTMDRhOXNSSDd5S1ZvUDB4VF9IS2o0YldiRzB3SHpwRTVyXy14NHJBcE55SmlnMTZvVGNtWXc?oc=5\" target=\"_blank\" rel=\"nofollow noopener\">MotoGP 2025 : Martin retrouve son No 1<\/a>&nbsp;&nbsp;Motoservices<\/li>\n<li><a href=\"https:\/\/news.google.com\/rss\/articles\/CBMipgFBVV95cUxPRzltMm5wZDNOeERHZlNQVDJ6QWJDOXN3X0xPc0dWejE5NHc1UVp3el8wYWw0T0pXR2hZOUVmdjlwaXFfQ2pfTUU4TE1GSDI1QWRkR1Q4ckVaUmVRWDEzN2ZrWVg5dXB2UHduRDV3NEVRcnlaNkJPVV84N3ZDSFE1TXY4dFF3RllhOE5wc1lIOGdWVUdiSjRmVC16WElxaWtyUnY2UXJB?oc=5\" target=\"_blank\" rel=\"nofollow noopener\">Apr\u00e8s son test avec la MotoGP d&rsquo;Aprilia \u00e0 Misano, Jorge Martin ira \u00e0 Brno pour participer au Grand Prix<\/a>&nbsp;&nbsp;L&rsquo;\u00c9quipe<\/li>\n<li><a href=\"https:\/\/news.google.com\/rss\/articles\/CBMiwAFBVV95cUxPS1pueXRfT2I4anA5ek9TMTVmT2FybkJKaGYtZ25Fall0dGRfQ0pBaTNYSE1BOVZPTmlPWmNHd2V0RGVVTENTc2pUTGFRVHFuRG5EZFlubXNsVlBZRnVzVGExODVsNmI2RDhTV3E3MFVHclpaLVY0MHphNWpJQTVNc3NoSV8zSHNwOFduRDFwU2swMDlJSE42SUJ2RHJRUUZDQXlJcjVia09lZjRfWnpBSTdmN2R4M002djZFcjVtVGPSAb8BQVVfeXFMTUFKc25Fd0JMQVNHR2N6aU5zcUYxc2NWOW5TTUl6Y1l1bzY5QVpHT3JnZmJ4N0xuMm01bkFZb3JzTVBsR2dudmhRb2xHUl9RbGtZdEE0M0ZtaDhtSU1XaUtGNUg4Z2hueldyR0J1by05VFdLbWVITWNrbTlQTWRDQkdUbkZleWxZRkpVN3hON0VLcWIzdmNqU3pFUUE0WGpXVy1JRDJEWDFaSjc0elZmU09QWFJZTmVEc3AybGdKVXM?oc=5\" target=\"_blank\" rel=\"nofollow noopener\">MotoGP : Come-back imminent du champion du monde<\/a>&nbsp;&nbsp;Orange Actualit\u00e9s | Sports<\/li>\n<li><a href=\"https:\/\/news.google.com\/rss\/articles\/CBMilAFBVV95cUxQMFVGQkxrM2dTV0xvUzdaLUsyQjBwMkJ1aWprRjlWaEE3NGJ1REh1bEdHNVBGY2NyajhkaktyckdCSGpfc1FIYTlVLWFLUV8tUkw4eTZIZVc0Zm1pTzZ0azQ5MVRTOVo3ZklMN005bVpkbGs3WGdtYVBYUEhGcHdhTmtpNXRxQm50cVJJenhMOW5ocUVk?oc=5\" target=\"_blank\" rel=\"nofollow noopener\">Retour r\u00e9ussi pour Mart\u00edn, Aprilia confirme qu&rsquo;il ira \u00e0 Brno<\/a>&nbsp;&nbsp;Motorsport.com<\/li>\n<li><a href=\"https:\/\/news.google.com\/rss\/articles\/CBMi_AFBVV95cUxQZ05NbjFZV1g5dllPVi1zSWRhT21iWk9TUTdleDlEX3ppaE1hUVJvckhXSXNqN2xodXJuQ3lEYkx4RzRzZG11NnFZN0J6ZW5jUWtxcXNBSkZoVVFNWU9zLUZIVHhqVE15UWlGNXBjaUYzZVU3c0xrMXNqT1pJU2JvY2JPTVFFMUZfbGZGX2ZkOG1DRHhJdmstQUpTUi15U3JqSVV5MGNicmlXamhveWIyOVdlaWxENjh0MWU3S19EWWZGbjdwUV9oSmMyeFN1TjJHV0x3cElhX1N5SVZ5QW1CRG9BMDZyWnlDMUJJTFFBbWZPVUNieEhoUlBpdmo?oc=5\" target=\"_blank\" rel=\"nofollow noopener\">Moto GP. Jorge Martin est remont\u00e9 sur sa moto trois mois apr\u00e8s sa chute au Qatar<\/a>&nbsp;&nbsp;Ouest-France<\/li>\n<\/ol>\n","protected":false},"excerpt":{"rendered":"MotoGP 2025 : Martin retrouve son No 1&nbsp;&nbsp;Motoservices Apr\u00e8s son test avec la MotoGP d&rsquo;Aprilia \u00e0 Misano, Jorge&hellip;\n","protected":false},"author":2,"featured_media":238759,"comment_status":"","ping_status":"","sticky":false,"template":"","format":"standard","meta":{"footnotes":""},"categories":[1413],"tags":[1011,27,1457,1456,60],"class_list":{"0":"post-238758","1":"post","2":"type-post","3":"status-publish","4":"format-standard","5":"has-post-thumbnail","7":"category-moto","8":"tag-fr","9":"tag-france","10":"tag-moto","11":"tag-motocycle","12":"tag-sports"},"share_on_mastodon":{"url":"","error":""},"_links":{"self":[{"href":"https:\/\/www.europesays.com\/fr\/wp-json\/wp\/v2\/posts\/238758","targetHints":{"allow":["GET"]}}],"collection":[{"href":"https:\/\/www.europesays.com\/fr\/wp-json\/wp\/v2\/posts"}],"about":[{"href":"https:\/\/www.europesays.com\/fr\/wp-json\/wp\/v2\/types\/post"}],"author":[{"embeddable":true,"href":"https:\/\/www.europesays.com\/fr\/wp-json\/wp\/v2\/users\/2"}],"replies":[{"embeddable":true,"href":"https:\/\/www.europesays.com\/fr\/wp-json\/wp\/v2\/comments?post=238758"}],"version-history":[{"count":0,"href":"https:\/\/www.europesays.com\/fr\/wp-json\/wp\/v2\/posts\/238758\/revisions"}],"wp:featuredmedia":[{"embeddable":true,"href":"https:\/\/www.europesays.com\/fr\/wp-json\/wp\/v2\/media\/238759"}],"wp:attachment":[{"href":"https:\/\/www.europesays.com\/fr\/wp-json\/wp\/v2\/media?parent=238758"}],"wp:term":[{"taxonomy":"category","embeddable":true,"href":"https:\/\/www.europesays.com\/fr\/wp-json\/wp\/v2\/categories?post=238758"},{"taxonomy":"post_tag","embeddable":true,"href":"https:\/\/www.europesays.com\/fr\/wp-json\/wp\/v2\/tags?post=238758"}],"curies":[{"name":"wp","href":"https:\/\/api.w.org\/{rel}","templated":true}]}}