{"id":238762,"date":"2025-07-09T23:40:09","date_gmt":"2025-07-09T23:40:09","guid":{"rendered":"https:\/\/www.europesays.com\/fr\/238762\/"},"modified":"2025-07-09T23:40:09","modified_gmt":"2025-07-09T23:40:09","slug":"tdf-tour-de-france-alex-baudin-demain-ca-va-etre-la-bagarre-pour-lechappee","status":"publish","type":"post","link":"https:\/\/www.europesays.com\/fr\/238762\/","title":{"rendered":"TDF. Tour de France &#8211; Alex Baudin : \u00abDemain&#8230; \u00e7a va \u00eatre la bagarre pour l&rsquo;\u00e9chapp\u00e9e\u00bb"},"content":{"rendered":"<p>Derri\u00e8re les <strong><a href=\"https:\/\/www.cyclismactu.net\/..\/news-tdf-route-tour-de-france-kevin-vauquelin-je-savoure-la-suis-un-peu-stone-88826.html\" target=\"_blank\" rel=\"nofollow noopener\">K\u00e9vin Vauquelin<\/a> <\/strong>(Ark\u00e9a B&amp;B H\u00f4tels) ou autres\u00a0<strong>Romain Gr\u00e9goire <\/strong>(Groupama-FDJ), il y a un autre Fran\u00e7ais qui peut se permettre d&rsquo;avoir des ambitions pour les jours \u00e0 venir. En effet, <strong>Alex Baudin <\/strong>(EF Education-EasyPost) a \u00e9galement montr\u00e9 des signes de bonne forme et m\u00eame s&rsquo;il n&rsquo;est pas \u00e0 l&rsquo;aise sur le contre-la-montre que proposait cette 5e \u00e9tape du <strong><a href=\"https:\/\/www.cyclismactu.net\/..\/news-tdf-route-tour-de-france-evenepoel-chrono-de-5e-etape-pogacar-ecrase-vingegaard-88825.html\" target=\"_blank\" rel=\"nofollow noopener\">Tour de France<\/a><\/strong>, le Fran\u00e7ais trouvera rapidement un terrain pour s&rsquo;exprimer.<\/p>\n<p>Vid\u00e9o &#8211; La r\u00e9action d&rsquo;Alex Baudin apr\u00e8s l&rsquo;arriv\u00e9e Lire la suite de l&rsquo;article&#13;<\/p>\n<p>\u00a0<\/p>\n<p>&#13;<br \/>\n\u00ab\u00a0Un public de fou, j&rsquo;en ai bien profit\u00e9\u00a0\u00bb&#13;<\/p>\n<p>Comme tout le monde, <strong>Alex Baudin <\/strong>a profit\u00e9 du public pr\u00e9sent sur le bord des routes et a \u00e9galement mis \u00e0 contribution cette journ\u00e9e sans enjeux pour maximiser ses chances de performer sur l&rsquo;\u00e9tape de jeudi :\u00a0\u00ab\u00a0C&rsquo;\u00e9tait vraiment cool, beau parcours, pas tr\u00e8s technique, pas dangereux. Un public de fou, j&rsquo;en ai bien profit\u00e9 pour m&rsquo;aider un peu, que \u00e7a passe plus vite. J&rsquo;ai eu des frissons aujourd&rsquo;hui, c&rsquo;\u00e9tait vraiment bien. Pour l&rsquo;instant, tout s&rsquo;est bien pass\u00e9, je suis pass\u00e9 \u00e0 travers les chutes. Il n&rsquo;y a pas encore eu beaucoup d&rsquo;opportunit\u00e9s mais c&rsquo;est encore long jusqu&rsquo;\u00e0 Paris donc on va attendre notre heure. L&rsquo;\u00e9tape de jeudi c&rsquo;est un beau chantier, j&rsquo;ai pris la journ\u00e9e du chrono pour r\u00e9cup\u00e9rer un peu et \u00eatre pr\u00eat pour demain. Le but c&rsquo;est d&rsquo;\u00eatre dans l&rsquo;\u00e9chapp\u00e9e, mais je ne serai pas le seul \u00e0 vouloir \u00eatre dedans donc \u00e7a va \u00eatre la bagarre et pour y \u00eatre il va falloir \u00eatre solide.\u00a0\u00bb<\/p>\n<p>Tour de France &#8211; Classement de la 5\u00e8 \u00e9tape Tour de France &#8211; Classement g\u00e9n\u00e9ral provisoire apr\u00e8s la 5\u00e8 \u00e9tape<\/p>\n","protected":false},"excerpt":{"rendered":"Derri\u00e8re les K\u00e9vin Vauquelin (Ark\u00e9a B&amp;B H\u00f4tels) ou autres\u00a0Romain Gr\u00e9goire (Groupama-FDJ), il y a un autre Fran\u00e7ais qui&hellip;\n","protected":false},"author":2,"featured_media":238763,"comment_status":"","ping_status":"","sticky":false,"template":"","format":"standard","meta":{"footnotes":""},"categories":[1411],"tags":[1154,207,211,1011,27,209,60,210,212,208,213],"class_list":{"0":"post-238762","1":"post","2":"type-post","3":"status-publish","4":"format-standard","5":"has-post-thumbnail","7":"category-cyclisme","8":"tag-cycling","9":"tag-cyclisme","10":"tag-ffc","11":"tag-fr","12":"tag-france","13":"tag-route","14":"tag-sports","15":"tag-tour-de-france","16":"tag-uci","17":"tag-velo","18":"tag-world-tour"},"share_on_mastodon":{"url":"https:\/\/pubeurope.com\/@fr\/114825922369003526","error":""},"_links":{"self":[{"href":"https:\/\/www.europesays.com\/fr\/wp-json\/wp\/v2\/posts\/238762","targetHints":{"allow":["GET"]}}],"collection":[{"href":"https:\/\/www.europesays.com\/fr\/wp-json\/wp\/v2\/posts"}],"about":[{"href":"https:\/\/www.europesays.com\/fr\/wp-json\/wp\/v2\/types\/post"}],"author":[{"embeddable":true,"href":"https:\/\/www.europesays.com\/fr\/wp-json\/wp\/v2\/users\/2"}],"replies":[{"embeddable":true,"href":"https:\/\/www.europesays.com\/fr\/wp-json\/wp\/v2\/comments?post=238762"}],"version-history":[{"count":0,"href":"https:\/\/www.europesays.com\/fr\/wp-json\/wp\/v2\/posts\/238762\/revisions"}],"wp:featuredmedia":[{"embeddable":true,"href":"https:\/\/www.europesays.com\/fr\/wp-json\/wp\/v2\/media\/238763"}],"wp:attachment":[{"href":"https:\/\/www.europesays.com\/fr\/wp-json\/wp\/v2\/media?parent=238762"}],"wp:term":[{"taxonomy":"category","embeddable":true,"href":"https:\/\/www.europesays.com\/fr\/wp-json\/wp\/v2\/categories?post=238762"},{"taxonomy":"post_tag","embeddable":true,"href":"https:\/\/www.europesays.com\/fr\/wp-json\/wp\/v2\/tags?post=238762"}],"curies":[{"name":"wp","href":"https:\/\/api.w.org\/{rel}","templated":true}]}}