{"id":238768,"date":"2025-07-09T23:44:10","date_gmt":"2025-07-09T23:44:10","guid":{"rendered":"https:\/\/www.europesays.com\/fr\/238768\/"},"modified":"2025-07-09T23:44:10","modified_gmt":"2025-07-09T23:44:10","slug":"le-pari-un-peu-fou-du-livrodrome-pour-seduire-les-ados","status":"publish","type":"post","link":"https:\/\/www.europesays.com\/fr\/238768\/","title":{"rendered":"le pari un peu fou du Livrodrome pour s\u00e9duire les ados"},"content":{"rendered":"\n<p>Les enfants d\u00e9ambulent entre les tables en bois. Certains, en maillot de bain, plongent se rafra\u00eechir dans la piscine \u00e0 d\u00e9bordement, qui donne directement sur une crique de la C\u00f4te Bleue. D\u2019autres s\u2019accoudent au bar pour demander un verre d\u2019eau ou un jus de fruit. Au camping de l\u2019Arquet, chacun vaque \u00e0 ses occupations, mais tout le monde a un livre \u00e0 la main. Mardi 8\u00a0juillet, le centre de vacances accueillait le Livrodrome, un parc d\u2019attractions litt\u00e9raires itin\u00e9rant sp\u00e9cialement con\u00e7u par le Centre national du livre (CNL) pour les adolescents de 11 \u00e0 18\u00a0ans.<\/p>\n<p>\u00ab\u00a0C\u2019est une sorte de village du livre avec une quinzaine de stands hyper ludiques autour de la lecture, de l\u2019\u00e9criture, de l\u2019illustration afin de proposer une diversit\u00e9 d\u2019approches diff\u00e9rentes et montrer que cet objet, qui n\u2019appara\u00eet plus comme un loisir aux yeux des jeunes, peut en \u00eatre un\u00a0\u00bb, explique Gauthier Morax, directeur et concepteur du dispositif.<\/p>\n<p> Une \u00e9tude inqui\u00e9tante\n              <\/p>\n<p>L\u00e0, des enfants tirent un papier au hasard pour \u00e9crire une histoire autour du mot qu\u2019il contient. Quelques m\u00e8tres plus loin, une cabine accueille les curieux qui voudraient se voir prescrire une ordonnance litt\u00e9raire \u00e9labor\u00e9e sur mesure par un libraire. \u00c0 c\u00f4t\u00e9 de la piscine, un espace douillet attend celles et ceux qui souhaiteraient \u00e9couter un livre audio. \u00ab\u00a0La cerise sur le g\u00e2teau, c\u2019est que les enfants repartent avec le bouquin de leur choix ou un ch\u00e8que-livre\u00a0\u00bb, note Gauthier Morax.<\/p>\n<p>Le CNL sort le grand jeu pour redonner le go\u00fbt de la lecture, parce que \u00ab\u00a0les chiffres ne sont pas bons\u00a0\u00bb, conc\u00e8de Mathilde Lecornet, charg\u00e9e de mission au sein de l\u2019\u00e9tablissement. L\u2019op\u00e9rateur du minist\u00e8re de la Culture a publi\u00e9 une <a rel=\"nofollow noopener\" href=\"https:\/\/centrenationaldulivre.fr\/donnees-cles\/les-francais-et-la-lecture-en-2025\" target=\"_blank\">\u00e9tude<\/a>, en avril dernier, qui montre que les Fran\u00e7ais lisent de moins en moins. \u00ab\u00a0Pour avoir un ordre d\u2019id\u00e9e, on peut consid\u00e9rer qu\u2019un jeune passe dix fois plus de temps sur son \u00e9cran qu\u2019\u00e0 lire. Il y a plusieurs facteurs \u00e0 \u00e7a\u00a0: les r\u00e9seaux sociaux, mais aussi la consommation d\u2019\u0153uvres audiovisuelles qui est facilit\u00e9e avec le d\u00e9veloppement des plateformes comme Netflix.\u00a0\u00bb<\/p>\n<p>Un r\u00e9sultat qui inqui\u00e8te le concepteur du Livrodrome. \u00ab\u00a0La lecture a beaucoup de bienfaits sur la concentration, la cr\u00e9ativit\u00e9, l\u2019imagination, la richesse du vocabulaire, la capacit\u00e9 de dialoguer avec les autres, la d\u00e9couverte du monde. Et s\u2019il n\u2019y a plus de lecteurs demain, c\u2019est tout un secteur \u00e9conomique qui s\u2019effondre et des centaines de milliers d\u2019emplois avec.\u00a0\u00bb<\/p>\n","protected":false},"excerpt":{"rendered":"Les enfants d\u00e9ambulent entre les tables en bois. Certains, en maillot de bain, plongent se rafra\u00eechir dans la&hellip;\n","protected":false},"author":2,"featured_media":238769,"comment_status":"","ping_status":"","sticky":false,"template":"","format":"standard","meta":{"footnotes":""},"categories":[1357],"tags":[1379,58,59,1011,27,2003,1380],"class_list":{"0":"post-238768","1":"post","2":"type-post","3":"status-publish","4":"format-standard","5":"has-post-thumbnail","7":"category-livres","8":"tag-books","9":"tag-divertissement","10":"tag-entertainment","11":"tag-fr","12":"tag-france","13":"tag-livre","14":"tag-livres"},"share_on_mastodon":{"url":"https:\/\/pubeurope.com\/@fr\/114825938132656807","error":""},"_links":{"self":[{"href":"https:\/\/www.europesays.com\/fr\/wp-json\/wp\/v2\/posts\/238768","targetHints":{"allow":["GET"]}}],"collection":[{"href":"https:\/\/www.europesays.com\/fr\/wp-json\/wp\/v2\/posts"}],"about":[{"href":"https:\/\/www.europesays.com\/fr\/wp-json\/wp\/v2\/types\/post"}],"author":[{"embeddable":true,"href":"https:\/\/www.europesays.com\/fr\/wp-json\/wp\/v2\/users\/2"}],"replies":[{"embeddable":true,"href":"https:\/\/www.europesays.com\/fr\/wp-json\/wp\/v2\/comments?post=238768"}],"version-history":[{"count":0,"href":"https:\/\/www.europesays.com\/fr\/wp-json\/wp\/v2\/posts\/238768\/revisions"}],"wp:featuredmedia":[{"embeddable":true,"href":"https:\/\/www.europesays.com\/fr\/wp-json\/wp\/v2\/media\/238769"}],"wp:attachment":[{"href":"https:\/\/www.europesays.com\/fr\/wp-json\/wp\/v2\/media?parent=238768"}],"wp:term":[{"taxonomy":"category","embeddable":true,"href":"https:\/\/www.europesays.com\/fr\/wp-json\/wp\/v2\/categories?post=238768"},{"taxonomy":"post_tag","embeddable":true,"href":"https:\/\/www.europesays.com\/fr\/wp-json\/wp\/v2\/tags?post=238768"}],"curies":[{"name":"wp","href":"https:\/\/api.w.org\/{rel}","templated":true}]}}