{"id":238781,"date":"2025-07-09T23:52:12","date_gmt":"2025-07-09T23:52:12","guid":{"rendered":"https:\/\/www.europesays.com\/fr\/238781\/"},"modified":"2025-07-09T23:52:12","modified_gmt":"2025-07-09T23:52:12","slug":"donald-trump-vise-de-nouveaux-pays-avec-ses-droits-de-douane-lue-dans-lattente-de-son-sort","status":"publish","type":"post","link":"https:\/\/www.europesays.com\/fr\/238781\/","title":{"rendered":"Donald Trump vise de nouveaux pays avec ses droits de douane, l\u2019UE dans l\u2019attente de son sort"},"content":{"rendered":"<p>        <img decoding=\"async\" loading=\"lazy\" src=\"https:\/\/www.europesays.com\/fr\/wp-content\/uploads\/2025\/07\/b34aabd_upload-1-csamlapg05wn-000-66bn7gw.jpg\"  width=\"728\" height=\"410\" alt=\"Le pr\u00e9sident am\u00e9ricain Donald Trump a envoy\u00e9 ce mercredi 9\u00a0juillet des lettres \u00e0 six pays pour annoncer les droits de douane additionnels.\"\/>  <\/p>\n<p>JIM WATSON \/ AFP<\/p>\n<p>Le pr\u00e9sident am\u00e9ricain Donald Trump a envoy\u00e9 ce mercredi 9\u00a0juillet des lettres \u00e0 six pays pour annoncer les droits de douane additionnels.<\/p>\n<p class=\"asset asset-text\">INTERNATIONAL &#8211; La liste s\u2019allonge, mais l\u2019Union europ\u00e9enne reste encore dans le flou. Le pr\u00e9sident am\u00e9ricain<a href=\"https:\/\/www.huffingtonpost.fr\/international\/article\/trump-accuse-poutine-de-dire-des-conneries-sur-l-ukraine-et-le-menace-de-nouvelles-sanctions_252392.html\" rel=\"nofollow noopener\" target=\"_blank\"> Donald Trump <\/a>a envoy\u00e9 ce mercredi 9\u00a0juillet une nouvelle s\u00e9rie de lettres \u00e0 six pays pour annoncer les <a href=\"https:\/\/www.huffingtonpost.fr\/international\/article\/les-etats-unis-decalent-encore-leur-ultimatum-sur-les-droits-de-douane-au-1er-aout_252291.html\" rel=\"nofollow noopener\" target=\"_blank\">droits de douane additionnels<\/a> qui devraient \u00eatre appliqu\u00e9s \u00e0 leurs produits entrant aux \u00c9tats-Unis.<\/p>\n<p class=\"asset asset-text\">Les six pays concern\u00e9s sont l\u2019Alg\u00e9rie, le Sultanat du Brunei, l\u2019Irak, la Libye, la Moldavie et les Philippines.<\/p>\n<p class=\"asset asset-text\">Pour la plupart, la surtaxe \u00e9volue plus ou moins par rapport \u00e0 ce que l\u2019ex\u00e9cutif am\u00e9ricain avait annonc\u00e9 d\u00e9but avril.<\/p>\n<p>    Trump fait durer le suspense    <\/p>\n<p class=\"asset asset-text\">Dans le d\u00e9tail, les produits alg\u00e9riens devraient \u00eatre tax\u00e9s \u00e0 30\u00a0% (inchang\u00e9), tout comme ceux provenant de Libye (-1 point de pourcentage) et d\u2019Irak (-9\u00a0pp), ceux provenant de Moldavie et du Brunei le seront \u00e0 25\u00a0% (respectivement -6pp et +1pp). Quant aux produits philippins, la surtaxe sera de 20\u00a0% (+3pp).<\/p>\n<p class=\"asset asset-text\">Le pr\u00e9sident am\u00e9ricain a commenc\u00e9 lundi \u00e0 envoyer des lettres aux pays ayant un exc\u00e9dent commercial avec les \u00c9tats-Unis pour annoncer le sort qui leur sera r\u00e9serv\u00e9. Quatorze pays connaissaient ainsi d\u00e9j\u00e0 le montant de la surtaxe qu\u2019il leur a concoct\u00e9e\u00a0: de + 25\u00a0% (Japon, Cor\u00e9e du Sud, Tunisie notamment) \u00e0 + 40\u00a0% (Laos et Birmanie) en passant par + 36\u00a0% (Cambodge et Tha\u00eflande).<\/p>\n<p class=\"asset asset-text\">Donald Trump avait affirm\u00e9 mardi qu\u2019il comptait envoyer d\u2019autres lettres \u00ab\u00a0aujourd\u2019hui, demain, et dans les prochains jours\u00a0\u00bb, notamment vers l\u2019Union europ\u00e9enne (UE), qui devrait selon lui recevoir son courrier \u00ab\u00a0probablement d\u2019ici deux jours\u00a0\u00bb, soit mercredi ou jeudi.<\/p>\n<p>    L\u2019UE esp\u00e8re le maintien des\u00a0droits\u00a0de\u00a0douane\u00a0\u00e0 10\u00a0%    <\/p>\n<p class=\"asset asset-text\">Mercredi, un porte-parole de la Commission europ\u00e9enne a assur\u00e9 que l\u2019UE\u00a0comptait parvenir \u00e0 un accord avec les \u00c9tats-Unis \u00ab\u00a0dans les prochains jours\u00a0\u00bb. Cela ne devrait cependant concerner que le cadre g\u00e9n\u00e9ral des \u00e9changes commerciaux entre les deux rives de l\u2019Atlantique nord, qui laisserait de c\u00f4t\u00e9 les principaux points d\u2019achoppement entre Bruxelles et Washington.<\/p>\n<p class=\"asset asset-text\">L\u2019objectif de l\u2019UE\u00a0est dans l\u2019imm\u00e9diat d\u2019obtenir le maintien des\u00a0droits\u00a0de\u00a0douane\u00a0appliqu\u00e9s aux produits europ\u00e9ens \u00e0 10\u00a0%, au lieu des 20\u00a0% annonc\u00e9s d\u00e9but avril, avec des exemptions pour des secteurs cl\u00e9s tels que l\u2019a\u00e9ronautique, les cosm\u00e9tiques et les boissons alcoolis\u00e9es.<\/p>\n<p class=\"asset asset-text\">Initialement, ces surtaxes individualis\u00e9es devaient commencer \u00e0 \u00eatre collect\u00e9es le 9\u00a0juillet, apr\u00e8s un pr\u00e9c\u00e9dent report, mais Donald Trump a sign\u00e9 en d\u00e9but de semaine un d\u00e9cret pour la repousser au 1er\u00a0ao\u00fbt.<\/p>\n<p class=\"asset asset-text\">Dans ses lettres, le pr\u00e9sident am\u00e9ricain assure que toute riposte sera sanctionn\u00e9e par une surtaxe additionnelle de m\u00eame ampleur.<\/p>\n","protected":false},"excerpt":{"rendered":"JIM WATSON \/ AFP Le pr\u00e9sident am\u00e9ricain Donald Trump a envoy\u00e9 ce mercredi 9\u00a0juillet des lettres \u00e0 six&hellip;\n","protected":false},"author":2,"featured_media":238782,"comment_status":"","ping_status":"","sticky":false,"template":"","format":"standard","meta":{"footnotes":""},"categories":[6],"tags":[35,75,33,34,73,1011,27,14,884,364],"class_list":{"0":"post-238781","1":"post","2":"type-post","3":"status-publish","4":"format-standard","5":"has-post-thumbnail","7":"category-economie","8":"tag-business","9":"tag-donald-trump","10":"tag-economie","11":"tag-economy","12":"tag-etats-unis","13":"tag-fr","14":"tag-france","15":"tag-international","16":"tag-marseille","17":"tag-union-europeenne"},"share_on_mastodon":{"url":"https:\/\/pubeurope.com\/@fr\/114825969281940459","error":""},"_links":{"self":[{"href":"https:\/\/www.europesays.com\/fr\/wp-json\/wp\/v2\/posts\/238781","targetHints":{"allow":["GET"]}}],"collection":[{"href":"https:\/\/www.europesays.com\/fr\/wp-json\/wp\/v2\/posts"}],"about":[{"href":"https:\/\/www.europesays.com\/fr\/wp-json\/wp\/v2\/types\/post"}],"author":[{"embeddable":true,"href":"https:\/\/www.europesays.com\/fr\/wp-json\/wp\/v2\/users\/2"}],"replies":[{"embeddable":true,"href":"https:\/\/www.europesays.com\/fr\/wp-json\/wp\/v2\/comments?post=238781"}],"version-history":[{"count":0,"href":"https:\/\/www.europesays.com\/fr\/wp-json\/wp\/v2\/posts\/238781\/revisions"}],"wp:featuredmedia":[{"embeddable":true,"href":"https:\/\/www.europesays.com\/fr\/wp-json\/wp\/v2\/media\/238782"}],"wp:attachment":[{"href":"https:\/\/www.europesays.com\/fr\/wp-json\/wp\/v2\/media?parent=238781"}],"wp:term":[{"taxonomy":"category","embeddable":true,"href":"https:\/\/www.europesays.com\/fr\/wp-json\/wp\/v2\/categories?post=238781"},{"taxonomy":"post_tag","embeddable":true,"href":"https:\/\/www.europesays.com\/fr\/wp-json\/wp\/v2\/tags?post=238781"}],"curies":[{"name":"wp","href":"https:\/\/api.w.org\/{rel}","templated":true}]}}