{"id":238783,"date":"2025-07-09T23:53:09","date_gmt":"2025-07-09T23:53:09","guid":{"rendered":"https:\/\/www.europesays.com\/fr\/238783\/"},"modified":"2025-07-09T23:53:09","modified_gmt":"2025-07-09T23:53:09","slug":"quand-trump-felicite-le-president-liberien-pour-son-niveau-danglais-langue-officielle-du-liberia","status":"publish","type":"post","link":"https:\/\/www.europesays.com\/fr\/238783\/","title":{"rendered":"Quand Trump f\u00e9licite le pr\u00e9sident lib\u00e9rien pour son niveau d&rsquo;anglais, langue officielle du Liberia"},"content":{"rendered":"<p>\u00abO\u00f9 avez-vous appris \u00e0 le parler de mani\u00e8re aussi belle?\u00bb, a demand\u00e9 le pr\u00e9sident am\u00e9ricain \u00e0 son homologue Joseph Boakai, qu\u2019il recevait \u00e0 la Maison-Blanche.<\/p>\n<p class=\"fig-paragraph\"><a href=\"https:\/\/www.lefigaro.fr\/tag\/donald-trump\" target=\"_blank\" rel=\"noopener nofollow\" data-gtm-custom-categorie=\"navigation\" data-gtm-custom-action=\"crossclick\" data-gtm-custom-label=\"Contextuel\" data-gtm-event=\"customEventSPE\">Donald Trump<\/a>\u00a0a compliment\u00e9 mercredi 8 juillet le pr\u00e9sident du\u00a0<a href=\"https:\/\/www.lefigaro.fr\/tag\/liberia\" target=\"_blank\" rel=\"noopener nofollow\" data-gtm-custom-categorie=\"navigation\" data-gtm-custom-action=\"crossclick\" data-gtm-custom-label=\"Contextuel\" data-gtm-event=\"customEventSPE\">Liberia<\/a>, Joseph Boakai, pour son niveau d&rsquo;anglais, alors qu&rsquo;il s&rsquo;agit de la langue officielle de ce pays d&rsquo;Afrique de l&rsquo;Ouest. \u00abMerci, et dans un si bon anglais, si beau\u00bb, a d\u00e9clar\u00e9 le pr\u00e9sident am\u00e9ricain alors qu&rsquo;il recevait cinq pr\u00e9sidents africains \u00e0 la Maison-Blanche pour \u00e9voquer des questions commerciales, notamment d&rsquo;exploitation de minerais.<\/p>\n<p class=\"fig-paragraph\">\u00abO\u00f9 avez-vous appris \u00e0 le parler de mani\u00e8re aussi belle? O\u00f9 avez-vous \u00e9tudi\u00e9? Au Liberia?\u00bb, a press\u00e9 Donald Trump. Joseph Boakai a d&rsquo;abord eu un petit rire g\u00ean\u00e9 avant de simplement r\u00e9pondre \u00abOui monsieur\u00bb \u00e0 la derni\u00e8re question. \u00abEt bien c&rsquo;est tr\u00e8s int\u00e9ressant, c&rsquo;est un bel anglais. J&rsquo;ai des gens autour de cette table qui sont loin de le parler aussi bien que vous\u00bb, a conclu le pr\u00e9sident am\u00e9ricain.<\/p>\n<p>                                    <a class=\"fig-a11y-skip a11y-hidden\" href=\"#fig-a11y-skip-main-inarticle\"><br \/>\n        Passer la publicit\u00e9<br \/>\n    <\/a><\/p>\n<p class=\"fig-paragraph\">Le Liberia est la plus ancienne r\u00e9publique d&rsquo;Afrique subsaharienne, fond\u00e9e en 1822 sous l&rsquo;impulsion des \u00c9tats-Unis pour des esclaves noirs affranchis. L&rsquo;anglais est sa langue officielle et la plus largement utilis\u00e9e \u00e0 travers le pays. Pr\u00e9sident depuis 2024, Joseph Boakai a \u00e9tudi\u00e9 \u00e0 l&rsquo;universit\u00e9 du Liberia, dans la capitale Monrovia, ainsi qu&rsquo;\u00e0 l&rsquo;universit\u00e9 d&rsquo;\u00c9tat du Kansas, dans le centre des \u00c9tats-Unis.<\/p>\n","protected":false},"excerpt":{"rendered":"\u00abO\u00f9 avez-vous appris \u00e0 le parler de mani\u00e8re aussi belle?\u00bb, a demand\u00e9 le pr\u00e9sident am\u00e9ricain \u00e0 son homologue&hellip;\n","protected":false},"author":2,"featured_media":238784,"comment_status":"","ping_status":"","sticky":false,"template":"","format":"standard","meta":{"footnotes":""},"categories":[5],"tags":[11,75,73,1011,27,14,37857,12,28],"class_list":{"0":"post-238783","1":"post","2":"type-post","3":"status-publish","4":"format-standard","5":"has-post-thumbnail","7":"category-international","8":"tag-actualites","9":"tag-donald-trump","10":"tag-etats-unis","11":"tag-fr","12":"tag-france","13":"tag-international","14":"tag-liberia","15":"tag-news","16":"tag-world"},"share_on_mastodon":{"url":"https:\/\/pubeurope.com\/@fr\/114825973121352421","error":""},"_links":{"self":[{"href":"https:\/\/www.europesays.com\/fr\/wp-json\/wp\/v2\/posts\/238783","targetHints":{"allow":["GET"]}}],"collection":[{"href":"https:\/\/www.europesays.com\/fr\/wp-json\/wp\/v2\/posts"}],"about":[{"href":"https:\/\/www.europesays.com\/fr\/wp-json\/wp\/v2\/types\/post"}],"author":[{"embeddable":true,"href":"https:\/\/www.europesays.com\/fr\/wp-json\/wp\/v2\/users\/2"}],"replies":[{"embeddable":true,"href":"https:\/\/www.europesays.com\/fr\/wp-json\/wp\/v2\/comments?post=238783"}],"version-history":[{"count":0,"href":"https:\/\/www.europesays.com\/fr\/wp-json\/wp\/v2\/posts\/238783\/revisions"}],"wp:featuredmedia":[{"embeddable":true,"href":"https:\/\/www.europesays.com\/fr\/wp-json\/wp\/v2\/media\/238784"}],"wp:attachment":[{"href":"https:\/\/www.europesays.com\/fr\/wp-json\/wp\/v2\/media?parent=238783"}],"wp:term":[{"taxonomy":"category","embeddable":true,"href":"https:\/\/www.europesays.com\/fr\/wp-json\/wp\/v2\/categories?post=238783"},{"taxonomy":"post_tag","embeddable":true,"href":"https:\/\/www.europesays.com\/fr\/wp-json\/wp\/v2\/tags?post=238783"}],"curies":[{"name":"wp","href":"https:\/\/api.w.org\/{rel}","templated":true}]}}