{"id":238787,"date":"2025-07-09T23:55:12","date_gmt":"2025-07-09T23:55:12","guid":{"rendered":"https:\/\/www.europesays.com\/fr\/238787\/"},"modified":"2025-07-09T23:55:12","modified_gmt":"2025-07-09T23:55:12","slug":"le-gouvernement-devoile-18-mesures-pour-simplifier-la-vie-des-personnes-en-situation-de-handicap","status":"publish","type":"post","link":"https:\/\/www.europesays.com\/fr\/238787\/","title":{"rendered":"Le gouvernement d\u00e9voile 18 mesures pour \u00ab\u00a0simplifier la vie\u00a0\u00bb des personnes en situation de handicap"},"content":{"rendered":"<p>        <img decoding=\"async\" loading=\"lazy\" src=\"https:\/\/www.europesays.com\/fr\/wp-content\/uploads\/2025\/07\/12efeb3_upload-1-e72max1ysf0y-000-46hl4xb.jpg\"  width=\"728\" height=\"409\" alt=\"La ministre charg\u00e9e des Personnes handicap\u00e9es, Charlotte Parmentier-Lecocq, annonce dix-huit mesures pour \u00ab\u00a0simplifier la vie\u00a0\u00bb des personnes en situation de handicap.\"\/>  <\/p>\n<p>LUDOVIC MARIN \/ AFP<\/p>\n<p>La ministre charg\u00e9e des Personnes handicap\u00e9es, Charlotte Parmentier-Lecocq, annonce dix-huit mesures pour \u00ab\u00a0simplifier la vie\u00a0\u00bb des personnes en situation de handicap.<\/p>\n<p class=\"asset asset-text\">POLITIQUE &#8211; Un gros chantier d\u2019\u00e9t\u00e9 pour r\u00e9duire les longs parcours administratifs. La ministre charg\u00e9e des Personnes handicap\u00e9es,<a href=\"https:\/\/www.huffingtonpost.fr\/politique\/article\/charlotte-parmentier-lecocq-ministre-chargee-du-handicap-michel-barnier-tente-d-eteindre-la-polemique_240088.html\" target=\"_blank\" rel=\"noopener\" title=\"Nouvelle fen\u00eatre\"> Charlotte Parmentier-Lecocq<\/a>, annonce une s\u00e9rie de dix-huit mesures pour \u00ab\u00a0simplifier la vie\u00a0\u00bb des<a href=\"https:\/\/www.huffingtonpost.fr\/medias\/article\/m6-la-journaliste-celine-collonge-insultee-en-direct-sur-son-handicap-julien-courbet-la-defend_250957.html\" target=\"_blank\" rel=\"noopener\" title=\"Nouvelle fen\u00eatre\"> personnes en situation de handicap<\/a> et faciliter leur acc\u00e8s aux droits, dans une interview publi\u00e9e ce mercredi 9\u00a0juillet dans <a href=\"https:\/\/www.ouest-france.fr\/sante\/handicaps\/exclusif-il-faut-simplifier-la-vie-des-personnes-handicapees-les-annonces-de-la-ministre-489fcf24-5cad-11f0-a0c4-7d0511e82e11\" target=\"_blank\" rel=\"noopener\" title=\"Nouvelle fen\u00eatre\">Ouest France. <\/a><\/p>\n<p class=\"asset asset-text\">Ces mesures visent notamment \u00e0 \u00ab\u00a0all\u00e9ger les d\u00e9marches\u00a0\u00bb et \u00ab\u00a0r\u00e9duire les d\u00e9lais\u00a0\u00bb des Maisons d\u00e9partementales des personnes handicap\u00e9es (MDPH), qui attribuent les aides et \u00e9tudient quelque 5 millions de dossiers par an, a \u00e9galement expliqu\u00e9 le minist\u00e8re lors d\u2019un point presse.<\/p>\n<p class=\"asset asset-text\">Les d\u00e9lais de traitement des demandes d\u2019Allocation adulte handicap\u00e9 (AAH), par exemple, \u00e9taient de cinq mois en moyenne en d\u00e9cembre 2024, selon la Caisse nationale de solidarit\u00e9 pour l\u2019autonomie (CNSA).<\/p>\n<p>    Moins de renouvelement de dossiers pour les \u00e9l\u00e8ves    <\/p>\n<p class=\"asset asset-text\">Pour tenter de r\u00e9duire le volume de demandes \u00e0 traiter, \u00e0 partir d\u2019avril 2026, les \u00ab\u00a0droits et compensations\u00a0\u00bb pour les \u00e9l\u00e8ves handicap\u00e9s seront attribu\u00e9s \u00ab\u00a0pour toute une p\u00e9riode scolaire\u00a0\u00bb (maternelle, primaire, coll\u00e8ge, lyc\u00e9e), sans besoin de renouveler le dossier \u00e0 la MDPH, qui attribue ces aides sur la base d\u2019un dossier m\u00e9dical, selon le minist\u00e8re.<\/p>\n<p class=\"asset asset-text\">Par ailleurs, du \u00ab\u00a0mat\u00e9riel et des aides p\u00e9dagogiques\u00a0\u00bb pourront \u00eatre attribu\u00e9s directement par les \u00e9quipes p\u00e9dagogiques, sans passer par les MDPH, au fur et \u00e0 mesure que les P\u00f4les d\u2019appui \u00e0 la scolarit\u00e9 (PAS) se d\u00e9ploieront sur le territoire.<\/p>\n<p class=\"asset asset-text\">En place depuis la rentr\u00e9e 2024 dans quatre d\u00e9partements, ces PAS, constitu\u00e9s d\u2019un bin\u00f4me enseignant\/\u00e9ducateur, doivent \u00eatre g\u00e9n\u00e9ralis\u00e9s \u00e0 la rentr\u00e9e 2027, selon le minist\u00e8re.<\/p>\n<p>    D\u00e9sengorger les MDPH et d\u00e9ploiement de l\u2019IA    <\/p>\n<p class=\"asset asset-text\">\u00ab\u00a0Quand un\u00a0handicap\u00a0ne va pas \u00e9voluer favorablement, les droits qu\u2019il ouvre doivent \u00eatre reconnus d\u00e9finitivement. Plusieurs MDPH continuent, aujourd\u2019hui, d\u2019exiger une analyse annuelle des situations\u2026 alors que la loi dit l\u2019inverse\u00a0\u00bb, souligne la ministre dans son entretien \u00e0 Ouest France. \u00ab\u00a0Nous allons la faire appliquer par tous et l\u2019\u00e9largir. Notamment \u00e0 l\u2019Allocation d\u2019\u00e9ducation de l\u2019enfant handicap\u00e9. Si le\u00a0handicap\u00a0ne peut pas \u00e9voluer favorablement, l\u2019aide de base sera, alors, garantie jusqu\u2019aux vingt ans du b\u00e9n\u00e9ficiaire\u00a0\u00bb, poursuit-elle.<\/p>\n<p class=\"asset asset-text\">Des \u00ab\u00a0rendez-vous en pr\u00e9sentiel\u00a0\u00bb seront propos\u00e9s dans les MDPH pour tous ceux qui d\u00e9posent une premi\u00e8re demande, afin d\u2019expliquer les droits et faciliter le remplissage des dossiers.\u00a0La mesure, qui implique le renforcement des effectifs dans les MDPH pour un budget de 26 millions d\u2019euros, sera d\u00e9ploy\u00e9e au cours de l\u2019ann\u00e9e 2026.<\/p>\n<p class=\"asset asset-text\">Le gouvernement entend d\u00e9sengorger les MDPH en les d\u00e9chargeant de la gestion des demandes de cartes d\u2019invalidit\u00e9 des personnes \u00e2g\u00e9es de plus de 60 ans, qui repr\u00e9sentent un quart des demandes faites aux MDPH, a indiqu\u00e9 le minist\u00e8re.<\/p>\n<p class=\"asset asset-text\">Le plan pr\u00e9voit aussi d\u2019exp\u00e9rimenter le d\u00e9ploiement de l\u2019intelligence artificielle pour acc\u00e9l\u00e9rer le traitement des dossiers.<\/p>\n","protected":false},"excerpt":{"rendered":"LUDOVIC MARIN \/ AFP La ministre charg\u00e9e des Personnes handicap\u00e9es, Charlotte Parmentier-Lecocq, annonce dix-huit mesures pour \u00ab\u00a0simplifier la&hellip;\n","protected":false},"author":2,"featured_media":238788,"comment_status":"","ping_status":"","sticky":false,"template":"","format":"standard","meta":{"footnotes":""},"categories":[2],"tags":[11,1011,27,1943,5656,12,7418,37858,316],"class_list":{"0":"post-238787","1":"post","2":"type-post","3":"status-publish","4":"format-standard","5":"has-post-thumbnail","7":"category-actualites","8":"tag-actualites","9":"tag-fr","10":"tag-france","11":"tag-handicap","12":"tag-life","13":"tag-news","14":"tag-ouest-france","15":"tag-personne-en-situation-de-handicap","16":"tag-politique"},"share_on_mastodon":{"url":"https:\/\/pubeurope.com\/@fr\/114825981116048827","error":""},"_links":{"self":[{"href":"https:\/\/www.europesays.com\/fr\/wp-json\/wp\/v2\/posts\/238787","targetHints":{"allow":["GET"]}}],"collection":[{"href":"https:\/\/www.europesays.com\/fr\/wp-json\/wp\/v2\/posts"}],"about":[{"href":"https:\/\/www.europesays.com\/fr\/wp-json\/wp\/v2\/types\/post"}],"author":[{"embeddable":true,"href":"https:\/\/www.europesays.com\/fr\/wp-json\/wp\/v2\/users\/2"}],"replies":[{"embeddable":true,"href":"https:\/\/www.europesays.com\/fr\/wp-json\/wp\/v2\/comments?post=238787"}],"version-history":[{"count":0,"href":"https:\/\/www.europesays.com\/fr\/wp-json\/wp\/v2\/posts\/238787\/revisions"}],"wp:featuredmedia":[{"embeddable":true,"href":"https:\/\/www.europesays.com\/fr\/wp-json\/wp\/v2\/media\/238788"}],"wp:attachment":[{"href":"https:\/\/www.europesays.com\/fr\/wp-json\/wp\/v2\/media?parent=238787"}],"wp:term":[{"taxonomy":"category","embeddable":true,"href":"https:\/\/www.europesays.com\/fr\/wp-json\/wp\/v2\/categories?post=238787"},{"taxonomy":"post_tag","embeddable":true,"href":"https:\/\/www.europesays.com\/fr\/wp-json\/wp\/v2\/tags?post=238787"}],"curies":[{"name":"wp","href":"https:\/\/api.w.org\/{rel}","templated":true}]}}