{"id":238793,"date":"2025-07-09T23:59:33","date_gmt":"2025-07-09T23:59:33","guid":{"rendered":"https:\/\/www.europesays.com\/fr\/238793\/"},"modified":"2025-07-09T23:59:33","modified_gmt":"2025-07-09T23:59:33","slug":"nancy-metal-heavy-week-end-2025","status":"publish","type":"post","link":"https:\/\/www.europesays.com\/fr\/238793\/","title":{"rendered":"NANCY > METAL > HEAVY WEEK-END 2025"},"content":{"rendered":"<p class=\"has-medium-font-size\">Sous un ciel capricieux, le Z\u00e9nith de Nancy a vibr\u00e9 au son du m\u00e9tal pendant trois jours intenses. <\/p>\n<p class=\"has-medium-font-size\">Entre pluie, \u00e9nergie brute et communion musicale, retour sur un festival qui a tenu toutes ses promesses.<\/p>\n<p class=\"has-medium-font-size\">Le Heavy Week-End 2025, qui s\u2019est tenu d\u00e9but juin \u00e0 Nancy, a une fois de plus prouv\u00e9 qu\u2019il \u00e9tait un incontournable pour les amateurs de m\u00e9tal et de hard rock. Malgr\u00e9 un climat pluvieux et un peu froid pour la saison, les festivaliers ont \u00e9t\u00e9 g\u00e2t\u00e9s par des performances m\u00e9morables et une ambiance \u00e9lectrique. Le dernier jour, Slipknot a attir\u00e9 une foule impressionnante de 15 000 \u00e0 17 000 spectateurs, tous ravis de voir leur groupe pr\u00e9f\u00e9r\u00e9 sur sc\u00e8ne.<\/p>\n<p>Jour 1 : Un d\u00e9but \u00e9lectrique malgr\u00e9 la pluie<\/p>\n<p class=\"has-medium-font-size\">La m\u00e9t\u00e9o n\u2019a pas d\u00e9courag\u00e9 les festivaliers, bien au contraire. K-way sur le dos et bi\u00e8res \u00e0 la main, les<br \/>fans ont r\u00e9pondu pr\u00e9sent d\u00e8s le jeudi. <\/p>\n<p class=\"has-medium-font-size\">Vandenberg ouvre le bal avec une \u00e9l\u00e9gance vintage, revisitant les classiques de Whitesnake. <\/p>\n<p class=\"has-medium-font-size\">Encha\u00eenent Battle Beast, infusant le power m\u00e9tal finlandais d\u2019une \u00e9nergie folle, et Saxon, v\u00e9ritables gardiens du heavy britannique.<\/p>\n<p class=\"has-medium-font-size\">La t\u00eate d\u2019affiche Powerwolf termine en beaut\u00e9 avec un show \u00e0 l\u2019esth\u00e9tique gothico-mystique, port\u00e9 par leur dernier opus Interludium (2024).<\/p>\n<p class=\"has-medium-font-size\">Le public, tremp\u00e9 mais conquis, entre dans la transe.<\/p>\n<p>Affiche du jour 1\u00a0<\/p>\n<p> Setlist <\/p>\n<tr>\n<td><strong>01. Vandenberg<\/strong><\/td>\n<td><strong>02 .Battle Beast<\/strong><\/td>\n<td><strong>03. Saxon<\/strong><\/td>\n<td><strong>04. Powerwolf<\/strong><\/td>\n<\/tr>\n<tr>\n<td>Bad boys <br \/>Fool for your Loving<br \/>Give me all your Love<br \/>Judgment day<br \/>Crying in the Rain<br \/>Still of the Night <br \/>Here I go again<\/td>\n<td>Straight to the Heart <br \/>Master of Illusion <br \/>Last Goodbye<br \/>No More Hollywood Endings<br \/>Eye of the Storm<br \/>Where Angels Fear to Fly<br \/>Bastard Son of Odin <br \/>Steelbound <br \/>Wings of Light<br \/>Eden <br \/>King for a Day<\/td>\n<td>Hell<br \/>Fire and Damnation <br \/>Power and the Glory<br \/>Dogs of War<br \/>Motorcycle Man <br \/>Madame Guillotine <br \/>Heavy Metal Thunder<br \/>Dallas 1 PM <br \/>Strong Arm of the Law<br \/>1066<br \/>And the Bands Played On<br \/>Denim and Leather<br \/>747 (Strangers in the Night) <\/p>\n<p>Wheels of Steel <br \/>Crusader Princess of the Night<\/p>\n<\/td>\n<td>Bless \u2019em With the Blade<br \/>Incense &amp; Iron<br \/>Army of the Night<br \/>Sinners of the Seven Seas<br \/>Amen &amp; Attack <br \/>Dancing With the Dead <br \/>Armata Strigoi <br \/>B\u00eate du G\u00e9vaudan <br \/>Demons Are a Girl\u2019s Best Friend<br \/>Stossgebet <br \/>Fire and Forgive Werewolves of Armenia <br \/>Heretic Hunters<br \/>Blood for Blood (Faoladh)<br \/>Sanctified With Dynamite<br \/>We Drink Your Blood<\/td>\n<\/tr>\n<p>01. Vandenberg<\/p>\n<p class=\"has-medium-font-size\">Le premier jour du festival a \u00e9t\u00e9 marqu\u00e9 par des performances puissantes et vari\u00e9es. Vandenberg a ouvert le bal avec un hommage \u00e0 Whitesnake, suivi par Battle Beast, les jeunes loups finlandais du power metal. Saxon a ensuite pris le relais, avant que Powerwolf ne cl\u00f4ture la soir\u00e9e en t\u00eate d\u2019affiche.<\/p>\n<p><img loading=\"lazy\" decoding=\"async\" width=\"1024\" height=\"1024\" src=\"https:\/\/www.europesays.com\/fr\/wp-content\/uploads\/2025\/07\/Vanderberg-07.jpg\" alt=\"\" class=\"wp-image-1505319\"\/><\/p>\n<p class=\"has-medium-font-size\">Vandenberg Adrian Vandenberg, le guitariste n\u00e9erlandais, a ouvert le festival avec un concert d\u00e9di\u00e9 \u00e0 Whitesnake. Vandenberg, connu pour son travail avec Whitesnake et son propre groupe, a su captiver le public avec des classiques intemporels. Son style unique et son \u00e9nergie sur sc\u00e8ne ont rappel\u00e9 pourquoi il est une l\u00e9gende du hard rock.<\/p>\n<p>02. Battle Beast<\/p>\n<p><img loading=\"lazy\" decoding=\"async\" width=\"1024\" height=\"768\" src=\"https:\/\/www.europesays.com\/fr\/wp-content\/uploads\/2025\/07\/BattleBeast-05.jpg\" alt=\"\" class=\"wp-image-1505326\"\/><\/p>\n<p class=\"has-medium-font-size\">Battle Beast Battle Beast, le groupe finlandais de power m\u00e9tal, a suivi avec une performance \u00e9nergique. Leur musique, un m\u00e9lange de m\u00e9tal et de m\u00e9lodies accrocheuses, a conquis le public. Leur dernier album, \u201cCircus of Doom\u201d, sorti en 2023, a \u00e9t\u00e9 bien re\u00e7u par les fans et la critique, consolidant leur place dans le paysage du m\u00e9tal moderne.<\/p>\n<p>03. Saxon<\/p>\n<p><img loading=\"lazy\" decoding=\"async\" width=\"1024\" height=\"682\" src=\"https:\/\/www.europesays.com\/fr\/wp-content\/uploads\/2025\/07\/Saxon-05.jpg\" alt=\"\" class=\"wp-image-1505330\"\/><\/p>\n<p class=\"has-medium-font-size\">Saxon Saxon, les v\u00e9t\u00e9rans du heavy metal britannique, ont offert une performance solide et \u00e9prouv\u00e9e. Avec une carri\u00e8re s\u2019\u00e9tendant sur plusieurs d\u00e9cennies, Saxon continue de prouver qu\u2019ils sont une force avec laquelle il faut compter. Leur dernier album, \u201cHell, Fire and Damnation\u201d, sorti en 2024, a \u00e9t\u00e9 salu\u00e9 pour son retour aux racines du heavy metal classique.<\/p>\n<p>04. Powerwolf <\/p>\n<p><img loading=\"lazy\" decoding=\"async\" width=\"1024\" height=\"1024\" src=\"https:\/\/www.europesays.com\/fr\/wp-content\/uploads\/2025\/07\/Powerwolf-48.jpg\" alt=\"\" class=\"wp-image-1505343\"\/><\/p>\n<p class=\"has-medium-font-size\">Powerwolf Powerwolf, la t\u00eate d\u2019affiche de la premi\u00e8re soir\u00e9e, a cl\u00f4tur\u00e9 la journ\u00e9e avec une performance th\u00e9\u00e2trale et puissante. Leur style unique, m\u00e9langeant m\u00e9tal et th\u00e8mes lyriques, a captiv\u00e9 le public. Leur dernier album, \u201cInterludium\u201d, sorti en 2024, a \u00e9t\u00e9 acclam\u00e9 pour son m\u00e9lange de puissance et de m\u00e9lodie.<\/p>\n<p>Galerie Photo<\/p>\n<p><a href=\"https:\/\/www.europesays.com\/fr\/wp-content\/uploads\/2025\/07\/Vanderberg-04.jpg\"><img loading=\"lazy\" decoding=\"async\" width=\"1024\" height=\"768\" data-id=\"1505318\" src=\"https:\/\/www.europesays.com\/fr\/wp-content\/uploads\/2025\/07\/Vanderberg-04.jpg\" alt=\"\" class=\"wp-image-1505318\"\/><\/a><\/p>\n<p><a href=\"https:\/\/www.europesays.com\/fr\/wp-content\/uploads\/2025\/07\/Vanderberg-07.jpg\"><img loading=\"lazy\" decoding=\"async\" width=\"1024\" height=\"1024\" data-id=\"1505319\" src=\"https:\/\/www.europesays.com\/fr\/wp-content\/uploads\/2025\/07\/Vanderberg-07.jpg\" alt=\"\" class=\"wp-image-1505319\"\/><\/a><\/p>\n<p><a href=\"https:\/\/www.europesays.com\/fr\/wp-content\/uploads\/2025\/07\/Vanderberg-09.jpg\"><img loading=\"lazy\" decoding=\"async\" width=\"1024\" height=\"682\" data-id=\"1505320\" src=\"https:\/\/www.europesays.com\/fr\/wp-content\/uploads\/2025\/07\/Vanderberg-09.jpg\" alt=\"\" class=\"wp-image-1505320\"\/><\/a><\/p>\n<p><a href=\"https:\/\/www.europesays.com\/fr\/wp-content\/uploads\/2025\/07\/Vanderberg-14.jpg\"><img loading=\"lazy\" decoding=\"async\" width=\"1024\" height=\"682\" data-id=\"1505321\" src=\"https:\/\/www.europesays.com\/fr\/wp-content\/uploads\/2025\/07\/Vanderberg-14.jpg\" alt=\"\" class=\"wp-image-1505321\"\/><\/a><\/p>\n<p><a href=\"https:\/\/www.europesays.com\/fr\/wp-content\/uploads\/2025\/07\/Vanderberg-15.jpg\"><img loading=\"lazy\" decoding=\"async\" width=\"1024\" height=\"682\" data-id=\"1505322\" src=\"https:\/\/www.europesays.com\/fr\/wp-content\/uploads\/2025\/07\/Vanderberg-15.jpg\" alt=\"\" class=\"wp-image-1505322\"\/><\/a><\/p>\n<p><a href=\"https:\/\/www.info-lux.com\/wp-content\/uploads\/2025\/07\/Vanderberg-18.jpg\" target=\"_blank\" rel=\"noopener\"><img loading=\"lazy\" decoding=\"async\" width=\"683\" height=\"1024\" data-id=\"1505323\" src=\"https:\/\/www.europesays.com\/fr\/wp-content\/uploads\/2025\/07\/Vanderberg-18-683x1024.jpg\" alt=\"\" class=\"wp-image-1505323\"\/><\/a><\/p>\n<p><a href=\"https:\/\/www.europesays.com\/fr\/wp-content\/uploads\/2025\/07\/BattleBeast-01.jpg\"><img loading=\"lazy\" decoding=\"async\" width=\"1024\" height=\"682\" data-id=\"1505324\" src=\"https:\/\/www.europesays.com\/fr\/wp-content\/uploads\/2025\/07\/BattleBeast-01.jpg\" alt=\"\" class=\"wp-image-1505324\"\/><\/a><\/p>\n<p><a href=\"https:\/\/www.info-lux.com\/wp-content\/uploads\/2025\/07\/BattleBeast-03.jpg\" target=\"_blank\" rel=\"noopener\"><img loading=\"lazy\" decoding=\"async\" width=\"683\" height=\"1024\" data-id=\"1505325\" src=\"https:\/\/www.europesays.com\/fr\/wp-content\/uploads\/2025\/07\/BattleBeast-03-683x1024.jpg\" alt=\"\" class=\"wp-image-1505325\"\/><\/a><\/p>\n<p><a href=\"https:\/\/www.europesays.com\/fr\/wp-content\/uploads\/2025\/07\/BattleBeast-05.jpg\"><img loading=\"lazy\" decoding=\"async\" width=\"1024\" height=\"768\" data-id=\"1505326\" src=\"https:\/\/www.europesays.com\/fr\/wp-content\/uploads\/2025\/07\/BattleBeast-05.jpg\" alt=\"\" class=\"wp-image-1505326\"\/><\/a><\/p>\n<p><a href=\"https:\/\/www.europesays.com\/fr\/wp-content\/uploads\/2025\/07\/BattleBeast-07.jpg\"><img loading=\"lazy\" decoding=\"async\" width=\"1024\" height=\"682\" data-id=\"1505327\" src=\"https:\/\/www.europesays.com\/fr\/wp-content\/uploads\/2025\/07\/BattleBeast-07.jpg\" alt=\"\" class=\"wp-image-1505327\"\/><\/a><\/p>\n<p><a href=\"https:\/\/www.europesays.com\/fr\/wp-content\/uploads\/2025\/07\/Saxon-02.jpg\"><img loading=\"lazy\" decoding=\"async\" width=\"1024\" height=\"682\" data-id=\"1505328\" src=\"https:\/\/www.europesays.com\/fr\/wp-content\/uploads\/2025\/07\/Saxon-02.jpg\" alt=\"\" class=\"wp-image-1505328\"\/><\/a><\/p>\n<p><a href=\"https:\/\/www.europesays.com\/fr\/wp-content\/uploads\/2025\/07\/Saxon-03.jpg\"><img loading=\"lazy\" decoding=\"async\" width=\"1024\" height=\"682\" data-id=\"1505329\" src=\"https:\/\/www.europesays.com\/fr\/wp-content\/uploads\/2025\/07\/Saxon-03.jpg\" alt=\"\" class=\"wp-image-1505329\"\/><\/a><\/p>\n<p><a href=\"https:\/\/www.europesays.com\/fr\/wp-content\/uploads\/2025\/07\/Saxon-05.jpg\"><img loading=\"lazy\" decoding=\"async\" width=\"1024\" height=\"682\" data-id=\"1505330\" src=\"https:\/\/www.europesays.com\/fr\/wp-content\/uploads\/2025\/07\/Saxon-05.jpg\" alt=\"\" class=\"wp-image-1505330\"\/><\/a><\/p>\n<p><a href=\"https:\/\/www.info-lux.com\/wp-content\/uploads\/2025\/07\/Saxon-06.jpg\" target=\"_blank\" rel=\"noopener\"><img loading=\"lazy\" decoding=\"async\" width=\"819\" height=\"1024\" data-id=\"1505331\" src=\"https:\/\/www.europesays.com\/fr\/wp-content\/uploads\/2025\/07\/Saxon-06-819x1024.jpg\" alt=\"\" class=\"wp-image-1505331\"\/><\/a><\/p>\n<p><a href=\"https:\/\/www.europesays.com\/fr\/wp-content\/uploads\/2025\/07\/Saxon-07.jpg\"><img loading=\"lazy\" decoding=\"async\" width=\"1024\" height=\"683\" data-id=\"1505332\" src=\"https:\/\/www.europesays.com\/fr\/wp-content\/uploads\/2025\/07\/Saxon-07.jpg\" alt=\"\" class=\"wp-image-1505332\"\/><\/a><\/p>\n<p><a href=\"https:\/\/www.europesays.com\/fr\/wp-content\/uploads\/2025\/07\/Powerwolf-01.jpg\"><img loading=\"lazy\" decoding=\"async\" width=\"1024\" height=\"683\" data-id=\"1505333\" src=\"https:\/\/www.europesays.com\/fr\/wp-content\/uploads\/2025\/07\/Powerwolf-01.jpg\" alt=\"\" class=\"wp-image-1505333\"\/><\/a><\/p>\n<p><a href=\"https:\/\/www.europesays.com\/fr\/wp-content\/uploads\/2025\/07\/Powerwolf-02.jpg\"><img loading=\"lazy\" decoding=\"async\" width=\"1024\" height=\"683\" data-id=\"1505334\" src=\"https:\/\/www.europesays.com\/fr\/wp-content\/uploads\/2025\/07\/Powerwolf-02.jpg\" alt=\"\" class=\"wp-image-1505334\"\/><\/a><\/p>\n<p><a href=\"https:\/\/www.europesays.com\/fr\/wp-content\/uploads\/2025\/07\/Powerwolf-21.jpg\"><img loading=\"lazy\" decoding=\"async\" width=\"1024\" height=\"683\" data-id=\"1505335\" src=\"https:\/\/www.europesays.com\/fr\/wp-content\/uploads\/2025\/07\/Powerwolf-21.jpg\" alt=\"\" class=\"wp-image-1505335\"\/><\/a><\/p>\n<p><a href=\"https:\/\/www.info-lux.com\/wp-content\/uploads\/2025\/07\/Powerwolf-26.jpg\" target=\"_blank\" rel=\"noopener\"><img loading=\"lazy\" decoding=\"async\" width=\"683\" height=\"1024\" data-id=\"1505336\" src=\"https:\/\/www.europesays.com\/fr\/wp-content\/uploads\/2025\/07\/Powerwolf-26-683x1024.jpg\" alt=\"\" class=\"wp-image-1505336\"\/><\/a><\/p>\n<p><a href=\"https:\/\/www.europesays.com\/fr\/wp-content\/uploads\/2025\/07\/Powerwolf-32.jpg\"><img loading=\"lazy\" decoding=\"async\" width=\"1024\" height=\"682\" data-id=\"1505337\" src=\"https:\/\/www.europesays.com\/fr\/wp-content\/uploads\/2025\/07\/Powerwolf-32.jpg\" alt=\"\" class=\"wp-image-1505337\"\/><\/a><\/p>\n<p><a href=\"https:\/\/www.europesays.com\/fr\/wp-content\/uploads\/2025\/07\/Powerwolf-33.jpg\"><img loading=\"lazy\" decoding=\"async\" width=\"1024\" height=\"1024\" data-id=\"1505338\" src=\"https:\/\/www.europesays.com\/fr\/wp-content\/uploads\/2025\/07\/Powerwolf-33.jpg\" alt=\"\" class=\"wp-image-1505338\"\/><\/a><\/p>\n<p><a href=\"https:\/\/www.info-lux.com\/wp-content\/uploads\/2025\/07\/Powerwolf-35.jpg\" target=\"_blank\" rel=\"noopener\"><img loading=\"lazy\" decoding=\"async\" width=\"683\" height=\"1024\" data-id=\"1505339\" src=\"https:\/\/www.europesays.com\/fr\/wp-content\/uploads\/2025\/07\/Powerwolf-35-683x1024.jpg\" alt=\"\" class=\"wp-image-1505339\"\/><\/a><\/p>\n<p><a href=\"https:\/\/www.europesays.com\/fr\/wp-content\/uploads\/2025\/07\/Powerwolf-36.jpg\"><img loading=\"lazy\" decoding=\"async\" width=\"1024\" height=\"682\" data-id=\"1505340\" src=\"https:\/\/www.europesays.com\/fr\/wp-content\/uploads\/2025\/07\/Powerwolf-36.jpg\" alt=\"\" class=\"wp-image-1505340\"\/><\/a><\/p>\n<p><a href=\"https:\/\/www.info-lux.com\/wp-content\/uploads\/2025\/07\/Powerwolf-38.jpg\" target=\"_blank\" rel=\"noopener\"><img loading=\"lazy\" decoding=\"async\" width=\"683\" height=\"1024\" data-id=\"1505341\" src=\"https:\/\/www.europesays.com\/fr\/wp-content\/uploads\/2025\/07\/Powerwolf-38-683x1024.jpg\" alt=\"\" class=\"wp-image-1505341\"\/><\/a><\/p>\n<p><a href=\"https:\/\/www.info-lux.com\/wp-content\/uploads\/2025\/07\/Powerwolf-45.jpg\" target=\"_blank\" rel=\"noopener\"><img loading=\"lazy\" decoding=\"async\" width=\"819\" height=\"1024\" data-id=\"1505342\" src=\"https:\/\/www.europesays.com\/fr\/wp-content\/uploads\/2025\/07\/Powerwolf-45-819x1024.jpg\" alt=\"\" class=\"wp-image-1505342\"\/><\/a><\/p>\n<p><a href=\"https:\/\/www.europesays.com\/fr\/wp-content\/uploads\/2025\/07\/Powerwolf-48.jpg\"><img loading=\"lazy\" decoding=\"async\" width=\"1024\" height=\"1024\" data-id=\"1505343\" src=\"https:\/\/www.europesays.com\/fr\/wp-content\/uploads\/2025\/07\/Powerwolf-48.jpg\" alt=\"\" class=\"wp-image-1505343\"\/><\/a><\/p>\n<p>Jour 2 : virtuosit\u00e9 et nostalgie<\/p>\n<p class=\"has-medium-font-size\">Le vendredi monte en intensit\u00e9. Wings of Steel d\u00e9marre fort avec une prestation prometteuse.<\/p>\n<p class=\"has-medium-font-size\">Vanden Plas, dans un registre plus progressif, impose un moment de gr\u00e2ce.<\/p>\n<p class=\"has-medium-font-size\">Puis la nostalgie prend le dessus avec Europe et ses hymnes interg\u00e9n\u00e9rationnels.<\/p>\n<p class=\"has-medium-font-size\"> \u201cThe Final Countdown\u201d soul\u00e8ve litt\u00e9ralement le chapiteau du Z\u00e9nith.<\/p>\n<p class=\"has-medium-font-size\">Enfin, Dream Theater, ma\u00eetres du m\u00e9tal progressif, concluent par une performance aussi technique qu\u2019envo\u00fbtante. <\/p>\n<p class=\"has-medium-font-size\">Un voyage musical que m\u00eame la pluie n\u2019a pas su interrompre.<\/p>\n<p>Affiche du jour 2\u00a0<\/p>\n<p> Setlist <\/p>\n<tr>\n<td><strong>01. Wings of steel<\/strong><\/td>\n<td><strong>02 .Vanden Plas<\/strong><\/td>\n<td><strong>03. Europe<\/strong><\/td>\n<td><strong>04. Dreamtheater<\/strong><\/td>\n<\/tr>\n<tr>\n<td>Fall in Line<br \/>Liar in Love<br \/>Cry of the Damned<br \/>She Cries <br \/>Winds of Time<br \/>Rhythm of Desire <br \/>Wings of Steel<\/td>\n<td>Push <br \/>Holes in the Sky <br \/>Sanctimonarium<br \/>Far Off Grace <br \/>Cold December Night <br \/>My Icarian Flight <br \/>Vision 13teen  \u2013 Stone Roses Edge <br \/>Postcard to God<\/td>\n<td>On Broken Wings <br \/>Rock the Night <br \/>Walk the Earth <br \/>Scream of Anger <br \/>Sign of the Times <br \/>Hold Your Head Up <br \/>Carrie <br \/>War of Kings <br \/>Open Your Heart <br \/>Prelude <br \/>Last Look at Eden <br \/>Ready or Not <br \/>Superstitious <br \/>Cherokee <br \/>The Final Countdown<\/td>\n<td>Prelude (Bernard Herrmann song) <\/p>\n<p>Night Terror <br \/>Act I: Scene Two: II. Strange D\u00e9j\u00e0 Vu<br \/>Act I: Scene Three: II. Fatal Tragedy (with brief \u201cThrough My Words\u201d instrumental prelude)<br \/>Under a Glass Moon <br \/>Panic Attack <br \/>The Enemy Inside <br \/>Midnight Messiah <br \/>A Rite of Passage <br \/>Peruvian Skies (with \u2018Wish You Were Here\u2019 and \u2018Wherever I May Roam\u2019 excerpts) <br \/>As I Am <br \/>Pull Me Under<\/p>\n<p>Singin\u2019 in the Rain (Arthur Freed &amp; Nacio Herb Brown song) : song played from a tape<\/p>\n<\/td>\n<\/tr>\n<p class=\"has-medium-font-size\">Le deuxi\u00e8me jour a \u00e9t\u00e9 tout aussi intense, avec des performances de Wings of Steel, Vanden Plas, Europe, et Dream Theater en t\u00eate d\u2019affiche.<\/p>\n<p>01. Wings of Steel<\/p>\n<p><img loading=\"lazy\" decoding=\"async\" width=\"1024\" height=\"683\" src=\"https:\/\/www.europesays.com\/fr\/wp-content\/uploads\/2025\/07\/WingsofSteel-18.jpg\" alt=\"\" class=\"wp-image-1505370\"\/><\/p>\n<p class=\"has-medium-font-size\">Wings of Steel Wings of Steel, le groupe am\u00e9ricano-europ\u00e9en de heavy metal, a ouvert la journ\u00e9e avec une performance \u00e9nergique. Leur premier album, \u201cGates of Twilight\u201d, sorti en 2023, a \u00e9t\u00e9 bien re\u00e7u et a permis au groupe de se faire un nom dans la sc\u00e8ne metal. Leur performance live a confirm\u00e9 leur r\u00e9putation de groupe redoutable sur sc\u00e8ne.<\/p>\n<p>02. Vanden Plas<\/p>\n<p><img loading=\"lazy\" decoding=\"async\" width=\"1024\" height=\"683\" src=\"https:\/\/www.europesays.com\/fr\/wp-content\/uploads\/2025\/07\/VandenPlas-12.jpg\" alt=\"\" class=\"wp-image-1505375\"\/><\/p>\n<p class=\"has-medium-font-size\">Vanden Plas Vanden Plas, le groupe allemand de metal progressif, a suivi avec une performance technique et m\u00e9lodique. Leur dernier album, \u201cThe God Thing Part II\u201d, sorti en 2024, a \u00e9t\u00e9 salu\u00e9 pour sa complexit\u00e9 et sa profondeur. Leur performance au Heavy Week-End a marqu\u00e9 leur retour sur la sc\u00e8ne fran\u00e7aise, ravivant de bons souvenirs pour les fans de longue date.<\/p>\n<p>03. Europe<\/p>\n<p><img loading=\"lazy\" decoding=\"async\" width=\"1024\" height=\"682\" src=\"https:\/\/www.europesays.com\/fr\/wp-content\/uploads\/2025\/07\/Europe-06.jpg\" alt=\"\" class=\"wp-image-1505381\"\/><\/p>\n<p class=\"has-medium-font-size\">Europe Europe, le groupe su\u00e9dois de hard rock, a offert une performance nostalgique et puissante. Leur dernier album, \u201cWar of Kings II\u201d, sorti en 2022, a \u00e9t\u00e9 bien re\u00e7u et a prouv\u00e9 que le groupe \u00e9tait toujours pertinent dans le paysage du rock moderne. Leur performance live a rappel\u00e9 pourquoi ils sont consid\u00e9r\u00e9s comme des l\u00e9gendes du hard rock.<\/p>\n<p>04. Dreamtheater<\/p>\n<p><img loading=\"lazy\" decoding=\"async\" width=\"1024\" height=\"682\" src=\"https:\/\/www.europesays.com\/fr\/wp-content\/uploads\/2025\/07\/DreamTheater-24.jpg\" alt=\"\" class=\"wp-image-1505399\"\/><\/p>\n<p class=\"has-medium-font-size\">Dream Theater Dream Theater, la t\u00eate d\u2019affiche de la deuxi\u00e8me soir\u00e9e, a cl\u00f4tur\u00e9 la journ\u00e9e avec une performance technique et \u00e9pique. Leur dernier album, \u201cA View from the Top of the World\u201d, sorti en 2021, a \u00e9t\u00e9 acclam\u00e9 pour sa complexit\u00e9 et sa profondeur. Leur performance live a confirm\u00e9 leur statut de ma\u00eetres du metal progressif.<\/p>\n<p>Galerie Photo<\/p>\n<p><a href=\"https:\/\/www.europesays.com\/fr\/wp-content\/uploads\/2025\/07\/WingsofSteel-01.jpg\"><img loading=\"lazy\" decoding=\"async\" width=\"1024\" height=\"1024\" data-id=\"1505366\" src=\"https:\/\/www.europesays.com\/fr\/wp-content\/uploads\/2025\/07\/WingsofSteel-01.jpg\" alt=\"\" class=\"wp-image-1505366\"\/><\/a><\/p>\n<p><a href=\"https:\/\/www.europesays.com\/fr\/wp-content\/uploads\/2025\/07\/WingsofSteel-09.jpg\"><img loading=\"lazy\" decoding=\"async\" width=\"1024\" height=\"682\" data-id=\"1505367\" src=\"https:\/\/www.europesays.com\/fr\/wp-content\/uploads\/2025\/07\/WingsofSteel-09.jpg\" alt=\"\" class=\"wp-image-1505367\"\/><\/a><\/p>\n<p><a href=\"https:\/\/www.europesays.com\/fr\/wp-content\/uploads\/2025\/07\/WingsofSteel-12.jpg\"><img loading=\"lazy\" decoding=\"async\" width=\"1024\" height=\"1024\" data-id=\"1505368\" src=\"https:\/\/www.europesays.com\/fr\/wp-content\/uploads\/2025\/07\/WingsofSteel-12.jpg\" alt=\"\" class=\"wp-image-1505368\"\/><\/a><\/p>\n<p><a href=\"https:\/\/www.europesays.com\/fr\/wp-content\/uploads\/2025\/07\/WingsofSteel-16.jpg\"><img loading=\"lazy\" decoding=\"async\" width=\"1024\" height=\"768\" data-id=\"1505369\" src=\"https:\/\/www.europesays.com\/fr\/wp-content\/uploads\/2025\/07\/WingsofSteel-16.jpg\" alt=\"\" class=\"wp-image-1505369\"\/><\/a><\/p>\n<p><a href=\"https:\/\/www.europesays.com\/fr\/wp-content\/uploads\/2025\/07\/WingsofSteel-18.jpg\"><img loading=\"lazy\" decoding=\"async\" width=\"1024\" height=\"683\" data-id=\"1505370\" src=\"https:\/\/www.europesays.com\/fr\/wp-content\/uploads\/2025\/07\/WingsofSteel-18.jpg\" alt=\"\" class=\"wp-image-1505370\"\/><\/a><\/p>\n<p><a href=\"https:\/\/www.info-lux.com\/wp-content\/uploads\/2025\/07\/WingsofSteel-19.jpg\" target=\"_blank\" rel=\"noopener\"><img loading=\"lazy\" decoding=\"async\" width=\"683\" height=\"1024\" data-id=\"1505371\" src=\"https:\/\/www.europesays.com\/fr\/wp-content\/uploads\/2025\/07\/WingsofSteel-19-683x1024.jpg\" alt=\"\" class=\"wp-image-1505371\"\/><\/a><\/p>\n<p><a href=\"https:\/\/www.europesays.com\/fr\/wp-content\/uploads\/2025\/07\/VandenPlas-01.jpg\"><img loading=\"lazy\" decoding=\"async\" width=\"1024\" height=\"1024\" data-id=\"1505372\" src=\"https:\/\/www.europesays.com\/fr\/wp-content\/uploads\/2025\/07\/VandenPlas-01.jpg\" alt=\"\" class=\"wp-image-1505372\"\/><\/a><\/p>\n<p><a href=\"https:\/\/www.europesays.com\/fr\/wp-content\/uploads\/2025\/07\/VandenPlas-05.jpg\"><img loading=\"lazy\" decoding=\"async\" width=\"1024\" height=\"682\" data-id=\"1505373\" src=\"https:\/\/www.europesays.com\/fr\/wp-content\/uploads\/2025\/07\/VandenPlas-05.jpg\" alt=\"\" class=\"wp-image-1505373\"\/><\/a><\/p>\n<p><a href=\"https:\/\/www.europesays.com\/fr\/wp-content\/uploads\/2025\/07\/VandenPlas-11.jpg\"><img loading=\"lazy\" decoding=\"async\" width=\"1024\" height=\"683\" data-id=\"1505374\" src=\"https:\/\/www.europesays.com\/fr\/wp-content\/uploads\/2025\/07\/VandenPlas-11.jpg\" alt=\"\" class=\"wp-image-1505374\"\/><\/a><\/p>\n<p><a href=\"https:\/\/www.europesays.com\/fr\/wp-content\/uploads\/2025\/07\/VandenPlas-12.jpg\"><img loading=\"lazy\" decoding=\"async\" width=\"1024\" height=\"683\" data-id=\"1505375\" src=\"https:\/\/www.europesays.com\/fr\/wp-content\/uploads\/2025\/07\/VandenPlas-12.jpg\" alt=\"\" class=\"wp-image-1505375\"\/><\/a><\/p>\n<p><a href=\"https:\/\/www.europesays.com\/fr\/wp-content\/uploads\/2025\/07\/VandenPlas-14.jpg\"><img loading=\"lazy\" decoding=\"async\" width=\"1024\" height=\"682\" data-id=\"1505376\" src=\"https:\/\/www.europesays.com\/fr\/wp-content\/uploads\/2025\/07\/VandenPlas-14.jpg\" alt=\"\" class=\"wp-image-1505376\"\/><\/a><\/p>\n<p><a href=\"https:\/\/www.europesays.com\/fr\/wp-content\/uploads\/2025\/07\/VandenPlas-16.jpg\"><img loading=\"lazy\" decoding=\"async\" width=\"1024\" height=\"682\" data-id=\"1505377\" src=\"https:\/\/www.europesays.com\/fr\/wp-content\/uploads\/2025\/07\/VandenPlas-16.jpg\" alt=\"\" class=\"wp-image-1505377\"\/><\/a><\/p>\n<p><a href=\"https:\/\/www.europesays.com\/fr\/wp-content\/uploads\/2025\/07\/VandenPlas-19.jpg\"><img loading=\"lazy\" decoding=\"async\" width=\"1024\" height=\"768\" data-id=\"1505378\" src=\"https:\/\/www.europesays.com\/fr\/wp-content\/uploads\/2025\/07\/VandenPlas-19.jpg\" alt=\"\" class=\"wp-image-1505378\"\/><\/a><\/p>\n<p><a href=\"https:\/\/www.info-lux.com\/wp-content\/uploads\/2025\/07\/VandenPlas-20.jpg\" target=\"_blank\" rel=\"noopener\"><img loading=\"lazy\" decoding=\"async\" width=\"683\" height=\"1024\" data-id=\"1505379\" src=\"https:\/\/www.europesays.com\/fr\/wp-content\/uploads\/2025\/07\/VandenPlas-20-683x1024.jpg\" alt=\"\" class=\"wp-image-1505379\"\/><\/a><\/p>\n<p><a href=\"https:\/\/www.europesays.com\/fr\/wp-content\/uploads\/2025\/07\/Europe-03.jpg\"><img loading=\"lazy\" decoding=\"async\" width=\"1024\" height=\"682\" data-id=\"1505380\" src=\"https:\/\/www.europesays.com\/fr\/wp-content\/uploads\/2025\/07\/Europe-03.jpg\" alt=\"\" class=\"wp-image-1505380\"\/><\/a><\/p>\n<p><a href=\"https:\/\/www.europesays.com\/fr\/wp-content\/uploads\/2025\/07\/Europe-06.jpg\"><img loading=\"lazy\" decoding=\"async\" width=\"1024\" height=\"682\" data-id=\"1505381\" src=\"https:\/\/www.europesays.com\/fr\/wp-content\/uploads\/2025\/07\/Europe-06.jpg\" alt=\"\" class=\"wp-image-1505381\"\/><\/a><\/p>\n<p><a href=\"https:\/\/www.europesays.com\/fr\/wp-content\/uploads\/2025\/07\/Europe-09.jpg\"><img loading=\"lazy\" decoding=\"async\" width=\"1024\" height=\"682\" data-id=\"1505382\" src=\"https:\/\/www.europesays.com\/fr\/wp-content\/uploads\/2025\/07\/Europe-09.jpg\" alt=\"\" class=\"wp-image-1505382\"\/><\/a><\/p>\n<p><a href=\"https:\/\/www.europesays.com\/fr\/wp-content\/uploads\/2025\/07\/Europe-13.jpg\"><img loading=\"lazy\" decoding=\"async\" width=\"1024\" height=\"682\" data-id=\"1505383\" src=\"https:\/\/www.europesays.com\/fr\/wp-content\/uploads\/2025\/07\/Europe-13.jpg\" alt=\"\" class=\"wp-image-1505383\"\/><\/a><\/p>\n<p><a href=\"https:\/\/www.info-lux.com\/wp-content\/uploads\/2025\/07\/Europe-15.jpg\" target=\"_blank\" rel=\"noopener\"><img loading=\"lazy\" decoding=\"async\" width=\"683\" height=\"1024\" data-id=\"1505384\" src=\"https:\/\/www.europesays.com\/fr\/wp-content\/uploads\/2025\/07\/Europe-15-683x1024.jpg\" alt=\"\" class=\"wp-image-1505384\"\/><\/a><\/p>\n<p><a href=\"https:\/\/www.europesays.com\/fr\/wp-content\/uploads\/2025\/07\/Europe-16.jpg\"><img loading=\"lazy\" decoding=\"async\" width=\"1024\" height=\"682\" data-id=\"1505385\" src=\"https:\/\/www.europesays.com\/fr\/wp-content\/uploads\/2025\/07\/Europe-16.jpg\" alt=\"\" class=\"wp-image-1505385\"\/><\/a><\/p>\n<p><a href=\"https:\/\/www.europesays.com\/fr\/wp-content\/uploads\/2025\/07\/Europe-33.jpg\"><img loading=\"lazy\" decoding=\"async\" width=\"1024\" height=\"682\" data-id=\"1505386\" src=\"https:\/\/www.europesays.com\/fr\/wp-content\/uploads\/2025\/07\/Europe-33.jpg\" alt=\"\" class=\"wp-image-1505386\"\/><\/a><\/p>\n<p><a href=\"https:\/\/www.europesays.com\/fr\/wp-content\/uploads\/2025\/07\/Europe-36.jpg\"><img loading=\"lazy\" decoding=\"async\" width=\"1024\" height=\"682\" data-id=\"1505387\" src=\"https:\/\/www.europesays.com\/fr\/wp-content\/uploads\/2025\/07\/Europe-36.jpg\" alt=\"\" class=\"wp-image-1505387\"\/><\/a><\/p>\n<p><a href=\"https:\/\/www.europesays.com\/fr\/wp-content\/uploads\/2025\/07\/Europe-38.jpg\"><img loading=\"lazy\" decoding=\"async\" width=\"1024\" height=\"682\" data-id=\"1505388\" src=\"https:\/\/www.europesays.com\/fr\/wp-content\/uploads\/2025\/07\/Europe-38.jpg\" alt=\"\" class=\"wp-image-1505388\"\/><\/a><\/p>\n<p><a href=\"https:\/\/www.europesays.com\/fr\/wp-content\/uploads\/2025\/07\/Europe-40.jpg\"><img loading=\"lazy\" decoding=\"async\" width=\"1024\" height=\"768\" data-id=\"1505389\" src=\"https:\/\/www.europesays.com\/fr\/wp-content\/uploads\/2025\/07\/Europe-40.jpg\" alt=\"\" class=\"wp-image-1505389\"\/><\/a><\/p>\n<p><a href=\"https:\/\/www.europesays.com\/fr\/wp-content\/uploads\/2025\/07\/Europe-41.jpg\"><img loading=\"lazy\" decoding=\"async\" width=\"1024\" height=\"683\" data-id=\"1505390\" src=\"https:\/\/www.europesays.com\/fr\/wp-content\/uploads\/2025\/07\/Europe-41.jpg\" alt=\"\" class=\"wp-image-1505390\"\/><\/a><\/p>\n<p><a href=\"https:\/\/www.europesays.com\/fr\/wp-content\/uploads\/2025\/07\/Europe-45.jpg\"><img loading=\"lazy\" decoding=\"async\" width=\"1024\" height=\"683\" data-id=\"1505391\" src=\"https:\/\/www.europesays.com\/fr\/wp-content\/uploads\/2025\/07\/Europe-45.jpg\" alt=\"\" class=\"wp-image-1505391\"\/><\/a><\/p>\n<p><a href=\"https:\/\/www.europesays.com\/fr\/wp-content\/uploads\/2025\/07\/Europe-48.jpg\"><img loading=\"lazy\" decoding=\"async\" width=\"1024\" height=\"683\" data-id=\"1505392\" src=\"https:\/\/www.europesays.com\/fr\/wp-content\/uploads\/2025\/07\/Europe-48.jpg\" alt=\"\" class=\"wp-image-1505392\"\/><\/a><\/p>\n<p><a href=\"https:\/\/www.europesays.com\/fr\/wp-content\/uploads\/2025\/07\/DreamTheater-08.jpg\"><img loading=\"lazy\" decoding=\"async\" width=\"1024\" height=\"682\" data-id=\"1505393\" src=\"https:\/\/www.europesays.com\/fr\/wp-content\/uploads\/2025\/07\/DreamTheater-08.jpg\" alt=\"\" class=\"wp-image-1505393\"\/><\/a><\/p>\n<p><a href=\"https:\/\/www.europesays.com\/fr\/wp-content\/uploads\/2025\/07\/DreamTheater-09.jpg\"><img loading=\"lazy\" decoding=\"async\" width=\"1024\" height=\"683\" data-id=\"1505394\" src=\"https:\/\/www.europesays.com\/fr\/wp-content\/uploads\/2025\/07\/DreamTheater-09.jpg\" alt=\"\" class=\"wp-image-1505394\"\/><\/a><\/p>\n<p><a href=\"https:\/\/www.europesays.com\/fr\/wp-content\/uploads\/2025\/07\/DreamTheater-12.jpg\"><img loading=\"lazy\" decoding=\"async\" width=\"1024\" height=\"682\" data-id=\"1505395\" src=\"https:\/\/www.europesays.com\/fr\/wp-content\/uploads\/2025\/07\/DreamTheater-12.jpg\" alt=\"\" class=\"wp-image-1505395\"\/><\/a><\/p>\n<p><a href=\"https:\/\/www.europesays.com\/fr\/wp-content\/uploads\/2025\/07\/DreamTheater-16.jpg\"><img loading=\"lazy\" decoding=\"async\" width=\"1024\" height=\"1024\" data-id=\"1505396\" src=\"https:\/\/www.europesays.com\/fr\/wp-content\/uploads\/2025\/07\/DreamTheater-16.jpg\" alt=\"\" class=\"wp-image-1505396\"\/><\/a><\/p>\n<p><a href=\"https:\/\/www.europesays.com\/fr\/wp-content\/uploads\/2025\/07\/DreamTheater-22.jpg\"><img loading=\"lazy\" decoding=\"async\" width=\"1024\" height=\"683\" data-id=\"1505397\" src=\"https:\/\/www.europesays.com\/fr\/wp-content\/uploads\/2025\/07\/DreamTheater-22.jpg\" alt=\"\" class=\"wp-image-1505397\"\/><\/a><\/p>\n<p><a href=\"https:\/\/www.info-lux.com\/wp-content\/uploads\/2025\/07\/DreamTheater-23.jpg\" target=\"_blank\" rel=\"noopener\"><img loading=\"lazy\" decoding=\"async\" width=\"683\" height=\"1024\" data-id=\"1505398\" src=\"https:\/\/www.europesays.com\/fr\/wp-content\/uploads\/2025\/07\/DreamTheater-23-683x1024.jpg\" alt=\"\" class=\"wp-image-1505398\"\/><\/a><\/p>\n<p><a href=\"https:\/\/www.europesays.com\/fr\/wp-content\/uploads\/2025\/07\/DreamTheater-24.jpg\"><img loading=\"lazy\" decoding=\"async\" width=\"1024\" height=\"682\" data-id=\"1505399\" src=\"https:\/\/www.europesays.com\/fr\/wp-content\/uploads\/2025\/07\/DreamTheater-24.jpg\" alt=\"\" class=\"wp-image-1505399\"\/><\/a><\/p>\n<p><a href=\"https:\/\/www.europesays.com\/fr\/wp-content\/uploads\/2025\/07\/DreamTheater-27.jpg\"><img loading=\"lazy\" decoding=\"async\" width=\"1024\" height=\"682\" data-id=\"1505400\" src=\"https:\/\/www.europesays.com\/fr\/wp-content\/uploads\/2025\/07\/DreamTheater-27.jpg\" alt=\"\" class=\"wp-image-1505400\"\/><\/a><\/p>\n<p><a href=\"https:\/\/www.europesays.com\/fr\/wp-content\/uploads\/2025\/07\/DreamTheater-28.jpg\"><img loading=\"lazy\" decoding=\"async\" width=\"1024\" height=\"682\" data-id=\"1505401\" src=\"https:\/\/www.europesays.com\/fr\/wp-content\/uploads\/2025\/07\/DreamTheater-28.jpg\" alt=\"\" class=\"wp-image-1505401\"\/><\/a><\/p>\n<p><a href=\"https:\/\/www.europesays.com\/fr\/wp-content\/uploads\/2025\/07\/DreamTheater-30.jpg\"><img loading=\"lazy\" decoding=\"async\" width=\"1024\" height=\"682\" data-id=\"1505402\" src=\"https:\/\/www.europesays.com\/fr\/wp-content\/uploads\/2025\/07\/DreamTheater-30.jpg\" alt=\"\" class=\"wp-image-1505402\"\/><\/a><\/p>\n<p><a href=\"https:\/\/www.europesays.com\/fr\/wp-content\/uploads\/2025\/07\/DreamTheater-31.jpg\"><img loading=\"lazy\" decoding=\"async\" width=\"1024\" height=\"682\" data-id=\"1505403\" src=\"https:\/\/www.europesays.com\/fr\/wp-content\/uploads\/2025\/07\/DreamTheater-31.jpg\" alt=\"\" class=\"wp-image-1505403\"\/><\/a><\/p>\n<p>Jour 3 : Slipknot et l\u2019apoth\u00e9ose finale<\/p>\n<p class=\"has-medium-font-size\">Dimanche, l\u2019ambiance monte encore d\u2019un cran. Nothing More livre un set \u00e9motionnel et intense<br \/>malgr\u00e9 les pol\u00e9miques autour de son frontman.<\/p>\n<p class=\"has-medium-font-size\">Rise of the Northstar, avec son m\u00e9tal manga-hardcore, embrase la foule. Puis Mass Hysteria, toujours<br \/>aussi engag\u00e9s, fait rugir ses textes coup de poing. Leurs \u201cChiens de la casse\u201d mordent fort.<\/p>\n<p>Cl\u00f4ture dantesque avec Slipknot <\/p>\n<p class=\"has-medium-font-size\">15 \u00e0 17.000 fans en transe, les classiques encha\u00een\u00e9s sans rel\u00e2che, la sc\u00e8ne transform\u00e9e en th\u00e9\u00e2tre de la fureur. <\/p>\n<p class=\"has-medium-font-size\">Le final ? \u201cSpit It Out\u201d, hurl\u00e9 par une mer humaine.<\/p>\n<p>Un pari r\u00e9ussi malgr\u00e9 les gouttes<\/p>\n<p class=\"has-medium-font-size\">Entre averses et acclamations, cette \u00e9dition 2025 du Heavy Week-End a prouv\u00e9 que la passion du m\u00e9tal ne conna\u00eet ni la fatigue ni les intemp\u00e9ries.<\/p>\n<p class=\"has-medium-font-size\"> Trois jours de communion, d\u2019\u00e9nergie brute, de communion humaine.<\/p>\n<p>  Affiche du jour 3\u00a0 <\/p>\n<p><a\/> Setlist jour 3<\/p>\n<tr>\n<td><strong>01. Nothing More<\/strong><\/td>\n<td><strong>02 .Rise of the Northstar<\/strong><\/td>\n<td><strong>03. Mass Hysteria<\/strong><\/td>\n<td><strong>04. Slipknot<\/strong><\/td>\n<\/tr>\n<tr>\n<td>| CARNAL | (song played from a tape)<\/p>\n<p>House on Sand<br \/>If It Doesn\u2019t Hurt <br \/>STUCK <br \/>Angel Song <br \/>Let \u2019em Burn <br \/>Jenny <br \/>Go to War <br \/>This Is the Time (Ballast)<\/p>\n<\/td>\n<td>Nekketsu <br \/>Welcame (Furyo State of Mind) <br \/>Crank It Up Here Comes the Boom<br \/>One Love <br \/>Showdown <br \/>Neo Paris (Live Debut) <br \/>Bosozoku <br \/>Demonstrating My Saiya Style <br \/>Rise <br \/>Again and Again<\/td>\n<td>Intro (son played from tape)<\/p>\n<p>Mass Veritas <br \/>Positif \u00e0 bloc <br \/>Chiens de la casse<br \/>Vae soli ! <br \/>Notre complot <br \/>L\u2019inversion des p\u00f4les <br \/>Nerf de b\u0153uf <br \/>Se br\u00fbler s\u00fbrement <br \/>L\u2019\u00e9motif imp\u00e9rieux<br \/>Reprendre mes esprits <br \/>Ar\u00f4mes complexes <br \/>L\u2019enfer des dieux <br \/>Tenace Contraddiction <br \/>Plus que du m\u00e9tal<\/p>\n<\/td>\n<td>Knight Rider Theme (sic) <br \/>People = Shit <br \/>Gematria (The Killing Name) <br \/>Wait and Bleed <br \/>Nero Forte <br \/>Yen <br \/>Psychosocial <br \/>Tattered &amp; Torn (Sid remix) Song played form tape <br \/>The Heretic Anthem <br \/>The Devil in I <br \/>Unsainted <br \/>Duality<\/p>\n<p>Encore: Mudslide (song played from tape) <br \/>Spit It Out <br \/>Surfacing <br \/>Scissors<\/p>\n<\/td>\n<\/tr>\n<p class=\"has-medium-font-size\">Le dernier jour du festival a \u00e9t\u00e9 marqu\u00e9 par des performances de Nothing More, Rise of the Northstar, Mass Hysteria, et Slipknot en t\u00eate d\u2019affiche.<\/p>\n<p>01. Nothing More<\/p>\n<p><img loading=\"lazy\" decoding=\"async\" width=\"1024\" height=\"1024\" src=\"https:\/\/www.europesays.com\/fr\/wp-content\/uploads\/2025\/07\/NothingMore-03.jpg\" alt=\"\" class=\"wp-image-1505405\"\/><\/p>\n<p class=\"has-medium-font-size\">Nothing More Nothing More, le groupe am\u00e9ricain de metal alternatif, a ouvert la journ\u00e9e avec une performance intense et \u00e9motionnelle. Leur dernier album, \u201cSpirits\u201d, sorti en 2024, a \u00e9t\u00e9 salu\u00e9 pour son m\u00e9lange de puissance et de m\u00e9lodie. Leur performance live a confirm\u00e9 leur r\u00e9putation de groupe puissant et innovant.<\/p>\n<p>02. Rise of the Northstar (quand il y a eu un dernier album studio?) (ROTN)<\/p>\n<p><img loading=\"lazy\" decoding=\"async\" width=\"1024\" height=\"1024\" src=\"https:\/\/www.europesays.com\/fr\/wp-content\/uploads\/2025\/07\/ROTNS-13.jpg\" alt=\"\" class=\"wp-image-1505413\"\/><\/p>\n<p class=\"has-medium-font-size\">Rise of the Northstar Rise of the Northstar, le groupe francilien de hardcore japonisant, a suivi avec une performance \u00e9nergique et unique. Leur dernier album, \u201cShowdown\u201d, sorti en 2023, a \u00e9t\u00e9 bien re\u00e7u et a permis au groupe de se faire un nom dans la sc\u00e8ne metal fran\u00e7aise. Leur performance live a confirm\u00e9 leur r\u00e9putation de groupe redoutable sur sc\u00e8ne.<\/p>\n<p>03. Mass Hysteria<\/p>\n<p><img loading=\"lazy\" decoding=\"async\" width=\"1024\" height=\"683\" src=\"https:\/\/www.europesays.com\/fr\/wp-content\/uploads\/2025\/07\/MassHysteria-18.jpg\" alt=\"\" class=\"wp-image-1505424\"\/><\/p>\n<p class=\"has-medium-font-size\">Mass Hysteria Mass Hysteria, le groupe fran\u00e7ais de metal fusion, a offert une performance puissante et technique. Leur dernier album, \u201cDe la Haine et des Hommes\u201d, sorti en 2024, a \u00e9t\u00e9 salu\u00e9 pour son m\u00e9lange de complexit\u00e9 et de m\u00e9lodie. Leur performance live a confirm\u00e9 leur statut de groupe innovant et puissant.<\/p>\n<p>04. Slipknot <\/p>\n<p><img loading=\"lazy\" decoding=\"async\" width=\"819\" height=\"1024\" src=\"https:\/\/www.europesays.com\/fr\/wp-content\/uploads\/2025\/07\/487796926_1224267969063161_824564035871004248_n-819x1024.jpg\" alt=\"\" class=\"wp-image-1505431\"\/><\/p>\n<p class=\"has-medium-font-size\">Slipknot Slipknot, la t\u00eate d\u2019affiche de la derni\u00e8re soir\u00e9e, a cl\u00f4tur\u00e9 le festival avec une performance intense et th\u00e9\u00e2trale. Leur dernier album, \u201cThe End, So Far\u201d, sorti en 2022, a \u00e9t\u00e9 acclam\u00e9 pour sa puissance et sa profondeur. Leur performance live a confirm\u00e9 leur statut de l\u00e9gendes du metal moderne, attirant une foule impressionnante de 15 000 \u00e0 17 000 spectateurs.<\/p>\n<p>Galerie Photo<\/p>\n<p><img loading=\"lazy\" decoding=\"async\" width=\"1024\" height=\"682\" data-id=\"1505404\" src=\"https:\/\/www.europesays.com\/fr\/wp-content\/uploads\/2025\/07\/NothingMore-02.jpg\" alt=\"\" class=\"wp-image-1505404\"\/><\/p>\n<p><img loading=\"lazy\" decoding=\"async\" width=\"1024\" height=\"1024\" data-id=\"1505405\" src=\"https:\/\/www.europesays.com\/fr\/wp-content\/uploads\/2025\/07\/NothingMore-03.jpg\" alt=\"\" class=\"wp-image-1505405\"\/><\/p>\n<p><img loading=\"lazy\" decoding=\"async\" width=\"1024\" height=\"682\" data-id=\"1505406\" src=\"https:\/\/www.europesays.com\/fr\/wp-content\/uploads\/2025\/07\/NothingMore-05.jpg\" alt=\"\" class=\"wp-image-1505406\"\/><\/p>\n<p><img loading=\"lazy\" decoding=\"async\" width=\"1024\" height=\"682\" data-id=\"1505407\" src=\"https:\/\/www.europesays.com\/fr\/wp-content\/uploads\/2025\/07\/NothingMore-06.jpg\" alt=\"\" class=\"wp-image-1505407\"\/><\/p>\n<p><img loading=\"lazy\" decoding=\"async\" width=\"1024\" height=\"682\" data-id=\"1505408\" src=\"https:\/\/www.europesays.com\/fr\/wp-content\/uploads\/2025\/07\/NothingMore-19.jpg\" alt=\"\" class=\"wp-image-1505408\"\/><\/p>\n<p><img loading=\"lazy\" decoding=\"async\" width=\"1024\" height=\"682\" data-id=\"1505409\" src=\"https:\/\/www.europesays.com\/fr\/wp-content\/uploads\/2025\/07\/ROTNS-04.jpg\" alt=\"\" class=\"wp-image-1505409\"\/><\/p>\n<p><img loading=\"lazy\" decoding=\"async\" width=\"1024\" height=\"682\" data-id=\"1505410\" src=\"https:\/\/www.europesays.com\/fr\/wp-content\/uploads\/2025\/07\/ROTNS-07.jpg\" alt=\"\" class=\"wp-image-1505410\"\/><\/p>\n<p><img loading=\"lazy\" decoding=\"async\" width=\"1024\" height=\"682\" data-id=\"1505411\" src=\"https:\/\/www.europesays.com\/fr\/wp-content\/uploads\/2025\/07\/ROTNS-09.jpg\" alt=\"\" class=\"wp-image-1505411\"\/><\/p>\n<p><img loading=\"lazy\" decoding=\"async\" width=\"1024\" height=\"1024\" data-id=\"1505412\" src=\"https:\/\/www.europesays.com\/fr\/wp-content\/uploads\/2025\/07\/ROTNS-11.jpg\" alt=\"\" class=\"wp-image-1505412\"\/><\/p>\n<p><img loading=\"lazy\" decoding=\"async\" width=\"1024\" height=\"1024\" data-id=\"1505413\" src=\"https:\/\/www.europesays.com\/fr\/wp-content\/uploads\/2025\/07\/ROTNS-13.jpg\" alt=\"\" class=\"wp-image-1505413\"\/><\/p>\n<p><img loading=\"lazy\" decoding=\"async\" width=\"1024\" height=\"682\" data-id=\"1505414\" src=\"https:\/\/www.europesays.com\/fr\/wp-content\/uploads\/2025\/07\/ROTNS-18.jpg\" alt=\"\" class=\"wp-image-1505414\"\/><\/p>\n<p><img loading=\"lazy\" decoding=\"async\" width=\"1024\" height=\"682\" data-id=\"1505415\" src=\"https:\/\/www.europesays.com\/fr\/wp-content\/uploads\/2025\/07\/ROTNS-27.jpg\" alt=\"\" class=\"wp-image-1505415\"\/><\/p>\n<p><img loading=\"lazy\" decoding=\"async\" width=\"683\" height=\"1024\" data-id=\"1505416\" src=\"https:\/\/www.europesays.com\/fr\/wp-content\/uploads\/2025\/07\/ROTNS-30-683x1024.jpg\" alt=\"\" class=\"wp-image-1505416\"\/><\/p>\n<p><img loading=\"lazy\" decoding=\"async\" width=\"1024\" height=\"683\" data-id=\"1505417\" src=\"https:\/\/www.europesays.com\/fr\/wp-content\/uploads\/2025\/07\/ROTNS-35.jpg\" alt=\"\" class=\"wp-image-1505417\"\/><\/p>\n<p><img loading=\"lazy\" decoding=\"async\" width=\"1024\" height=\"683\" data-id=\"1505418\" src=\"https:\/\/www.europesays.com\/fr\/wp-content\/uploads\/2025\/07\/ROTNS-36.jpg\" alt=\"\" class=\"wp-image-1505418\"\/><\/p>\n<p><img loading=\"lazy\" decoding=\"async\" width=\"1024\" height=\"682\" data-id=\"1505419\" src=\"https:\/\/www.europesays.com\/fr\/wp-content\/uploads\/2025\/07\/MassHysteria-04.jpg\" alt=\"\" class=\"wp-image-1505419\"\/><\/p>\n<p><img loading=\"lazy\" decoding=\"async\" width=\"683\" height=\"1024\" data-id=\"1505420\" src=\"https:\/\/www.europesays.com\/fr\/wp-content\/uploads\/2025\/07\/MassHysteria-08-683x1024.jpg\" alt=\"\" class=\"wp-image-1505420\"\/><\/p>\n<p><img loading=\"lazy\" decoding=\"async\" width=\"683\" height=\"1024\" data-id=\"1505421\" src=\"https:\/\/www.europesays.com\/fr\/wp-content\/uploads\/2025\/07\/MassHysteria-12-683x1024.jpg\" alt=\"\" class=\"wp-image-1505421\"\/><\/p>\n<p><img loading=\"lazy\" decoding=\"async\" width=\"1024\" height=\"683\" data-id=\"1505422\" src=\"https:\/\/www.europesays.com\/fr\/wp-content\/uploads\/2025\/07\/MassHysteria-15.jpg\" alt=\"\" class=\"wp-image-1505422\"\/><\/p>\n<p><img loading=\"lazy\" decoding=\"async\" width=\"1024\" height=\"682\" data-id=\"1505423\" src=\"https:\/\/www.europesays.com\/fr\/wp-content\/uploads\/2025\/07\/MassHysteria-17.jpg\" alt=\"\" class=\"wp-image-1505423\"\/><\/p>\n<p><img loading=\"lazy\" decoding=\"async\" width=\"1024\" height=\"683\" data-id=\"1505424\" src=\"https:\/\/www.europesays.com\/fr\/wp-content\/uploads\/2025\/07\/MassHysteria-18.jpg\" alt=\"\" class=\"wp-image-1505424\"\/><\/p>\n<p><img loading=\"lazy\" decoding=\"async\" width=\"1024\" height=\"683\" data-id=\"1505425\" src=\"https:\/\/www.europesays.com\/fr\/wp-content\/uploads\/2025\/07\/MassHysteria-19.jpg\" alt=\"\" class=\"wp-image-1505425\"\/><\/p>\n<p><img loading=\"lazy\" decoding=\"async\" width=\"1024\" height=\"683\" data-id=\"1505426\" src=\"https:\/\/www.europesays.com\/fr\/wp-content\/uploads\/2025\/07\/MassHysteria-27.jpg\" alt=\"\" class=\"wp-image-1505426\"\/><\/p>\n<p><img loading=\"lazy\" decoding=\"async\" width=\"819\" height=\"1024\" data-id=\"1505427\" src=\"https:\/\/www.europesays.com\/fr\/wp-content\/uploads\/2025\/07\/MassHysteria-35-819x1024.jpg\" alt=\"\" class=\"wp-image-1505427\"\/><\/p>\n<p><img loading=\"lazy\" decoding=\"async\" width=\"1024\" height=\"683\" data-id=\"1505428\" src=\"https:\/\/www.europesays.com\/fr\/wp-content\/uploads\/2025\/07\/MassHysteria-41.jpg\" alt=\"\" class=\"wp-image-1505428\"\/><\/p>\n<p><img loading=\"lazy\" decoding=\"async\" width=\"1024\" height=\"683\" data-id=\"1505429\" src=\"https:\/\/www.europesays.com\/fr\/wp-content\/uploads\/2025\/07\/MassHysteria-42.jpg\" alt=\"\" class=\"wp-image-1505429\"\/><\/p>\n<p><img loading=\"lazy\" decoding=\"async\" width=\"819\" height=\"1024\" data-id=\"1505430\" src=\"https:\/\/www.europesays.com\/fr\/wp-content\/uploads\/2025\/07\/487796774_1224266942396597_3320710919780077863_n-819x1024.jpg\" alt=\"\" class=\"wp-image-1505430\"\/><\/p>\n<p><img loading=\"lazy\" decoding=\"async\" width=\"819\" height=\"1024\" data-id=\"1505431\" src=\"https:\/\/www.europesays.com\/fr\/wp-content\/uploads\/2025\/07\/487796926_1224267969063161_824564035871004248_n-819x1024.jpg\" alt=\"\" class=\"wp-image-1505431\"\/><\/p>\n<p><img loading=\"lazy\" decoding=\"async\" width=\"819\" height=\"1024\" data-id=\"1505432\" src=\"https:\/\/www.europesays.com\/fr\/wp-content\/uploads\/2025\/07\/502461932_1267677921388832_2566036917388504620_n-819x1024.jpg\" alt=\"\" class=\"wp-image-1505432\"\/><\/p>\n<p><img loading=\"lazy\" decoding=\"async\" width=\"819\" height=\"1024\" data-id=\"1505433\" src=\"https:\/\/www.europesays.com\/fr\/wp-content\/uploads\/2025\/07\/509955902_1283592956463995_8397040570417042321_n-819x1024.jpg\" alt=\"\" class=\"wp-image-1505433\"\/><\/p>\n<p class=\"has-medium-font-size\">Le Heavy Week-End 2025 a \u00e9t\u00e9 un succ\u00e8s retentissant, malgr\u00e9 un climat peu cl\u00e9ment. Les performances des diff\u00e9rents groupes ont \u00e9t\u00e9 m\u00e9morables et ont confirm\u00e9 la diversit\u00e9 et la vitalit\u00e9 de la sc\u00e8ne m\u00e9tal. Les festivaliers sont repartis avec des souvenirs inoubliables et l\u2019envie de revenir pour l\u2019\u00e9dition suivante.<\/p>\n<p class=\"has-medium-font-size\">Journaliste : Alban FISCHER<\/p>\n<p class=\"has-medium-font-size\">Photographe : <a href=\"https:\/\/www.instagram.com\/albimages_?fbclid=IwY2xjawLal8BleHRuA2FlbQIxMABicmlkETF2S3RLbjU4N1ZDU2tFN1NmAR5lOFHEPydDJRvsepdtgbqIX-OyIpGgTwwrpIsyAnso7-o-aEGXtOCdSfjH2Q_aem_D80VR2j098xTbPsfmrAF_w\" target=\"_blank\" rel=\"noopener\">Alb\u2019Images<\/a><\/p>\n<p class=\"has-medium-font-size\">Photos facebook de Slipknot : cr\u00e9dit photos : Dan Virchow<\/p>\n<p>\t\t\t<script async src=\"\/\/www.instagram.com\/embed.js\"><\/script><\/p>\n","protected":false},"excerpt":{"rendered":"Sous un ciel capricieux, le Z\u00e9nith de Nancy a vibr\u00e9 au son du m\u00e9tal pendant trois jours intenses.&hellip;\n","protected":false},"author":2,"featured_media":238794,"comment_status":"","ping_status":"","sticky":false,"template":"","format":"standard","meta":{"footnotes":""},"categories":[9635],"tags":[1111,11,37859,1777,674,1011,27,775,4074,3465,873,1702,12,20528,2189,25,31626,1969],"class_list":{"0":"post-238793","1":"post","2":"type-post","3":"status-publish","4":"format-standard","5":"has-post-thumbnail","7":"category-nancy","8":"tag-actu","9":"tag-actualites","10":"tag-communion","11":"tag-eu","12":"tag-europe","13":"tag-fr","14":"tag-france","15":"tag-grand-est","16":"tag-jeunes","17":"tag-journee","18":"tag-musique","19":"tag-nancy","20":"tag-news","21":"tag-photographe","22":"tag-photos","23":"tag-republique-francaise","24":"tag-studio","25":"tag-style"},"share_on_mastodon":{"url":"https:\/\/pubeurope.com\/@fr\/114826001172410233","error":""},"_links":{"self":[{"href":"https:\/\/www.europesays.com\/fr\/wp-json\/wp\/v2\/posts\/238793","targetHints":{"allow":["GET"]}}],"collection":[{"href":"https:\/\/www.europesays.com\/fr\/wp-json\/wp\/v2\/posts"}],"about":[{"href":"https:\/\/www.europesays.com\/fr\/wp-json\/wp\/v2\/types\/post"}],"author":[{"embeddable":true,"href":"https:\/\/www.europesays.com\/fr\/wp-json\/wp\/v2\/users\/2"}],"replies":[{"embeddable":true,"href":"https:\/\/www.europesays.com\/fr\/wp-json\/wp\/v2\/comments?post=238793"}],"version-history":[{"count":0,"href":"https:\/\/www.europesays.com\/fr\/wp-json\/wp\/v2\/posts\/238793\/revisions"}],"wp:featuredmedia":[{"embeddable":true,"href":"https:\/\/www.europesays.com\/fr\/wp-json\/wp\/v2\/media\/238794"}],"wp:attachment":[{"href":"https:\/\/www.europesays.com\/fr\/wp-json\/wp\/v2\/media?parent=238793"}],"wp:term":[{"taxonomy":"category","embeddable":true,"href":"https:\/\/www.europesays.com\/fr\/wp-json\/wp\/v2\/categories?post=238793"},{"taxonomy":"post_tag","embeddable":true,"href":"https:\/\/www.europesays.com\/fr\/wp-json\/wp\/v2\/tags?post=238793"}],"curies":[{"name":"wp","href":"https:\/\/api.w.org\/{rel}","templated":true}]}}