{"id":238803,"date":"2025-07-10T00:08:43","date_gmt":"2025-07-10T00:08:43","guid":{"rendered":"https:\/\/www.europesays.com\/fr\/238803\/"},"modified":"2025-07-10T00:08:43","modified_gmt":"2025-07-10T00:08:43","slug":"un-blesse-et-des-chutes-darbres-dans-lagglomeration-grenobloise-2","status":"publish","type":"post","link":"https:\/\/www.europesays.com\/fr\/238803\/","title":{"rendered":"un bless\u00e9 et des chutes d\u2019arbres dans l\u2019agglom\u00e9ration grenobloise"},"content":{"rendered":"<p itemprop=\"description\"><strong>L\u2019orage a fait des d\u00e9g\u00e2ts ce lundi 7 juillet en fin d\u2019apr\u00e8s-midi \u00e0 Grenoble et dans son agglom\u00e9ration. Un homme a \u00e9t\u00e9 bless\u00e9 apr\u00e8s la chute d\u2019un arbre.<\/strong><\/p>\n<p>Il a \u00e9t\u00e9 court, mais violent. L\u2019orage a laiss\u00e9 des traces dans l\u2019agglom\u00e9ration grenobloise ce lundi 7 juillet vers 17h30.<\/p>\n<p>Ce dernier a entra\u00een\u00e9 la chute de plusieurs arbres, notamment \u00e0 Meylan, Saint-Martin-d\u2019H\u00e8res, et m\u00eame sous les fen\u00eatres de la direction d\u00e9partementale des services d\u2019incendie et de secours (SDIS 38), \u00e0 Fontaine, o\u00f9 une voiture vide a \u00e9t\u00e9 partiellement \u00e9cras\u00e9e.<\/p>\n<p>Une autre voiture, avec cependant un occupant, a \u00e9t\u00e9 \u00e9galement victime d\u2019une chute d\u2019arbre alors qu\u2019elle se trouvait sur le parking d\u2019une propri\u00e9t\u00e9 priv\u00e9e avenue Gabriel-P\u00e9ri, \u00e0 Saint-Martin-d\u2019H\u00e8res. L\u2019homme, l\u00e9g\u00e8rement bless\u00e9, a \u00e9t\u00e9 pris en charge par les sapeurs-pompiers et une \u00e9quipe du SAMU. Il a \u00e9t\u00e9 ensuite transport\u00e9 \u00e0 l\u2019h\u00f4pital afin de passer des examens.<\/p>\n<p>Mais les arbres n\u2019\u00e9taient pas le seul danger. Des tuiles d\u2019un toit mena\u00e7aient \u00e9galement de tomber sur la voie publique place aux Herbes \u00e0 Grenoble. Une situation qui a n\u00e9cessit\u00e9 l\u2019intervention des sapeurs-pompiers.<\/p>\n<p>En moins d\u2019une heure, une centaine d\u2019appels pour des chutes de branchages ou des inondations de cave a \u00e9t\u00e9 recens\u00e9e.<\/p>\n","protected":false},"excerpt":{"rendered":"L\u2019orage a fait des d\u00e9g\u00e2ts ce lundi 7 juillet en fin d\u2019apr\u00e8s-midi \u00e0 Grenoble et dans son agglom\u00e9ration.&hellip;\n","protected":false},"author":2,"featured_media":236944,"comment_status":"","ping_status":"","sticky":false,"template":"","format":"standard","meta":{"footnotes":""},"categories":[9566],"tags":[1111,11,7733,8279,2430,7736,650,7734,2889,2263,1777,674,1011,27,2731,8280,6417,1114,108,4662,12,3725,1825,25,7737],"class_list":{"0":"post-238803","1":"post","2":"type-post","3":"status-publish","4":"format-standard","5":"has-post-thumbnail","7":"category-grenoble","8":"tag-actu","9":"tag-actualites","10":"tag-alpes","11":"tag-alpes1","12":"tag-auvergne-rhone-alpes","13":"tag-cds","14":"tag-cinema","15":"tag-ecoute","16":"tag-emission","17":"tag-equipe","18":"tag-eu","19":"tag-europe","20":"tag-fr","21":"tag-france","22":"tag-grenoble","23":"tag-haute","24":"tag-information","25":"tag-infos","26":"tag-isere","27":"tag-journal","28":"tag-news","29":"tag-podcast","30":"tag-radio","31":"tag-republique-francaise","32":"tag-winamp"},"share_on_mastodon":{"url":"https:\/\/pubeurope.com\/@fr\/114826032132219469","error":""},"_links":{"self":[{"href":"https:\/\/www.europesays.com\/fr\/wp-json\/wp\/v2\/posts\/238803","targetHints":{"allow":["GET"]}}],"collection":[{"href":"https:\/\/www.europesays.com\/fr\/wp-json\/wp\/v2\/posts"}],"about":[{"href":"https:\/\/www.europesays.com\/fr\/wp-json\/wp\/v2\/types\/post"}],"author":[{"embeddable":true,"href":"https:\/\/www.europesays.com\/fr\/wp-json\/wp\/v2\/users\/2"}],"replies":[{"embeddable":true,"href":"https:\/\/www.europesays.com\/fr\/wp-json\/wp\/v2\/comments?post=238803"}],"version-history":[{"count":0,"href":"https:\/\/www.europesays.com\/fr\/wp-json\/wp\/v2\/posts\/238803\/revisions"}],"wp:featuredmedia":[{"embeddable":true,"href":"https:\/\/www.europesays.com\/fr\/wp-json\/wp\/v2\/media\/236944"}],"wp:attachment":[{"href":"https:\/\/www.europesays.com\/fr\/wp-json\/wp\/v2\/media?parent=238803"}],"wp:term":[{"taxonomy":"category","embeddable":true,"href":"https:\/\/www.europesays.com\/fr\/wp-json\/wp\/v2\/categories?post=238803"},{"taxonomy":"post_tag","embeddable":true,"href":"https:\/\/www.europesays.com\/fr\/wp-json\/wp\/v2\/tags?post=238803"}],"curies":[{"name":"wp","href":"https:\/\/api.w.org\/{rel}","templated":true}]}}