{"id":238806,"date":"2025-07-10T00:11:10","date_gmt":"2025-07-10T00:11:10","guid":{"rendered":"https:\/\/www.europesays.com\/fr\/238806\/"},"modified":"2025-07-10T00:11:10","modified_gmt":"2025-07-10T00:11:10","slug":"previsions-du-jeudi-10-juillet-2025-5","status":"publish","type":"post","link":"https:\/\/www.europesays.com\/fr\/238806\/","title":{"rendered":"pr\u00e9visions du jeudi 10 juillet 2025"},"content":{"rendered":"<p>Strasbourg va vivre une splendide journ\u00e9e particuli\u00e8rement ensoleill\u00e9e. Les valeurs seront comprises entre 12 et 27\u00b0C. Le matin, le mercure affichera 21\u00b0C en moyenne. Une l\u00e9g\u00e8re brise de nord-est soufflera. Les temp\u00e9ratures vont enregistrer une augmentation de plusieurs degr\u00e9s au cours de l&rsquo;apr\u00e8s-midi. Les maximales pourront atteindre 27\u00b0C et les minimales seront de 26\u00b0C. Le ciel sera d\u00e9pourvu de nuages dans la nuit de jeudi \u00e0 vendredi.<\/p>\n<p>Demain, c&rsquo;est une hausse de quelques degr\u00e9s que vont conna\u00eetre les temp\u00e9ratures dans la ville de Strasbourg. Les valeurs afficheront entre 14 et 27\u00b0C. Un petit vent de nord-est sera ressenti par les habitants. La matin\u00e9e qui s&rsquo;annonce, promet d&rsquo;\u00eatre superbe et ensoleill\u00e9e ! Des \u00e9claircies feront leur apparition dans l&rsquo;apr\u00e8s-midi. Les valeurs s&rsquo;\u00e9chelonneront entre 26\u00b0C et 27\u00b0C.<\/p>\n<p>Pour les prochains jours, la m\u00e9t\u00e9o ne bougera pas. Il va faire un temps assez ensoleill\u00e9 avec des temp\u00e9ratures autour de 31\u00b0C.<\/p>\n<p><\/p>\n","protected":false},"excerpt":{"rendered":"Strasbourg va vivre une splendide journ\u00e9e particuli\u00e8rement ensoleill\u00e9e. Les valeurs seront comprises entre 12 et 27\u00b0C. Le matin,&hellip;\n","protected":false},"author":2,"featured_media":238807,"comment_status":"","ping_status":"","sticky":false,"template":"","format":"standard","meta":{"footnotes":""},"categories":[2820],"tags":[1111,11,2389,2649,1777,674,1011,27,775,12,2119,25,640],"class_list":{"0":"post-238806","1":"post","2":"type-post","3":"status-publish","4":"format-standard","5":"has-post-thumbnail","7":"category-strasbourg","8":"tag-actu","9":"tag-actualites","10":"tag-alsace","11":"tag-bas-rhin","12":"tag-eu","13":"tag-europe","14":"tag-fr","15":"tag-france","16":"tag-grand-est","17":"tag-news","18":"tag-previsions-meteo","19":"tag-republique-francaise","20":"tag-strasbourg"},"share_on_mastodon":{"url":"https:\/\/pubeurope.com\/@fr\/114826043954968546","error":""},"_links":{"self":[{"href":"https:\/\/www.europesays.com\/fr\/wp-json\/wp\/v2\/posts\/238806","targetHints":{"allow":["GET"]}}],"collection":[{"href":"https:\/\/www.europesays.com\/fr\/wp-json\/wp\/v2\/posts"}],"about":[{"href":"https:\/\/www.europesays.com\/fr\/wp-json\/wp\/v2\/types\/post"}],"author":[{"embeddable":true,"href":"https:\/\/www.europesays.com\/fr\/wp-json\/wp\/v2\/users\/2"}],"replies":[{"embeddable":true,"href":"https:\/\/www.europesays.com\/fr\/wp-json\/wp\/v2\/comments?post=238806"}],"version-history":[{"count":0,"href":"https:\/\/www.europesays.com\/fr\/wp-json\/wp\/v2\/posts\/238806\/revisions"}],"wp:featuredmedia":[{"embeddable":true,"href":"https:\/\/www.europesays.com\/fr\/wp-json\/wp\/v2\/media\/238807"}],"wp:attachment":[{"href":"https:\/\/www.europesays.com\/fr\/wp-json\/wp\/v2\/media?parent=238806"}],"wp:term":[{"taxonomy":"category","embeddable":true,"href":"https:\/\/www.europesays.com\/fr\/wp-json\/wp\/v2\/categories?post=238806"},{"taxonomy":"post_tag","embeddable":true,"href":"https:\/\/www.europesays.com\/fr\/wp-json\/wp\/v2\/tags?post=238806"}],"curies":[{"name":"wp","href":"https:\/\/api.w.org\/{rel}","templated":true}]}}