{"id":238812,"date":"2025-07-10T00:15:10","date_gmt":"2025-07-10T00:15:10","guid":{"rendered":"https:\/\/www.europesays.com\/fr\/238812\/"},"modified":"2025-07-10T00:15:10","modified_gmt":"2025-07-10T00:15:10","slug":"previsions-du-jeudi-10-juillet-2025-6","status":"publish","type":"post","link":"https:\/\/www.europesays.com\/fr\/238812\/","title":{"rendered":"pr\u00e9visions du jeudi 10 juillet 2025"},"content":{"rendered":"<p>Le soleil sera au rendez-vous \u00e0 Nantes : une magnifique journ\u00e9e se pr\u00e9sente ! Les maximales atteindront les 33\u00b0C alors que les minimales seront de 14\u00b0C. D\u00e8s le matin, les temp\u00e9ratures \u00e9volueront entre 18 et 31\u2009\u00b0C. Un vent d&rsquo;est rafra\u00eechira quelque peu l&rsquo;atmosph\u00e8re. Les temp\u00e9ratures vont enregistrer une augmentation de plusieurs degr\u00e9s dans l&rsquo;apr\u00e8s-midi. Les valeurs maximales attendues sont importantes, avec 33\u00b0C. Prenez garde \u00e0 la vague de chaud dans la soir\u00e9e. Des temp\u00e9ratures de 25 \u00e0 32\u00b0C sont annonc\u00e9es. Durant la nuit de jeudi \u00e0 vendredi, le ciel sera limpide.<\/p>\n<p>Demain, les Nantais vont pouvoir b\u00e9n\u00e9ficier d&rsquo;un soleil radieux. Un temps plus chaud est \u00e0 pr\u00e9voir puisque les temp\u00e9ratures vont conna\u00eetre une hausse. La ville va souffrir des fortes chaleurs avec des valeurs qui devraient grimper \u00e0 35\u00b0C. Les temp\u00e9ratures s&rsquo;\u00e9chelonneront entre 17 et 35\u00b0C. Un l\u00e9ger vent de nord-est sera ressenti par les habitants. Les grosses chaleurs sont pr\u00e9sentes. Avec des valeurs \u00e9chelonn\u00e9es entre 20 et 32\u00b0C. Les temp\u00e9ratures vont enregistrer une augmentation de plusieurs degr\u00e9s durant l&rsquo;apr\u00e8s-midi. De tr\u00e8s importantes chaleurs (entre 33\u00b0C et 35\u00b0C) sont pr\u00e9vues. L&rsquo;\u00e9pisode de fortes chaleurs est bien l\u00e0, avec des temp\u00e9ratures qui risqueront de monter jusqu&rsquo;\u00e0 34\u00b0C demain soir.<\/p>\n<p>La m\u00e9t\u00e9o restera stable les jours \u00e0 venir. Il va faire un temps relativement ensoleill\u00e9 avec des temp\u00e9ratures avoisinant 37\u00b0C.<\/p>\n<p>V\u00e9rifiez si votre d\u00e9partement est en vigilance canicule. Dans tous les cas, il convient d&rsquo;appliquer quelques pr\u00e9cautions pour se pr\u00e9munir contre la chaleur : buvez beaucoup et \u00e9vitez d&rsquo;aller au soleil pendant les heures les plus chaudes.<\/p>\n","protected":false},"excerpt":{"rendered":"Le soleil sera au rendez-vous \u00e0 Nantes : une magnifique journ\u00e9e se pr\u00e9sente ! Les maximales atteindront les&hellip;\n","protected":false},"author":2,"featured_media":238813,"comment_status":"","ping_status":"","sticky":false,"template":"","format":"standard","meta":{"footnotes":""},"categories":[2818],"tags":[1111,11,1777,674,1011,27,3047,766,12,2636,2119,25],"class_list":{"0":"post-238812","1":"post","2":"type-post","3":"status-publish","4":"format-standard","5":"has-post-thumbnail","7":"category-nantes","8":"tag-actu","9":"tag-actualites","10":"tag-eu","11":"tag-europe","12":"tag-fr","13":"tag-france","14":"tag-loire-atlantique","15":"tag-nantes","16":"tag-news","17":"tag-pays-de-la-loire","18":"tag-previsions-meteo","19":"tag-republique-francaise"},"share_on_mastodon":{"url":"https:\/\/pubeurope.com\/@fr\/114826059810863302","error":""},"_links":{"self":[{"href":"https:\/\/www.europesays.com\/fr\/wp-json\/wp\/v2\/posts\/238812","targetHints":{"allow":["GET"]}}],"collection":[{"href":"https:\/\/www.europesays.com\/fr\/wp-json\/wp\/v2\/posts"}],"about":[{"href":"https:\/\/www.europesays.com\/fr\/wp-json\/wp\/v2\/types\/post"}],"author":[{"embeddable":true,"href":"https:\/\/www.europesays.com\/fr\/wp-json\/wp\/v2\/users\/2"}],"replies":[{"embeddable":true,"href":"https:\/\/www.europesays.com\/fr\/wp-json\/wp\/v2\/comments?post=238812"}],"version-history":[{"count":0,"href":"https:\/\/www.europesays.com\/fr\/wp-json\/wp\/v2\/posts\/238812\/revisions"}],"wp:featuredmedia":[{"embeddable":true,"href":"https:\/\/www.europesays.com\/fr\/wp-json\/wp\/v2\/media\/238813"}],"wp:attachment":[{"href":"https:\/\/www.europesays.com\/fr\/wp-json\/wp\/v2\/media?parent=238812"}],"wp:term":[{"taxonomy":"category","embeddable":true,"href":"https:\/\/www.europesays.com\/fr\/wp-json\/wp\/v2\/categories?post=238812"},{"taxonomy":"post_tag","embeddable":true,"href":"https:\/\/www.europesays.com\/fr\/wp-json\/wp\/v2\/tags?post=238812"}],"curies":[{"name":"wp","href":"https:\/\/api.w.org\/{rel}","templated":true}]}}