{"id":238814,"date":"2025-07-10T00:16:24","date_gmt":"2025-07-10T00:16:24","guid":{"rendered":"https:\/\/www.europesays.com\/fr\/238814\/"},"modified":"2025-07-10T00:16:24","modified_gmt":"2025-07-10T00:16:24","slug":"dans-une-expo-a-nantes-hokusai-se-revele-bouleversant-de-beaute","status":"publish","type":"post","link":"https:\/\/www.europesays.com\/fr\/238814\/","title":{"rendered":"Dans une expo \u00e0 Nantes, Hokusai se r\u00e9v\u00e8le bouleversant de beaut\u00e9"},"content":{"rendered":"<p class=\"editor-content__paragraph\">Comme l\u2019\u00e9cume de sa <a href=\"https:\/\/www.beauxarts.com\/grand-format\/la-grande-vague-de-kanagawa-immersion-au-coeur-dun-chef-doeuvre\/\" target=\"_blank\" rel=\"noopener nofollow\">Grande Vague<\/a> courb\u00e9e au-dessus du mont Fuji, pr\u00eate \u00e0 engloutir de fr\u00eales embarcations, le talent de <strong><a href=\"https:\/\/www.beauxarts.com\/grand-format\/hokusai-en-2-minutes\/\" target=\"_blank\" rel=\"noopener nofollow\">Katsushika Hokusai<\/a><\/strong> a fait l\u2019effet d\u2019une d\u00e9ferlante sur l\u2019Occident. <a href=\"https:\/\/www.beauxarts.com\/grand-format\/limpressionnisme-en-3-minutes\/\" target=\"_blank\" rel=\"noopener nofollow\">Impressionnisme<\/a>, art moderne, bande dessin\u00e9e\u00a0: l\u2019\u00e9tendue de <strong>son influence est immense<\/strong>, et on ne compte plus le nombre d\u2019ouvrages et d\u2019expositions qui lui sont consacr\u00e9s. Malgr\u00e9 cela, on ne conna\u00eet <strong>qu\u2019une petite partie de l\u2019\u0153uvre foisonnante<\/strong> de cet artiste qui v\u00e9cut jusqu\u2019\u00e0 l\u2019aube de ses 90\u00a0ans, et cr\u00e9a durant 70\u00a0ans, changeant au moins 30\u00a0fois de nom au gr\u00e9 de ses \u00e9volutions stylistiques\u2026<\/p>\n<p class=\"editor-content__paragraph editor-content__paragraph--is-hidden\">Hokusai a produit <strong>plus de 30\u00a0000\u00a0dessins<\/strong>, dont<strong> 3\u00a0000\u00a0d\u00e9riv\u00e9s en estampes polychromes<\/strong> \u2013 des \u0153uvres sur papier aux couleurs \u00e9clatantes, r\u00e9alis\u00e9es gr\u00e2ce \u00e0 des planches de bois grav\u00e9es enduites d\u2019encre, qui ont fait sa renomm\u00e9e dans le monde entier depuis leur exportation en Europe \u00e0 partir de 1850. Mais l\u2019artiste a aussi r\u00e9alis\u00e9 au moins <strong>450\u00a0peintures de styles tr\u00e8s diff\u00e9rents<\/strong>\u00a0: une<strong> facette m\u00e9connue<\/strong> de son \u0153uvre que le <strong>ch\u00e2teau des ducs de Bretagne<\/strong> a d\u00e9cid\u00e9 de mettre en valeur dans ce parcours organis\u00e9 autour de divers th\u00e8mes comme l\u2019eau, la faune et la flore, ou encore les beaut\u00e9s et les acteurs de kabuki.<\/p>\n<p>            <strong>Continuez votre lecture<\/strong><\/p>\n<p>\n                et acc\u00e9dez \u00e0 Beaux Arts Magazine<br \/>et \u00e0 tous les contenus web<br \/><strong>en illimit\u00e9 \u00e0 partir de 5,75\u20ac \/ mois<\/strong>\n            <\/p>\n<p class=\"cta-abonnement__log-in\">\n        D\u00e9j\u00e0 abonn\u00e9 ?        <a data-id=\"aHR0cHM6Ly93d3cuYmVhdXhhcnRzLmNvbS9tb24tY29tcHRlLw==\">Connectez-vous<\/a>\n    <\/p>\n<p>            <img data-vllblanksrc=\"https:\/\/www.beauxarts.com\/expos\/entre-chefs-doeuvre-meconnus-et-grands-classiques-un-hokusai-bouleversant-de-beaute-sexpose-a-nantes\/1\" data-vllsrc=\"https:\/\/www.europesays.com\/fr\/wp-content\/uploads\/2025\/06\/couv-bam-493-494-232x300.png\" alt=\"\"\/><img data-vllblanksrc=\"https:\/\/www.beauxarts.com\/expos\/entre-chefs-doeuvre-meconnus-et-grands-classiques-un-hokusai-bouleversant-de-beaute-sexpose-a-nantes\/1\" data-vllsrc=\"https:\/\/www.europesays.com\/fr\/wp-content\/uploads\/2025\/05\/couv-bam-492-232x300.png\" alt=\"\"\/>        <\/p>\n","protected":false},"excerpt":{"rendered":"Comme l\u2019\u00e9cume de sa Grande Vague courb\u00e9e au-dessus du mont Fuji, pr\u00eate \u00e0 engloutir de fr\u00eales embarcations, le&hellip;\n","protected":false},"author":2,"featured_media":238815,"comment_status":"","ping_status":"","sticky":false,"template":"","format":"standard","meta":{"footnotes":""},"categories":[2818],"tags":[1111,11,12870,37862,1777,674,1011,27,766,12,2636,1585,25,37863],"class_list":{"0":"post-238814","1":"post","2":"type-post","3":"status-publish","4":"format-standard","5":"has-post-thumbnail","7":"category-nantes","8":"tag-actu","9":"tag-actualites","10":"tag-art-moderne","11":"tag-chateau-des-ducs-de-bretagne-musee-dhistoire-de-nantes","12":"tag-eu","13":"tag-europe","14":"tag-fr","15":"tag-france","16":"tag-nantes","17":"tag-news","18":"tag-pays-de-la-loire","19":"tag-peinture","20":"tag-republique-francaise","21":"tag-ukiyo-e"},"share_on_mastodon":{"url":"https:\/\/pubeurope.com\/@fr\/114826063606366151","error":""},"_links":{"self":[{"href":"https:\/\/www.europesays.com\/fr\/wp-json\/wp\/v2\/posts\/238814","targetHints":{"allow":["GET"]}}],"collection":[{"href":"https:\/\/www.europesays.com\/fr\/wp-json\/wp\/v2\/posts"}],"about":[{"href":"https:\/\/www.europesays.com\/fr\/wp-json\/wp\/v2\/types\/post"}],"author":[{"embeddable":true,"href":"https:\/\/www.europesays.com\/fr\/wp-json\/wp\/v2\/users\/2"}],"replies":[{"embeddable":true,"href":"https:\/\/www.europesays.com\/fr\/wp-json\/wp\/v2\/comments?post=238814"}],"version-history":[{"count":0,"href":"https:\/\/www.europesays.com\/fr\/wp-json\/wp\/v2\/posts\/238814\/revisions"}],"wp:featuredmedia":[{"embeddable":true,"href":"https:\/\/www.europesays.com\/fr\/wp-json\/wp\/v2\/media\/238815"}],"wp:attachment":[{"href":"https:\/\/www.europesays.com\/fr\/wp-json\/wp\/v2\/media?parent=238814"}],"wp:term":[{"taxonomy":"category","embeddable":true,"href":"https:\/\/www.europesays.com\/fr\/wp-json\/wp\/v2\/categories?post=238814"},{"taxonomy":"post_tag","embeddable":true,"href":"https:\/\/www.europesays.com\/fr\/wp-json\/wp\/v2\/tags?post=238814"}],"curies":[{"name":"wp","href":"https:\/\/api.w.org\/{rel}","templated":true}]}}