{"id":238822,"date":"2025-07-10T00:20:18","date_gmt":"2025-07-10T00:20:18","guid":{"rendered":"https:\/\/www.europesays.com\/fr\/238822\/"},"modified":"2025-07-10T00:20:18","modified_gmt":"2025-07-10T00:20:18","slug":"a-toulouse-on-peut-desormais-senfuir-sans-crainte-pour-son-chat-ou-son-chien-2","status":"publish","type":"post","link":"https:\/\/www.europesays.com\/fr\/238822\/","title":{"rendered":"A Toulouse, on peut d\u00e9sormais s\u2019enfuir sans crainte pour son chat ou son chien"},"content":{"rendered":"<p><strong>Protection &#8211; Le parquet g\u00e9n\u00e9ral de Toulouse a mis en place un dispositif permettant aux victimes de violences intrafamiliales de placer gratuitement leurs animaux domestiques pendant un mois lorsqu\u2019elles quittent leur domicile<\/strong><\/p>\n<p>Le parquet g\u00e9n\u00e9ral de <a href=\"https:\/\/www.20minutes.fr\/toulouse\/?at_medium=RSS%20feed&amp;at_campaign=ynews&amp;utm_source=yahoo&amp;utm_medium=rss&amp;utm_campaign=news_feed&amp;utm_content=in_article_link\" rel=\"nofollow noopener\" target=\"_blank\" data-ylk=\"slk:Toulouse;elm:context_link;itc:0;sec:content-canvas\" class=\"link \">Toulouse <\/a>a act\u00e9 mardi la mise en place d\u2019un dispositif in\u00e9dit. Celui-ci permet la mise \u00e0 l\u2019abri temporaire des animaux domestiques en cas d\u2019abandon du domicile pour \u00e9chapper \u00e0 des <a href=\"https:\/\/www.20minutes.fr\/dossier\/violences_conjugales?at_medium=RSS%20feed&amp;at_campaign=ynews&amp;utm_source=yahoo&amp;utm_medium=rss&amp;utm_campaign=news_feed&amp;utm_content=in_article_link\" rel=\"nofollow noopener\" target=\"_blank\" data-ylk=\"slk:violences intrafamiliales;elm:context_link;itc:0;sec:content-canvas\" class=\"link \">violences intrafamiliales<\/a>. Le protocole, sign\u00e9 avec la Conf\u00e9d\u00e9ration nationale d\u00e9fense de l\u2019animal (CNDA), pr\u00e9voit que les <a href=\"https:\/\/www.20minutes.fr\/dossier\/victime?at_medium=RSS%20feed&amp;at_campaign=ynews&amp;utm_source=yahoo&amp;utm_medium=rss&amp;utm_campaign=news_feed&amp;utm_content=in_article_link\" rel=\"nofollow noopener\" target=\"_blank\" data-ylk=\"slk:victimes;elm:context_link;itc:0;sec:content-canvas\" class=\"link \">victimes<\/a> puissent placer gratuitement leur animal pendant un mois, lorsque les solutions d\u2019h\u00e9bergement d\u2019urgence ne leur permettent pas de l\u2019emporter avec elles.<\/p>\n<p>S\u2019assurer que la victime \u00ab puisse \u00eatre certaine d\u2019un accueil adapt\u00e9 de son animal permettra de lib\u00e9rer la parole, permettra un d\u00e9part serein de la victime \u00bb du domicile conjugal, estime le procureur g\u00e9n\u00e9ral de Toulouse, Nicolas Jacquet. Ce dispositif vient compl\u00e9ter le panel de mesures mises en place depuis 2022 par le parquet g\u00e9n\u00e9ral de Toulouse pour mieux lutter contre la maltraitance animale. \u00ab On r\u00e9pond \u00e0 un angle mort qui est un \u00e9l\u00e9ment important de la capacit\u00e9 d\u2019emprise d\u2019un auteur sur sa victime : celui de la pr\u00e9sence \u00e9ventuelle de l\u2019animal de compagnie \u00bb, a-t-il d\u00e9taill\u00e9.<\/p>\n<p>Une premi\u00e8re en France<\/p>\n<p>La convention pr\u00e9sente la particularit\u00e9 de permettre aux victimes de solliciter le placement de leur animal domestique sans qu\u2019il ait \u00e9t\u00e9 \u00e9tabli qu\u2019il a lui-m\u00eame \u00e9t\u00e9 victime de maltraitance, ce qui \u00e9tait jusqu\u2019\u00e0 pr\u00e9sent la r\u00e8gle pour retirer un animal \u00e0 son propri\u00e9taire. Concr\u00e8tement, un repr\u00e9sentant de la CNDA sera charg\u00e9 de venir r\u00e9cup\u00e9rer l\u2019animal (chat, chien\u2026 voire cheval), en pr\u00e9sence des force(&#8230;)<\/p>\n<p><a href=\"https:\/\/www.20minutes.fr\/justice\/4162876-20250709-violences-conjugales-toulouse-peut-desormais-enfuir-crainte-chat-chien?at_medium=RSS%20feed&amp;at_campaign=ynews&amp;utm_source=yahoo&amp;utm_medium=rss&amp;utm_campaign=news_feed&amp;utm_content=read_more_link\" rel=\"nofollow noopener\" target=\"_blank\" data-ylk=\"slk:Lire la suite sur 20minutes;elm:context_link;itc:0;sec:content-canvas\" class=\"link \">Lire la suite sur 20minutes<\/a><\/p>\n<p>\u00c0 lire aussi :<br \/><a href=\"https:\/\/www.20minutes.fr\/arts-stars\/cinema\/4161725-20250703-accuse-violences-conjugales-acteur-pascal-demolon-vu-serie-fiasco-ecarte-festival?at_medium=RSS%20feed&amp;at_campaign=ynews&amp;utm_source=yahoo&amp;utm_medium=rss&amp;utm_campaign=news_feed&amp;utm_content=related_content_link\" rel=\"nofollow noopener\" target=\"_blank\" data-ylk=\"slk:Accus\u00e9 de violences conjugales, l\u2019acteur Pascal Demolon, vu dans la s\u00e9rie \u00ab Fiasco \u00bb, a \u00e9t\u00e9 \u00e9cart\u00e9 d\u2019un festival;elm:context_link;itc:0;sec:content-canvas\" class=\"link \">Accus\u00e9 de violences conjugales, l\u2019acteur Pascal Demolon, vu dans la s\u00e9rie \u00ab Fiasco \u00bb, a \u00e9t\u00e9 \u00e9cart\u00e9 d\u2019un festival<\/a><br \/><a href=\"https:\/\/www.20minutes.fr\/arts-stars\/people\/4161944-20250704-pleine-strategie-reconquete-stephane-plaza-adresse-video-franchises?at_medium=RSS%20feed&amp;at_campaign=ynews&amp;utm_source=yahoo&amp;utm_medium=rss&amp;utm_campaign=news_feed&amp;utm_content=related_content_link\" rel=\"nofollow noopener\" target=\"_blank\" data-ylk=\"slk:En pleine strat\u00e9gie de reconqu\u00eate, St\u00e9phane Plaza s\u2019adresse en vid\u00e9o \u00e0 ses franchis\u00e9s;elm:context_link;itc:0;sec:content-canvas\" class=\"link \">En pleine strat\u00e9gie de reconqu\u00eate, St\u00e9phane Plaza s\u2019adresse en vid\u00e9o \u00e0 ses franchis\u00e9s<\/a><\/p>\n","protected":false},"excerpt":{"rendered":"Protection &#8211; Le parquet g\u00e9n\u00e9ral de Toulouse a mis en place un dispositif permettant aux victimes de violences&hellip;\n","protected":false},"author":2,"featured_media":238823,"comment_status":"","ping_status":"","sticky":false,"template":"","format":"standard","meta":{"footnotes":""},"categories":[2816],"tags":[1111,11,37866,37865,1777,674,1011,27,12,2680,37864,25,2312],"class_list":{"0":"post-238822","1":"post","2":"type-post","3":"status-publish","4":"format-standard","5":"has-post-thumbnail","7":"category-toulouse","8":"tag-actu","9":"tag-actualites","10":"tag-animal-domestique","11":"tag-cnda","12":"tag-eu","13":"tag-europe","14":"tag-fr","15":"tag-france","16":"tag-news","17":"tag-occitanie","18":"tag-parquet-general","19":"tag-republique-francaise","20":"tag-toulouse"},"share_on_mastodon":{"url":"https:\/\/pubeurope.com\/@fr\/114826079464531118","error":""},"_links":{"self":[{"href":"https:\/\/www.europesays.com\/fr\/wp-json\/wp\/v2\/posts\/238822","targetHints":{"allow":["GET"]}}],"collection":[{"href":"https:\/\/www.europesays.com\/fr\/wp-json\/wp\/v2\/posts"}],"about":[{"href":"https:\/\/www.europesays.com\/fr\/wp-json\/wp\/v2\/types\/post"}],"author":[{"embeddable":true,"href":"https:\/\/www.europesays.com\/fr\/wp-json\/wp\/v2\/users\/2"}],"replies":[{"embeddable":true,"href":"https:\/\/www.europesays.com\/fr\/wp-json\/wp\/v2\/comments?post=238822"}],"version-history":[{"count":0,"href":"https:\/\/www.europesays.com\/fr\/wp-json\/wp\/v2\/posts\/238822\/revisions"}],"wp:featuredmedia":[{"embeddable":true,"href":"https:\/\/www.europesays.com\/fr\/wp-json\/wp\/v2\/media\/238823"}],"wp:attachment":[{"href":"https:\/\/www.europesays.com\/fr\/wp-json\/wp\/v2\/media?parent=238822"}],"wp:term":[{"taxonomy":"category","embeddable":true,"href":"https:\/\/www.europesays.com\/fr\/wp-json\/wp\/v2\/categories?post=238822"},{"taxonomy":"post_tag","embeddable":true,"href":"https:\/\/www.europesays.com\/fr\/wp-json\/wp\/v2\/tags?post=238822"}],"curies":[{"name":"wp","href":"https:\/\/api.w.org\/{rel}","templated":true}]}}