{"id":238831,"date":"2025-07-10T00:25:10","date_gmt":"2025-07-10T00:25:10","guid":{"rendered":"https:\/\/www.europesays.com\/fr\/238831\/"},"modified":"2025-07-10T00:25:10","modified_gmt":"2025-07-10T00:25:10","slug":"ca-fait-du-bien-de-commencer-la-tournee-avec-vous","status":"publish","type":"post","link":"https:\/\/www.europesays.com\/fr\/238831\/","title":{"rendered":"\u00ab \u00e7a fait du bien de commencer la tourn\u00e9e avec vous \u00bb"},"content":{"rendered":"<p>\u00ab\u00a0Bonsoir Fourvi\u00e8re, nous sommes les Feu! Chatterton, pour vous servir\u00a0\u00bb. Avec un sentiment d&rsquo;humilit\u00e9 et une grande classe, Arthur Teboul lance les festivit\u00e9s dans un th\u00e9\u00e2tre romain au complet ce mercredi soir.<\/p>\n<p>\u00ab\u00a0On attendait beaucoup de nos retrouvailles \u00bb<\/p>\n<p>Le chanteur de <a href=\"https:\/\/www.leprogres.fr\/culture-loisirs\/2025\/06\/19\/feu-chatterton-fourviere-fait-partie-de-ces-lieux-ou-tout-musicien-a-envie-de-jouer\" target=\"_blank\" rel=\"noopener\">Feu! Chatterton<\/a>, costume noir et \u00e9l\u00e9gance un peu surann\u00e9e, installe d&#8217;embl\u00e9e sa pr\u00e9sence sc\u00e9nique th\u00e9\u00e2trale et semble rassur\u00e9 apr\u00e8s une entr\u00e9e en mati\u00e8re aux c\u00f4t\u00e9s de \u00ab\u00a0Compagnon\u00a0\u00bb, puis\u00e9 dans leur 3e album Palais d&rsquo;argile. \u00ab\u00a0On attendait beaucoup de nos retrouvailles, je pense que \u00e7a va bien se passer. \u00bb<\/p>\n<p>Le public de Fourvi\u00e8re d\u00e9couvre aussi quelques nouveaux morceaux du prochain disque \u00e0 venir en septembre :\u00a0 Mon fr\u00e8re puis Allons voir, single avant coureur et hymne f\u00e9d\u00e9rateur d\u00e9j\u00e0 repris en ch\u0153ur par les 4000 spectateurs. \u00ab\u00a0\u00c7a fait du bien de commencer la tourn\u00e9e avec vous\u00a0\u00bb, lance le chanteur en rappelant le premier concert du groupe, il y a plus de 10 ans sur la petite sc\u00e8ne du Sonic.<\/p>\n<p>La formation parisienne, saisissante d&rsquo;osmose et d&rsquo;\u00e9quilibre, vient de lancer une br\u00e8ve tourn\u00e9e des festivals avant de reprendre la route pour la saison automne\/hiver. Avec une nouvelle escale \u00e0 Lyon, le 8 f\u00e9vrier 2026 \u00e0 la LDLC Arena.<\/p>\n","protected":false},"excerpt":{"rendered":"\u00ab\u00a0Bonsoir Fourvi\u00e8re, nous sommes les Feu! Chatterton, pour vous servir\u00a0\u00bb. Avec un sentiment d&rsquo;humilit\u00e9 et une grande classe,&hellip;\n","protected":false},"author":2,"featured_media":238832,"comment_status":"","ping_status":"","sticky":false,"template":"","format":"standard","meta":{"footnotes":""},"categories":[1889],"tags":[1111,11,2430,1687,2757,1777,674,1011,27,2428,873,12,28848,25,2429,3140],"class_list":{"0":"post-238831","1":"post","2":"type-post","3":"status-publish","4":"format-standard","5":"has-post-thumbnail","7":"category-lyon","8":"tag-actu","9":"tag-actualites","10":"tag-auvergne-rhone-alpes","11":"tag-culture-loisirs","12":"tag-edition-lyon-villeurbanne","13":"tag-eu","14":"tag-europe","15":"tag-fr","16":"tag-france","17":"tag-lyon","18":"tag-musique","19":"tag-news","20":"tag-nuits-de-fourviere","21":"tag-republique-francaise","22":"tag-rhone","23":"tag-spectacle"},"share_on_mastodon":{"url":"https:\/\/pubeurope.com\/@fr\/114826099056944839","error":""},"_links":{"self":[{"href":"https:\/\/www.europesays.com\/fr\/wp-json\/wp\/v2\/posts\/238831","targetHints":{"allow":["GET"]}}],"collection":[{"href":"https:\/\/www.europesays.com\/fr\/wp-json\/wp\/v2\/posts"}],"about":[{"href":"https:\/\/www.europesays.com\/fr\/wp-json\/wp\/v2\/types\/post"}],"author":[{"embeddable":true,"href":"https:\/\/www.europesays.com\/fr\/wp-json\/wp\/v2\/users\/2"}],"replies":[{"embeddable":true,"href":"https:\/\/www.europesays.com\/fr\/wp-json\/wp\/v2\/comments?post=238831"}],"version-history":[{"count":0,"href":"https:\/\/www.europesays.com\/fr\/wp-json\/wp\/v2\/posts\/238831\/revisions"}],"wp:featuredmedia":[{"embeddable":true,"href":"https:\/\/www.europesays.com\/fr\/wp-json\/wp\/v2\/media\/238832"}],"wp:attachment":[{"href":"https:\/\/www.europesays.com\/fr\/wp-json\/wp\/v2\/media?parent=238831"}],"wp:term":[{"taxonomy":"category","embeddable":true,"href":"https:\/\/www.europesays.com\/fr\/wp-json\/wp\/v2\/categories?post=238831"},{"taxonomy":"post_tag","embeddable":true,"href":"https:\/\/www.europesays.com\/fr\/wp-json\/wp\/v2\/tags?post=238831"}],"curies":[{"name":"wp","href":"https:\/\/api.w.org\/{rel}","templated":true}]}}