{"id":238833,"date":"2025-07-10T00:26:21","date_gmt":"2025-07-10T00:26:21","guid":{"rendered":"https:\/\/www.europesays.com\/fr\/238833\/"},"modified":"2025-07-10T00:26:21","modified_gmt":"2025-07-10T00:26:21","slug":"lyon-la-gare-sncf-part-dieu-noire-de-monde-grosse-pagaille-ce-quil-se-passe","status":"publish","type":"post","link":"https:\/\/www.europesays.com\/fr\/238833\/","title":{"rendered":"Lyon. La gare SNCF Part-Dieu noire de monde, grosse pagaille : ce qu&rsquo;il se passe"},"content":{"rendered":"<p>            Par<br \/>\n        <strong><br \/>\n            <a href=\"https:\/\/actu.fr\/auteur\/julien-sournies\" title=\"Consulter tous les articles de Julien Sournies\" target=\"_blank\" rel=\"noopener\">Julien Sournies<\/a><br \/>\n        <\/strong><\/p>\n<p>        Publi\u00e9 le<\/p>\n<p>            9 juil. 2025 \u00e0 18h13<br \/>\n        ; mis \u00e0 jour le 9 juil. 2025 \u00e0 18h30    <\/p>\n<p>C\u2019est de nouveau la <a href=\"https:\/\/actu.fr\/auvergne-rhone-alpes\/lyon_69123\/lyon-la-gare-sncf-part-dieu-bondee-de-nombreux-trains-annules-ce-qu-il-se-passe_62884569.html\" target=\"_blank\" rel=\"noopener\">pagaille \u00e0 la gare de Lyon Part-Dieu<\/a> ce mercredi 9\u00a0juillet apr\u00e8s-midi. Apr\u00e8s de nombreux retards accumul\u00e9s la veille \u00e0 cause des violents incendies \u00e0 Marseille, un <strong>nouveau probl\u00e8me<\/strong> impacte les voies ferr\u00e9es de la <a href=\"https:\/\/actu.fr\/tag\/sncf\" target=\"_blank\" rel=\"noopener\">SNCF<\/a>.<\/p>\n<p class=\" wall-content\">En cons\u00e9quence, de nombreux trains accusent donc du retard. Selon les informations fournies par la SNCF, un <strong>d\u00e9faut d\u2019alimentation \u00e9lectrique<\/strong> survenu vers Lyon Saint-Clair serait \u00e0 l\u2019origine de cette cohue visible \u00e0 la Part-Dieu.<\/p>\n<p class=\" wall-content\">Un train est \u00e9galement bloqu\u00e9 sur les rails \u00e0 la suite d\u2019une panne au niveau de V\u00e9nissieux, ce qui participe \u00e0 la pagaille g\u00e9n\u00e9rale sur toutes les lignes au d\u00e9part de la gare lyonnaise.<\/p>\n<p>Le train Lyon-Paris supprim\u00e9, comme celui vers Gen\u00e8ve<\/p>\n<p class=\" wall-content\">Sur le site internet de la SNCF, tous les trains au d\u00e9part ou passant par la gare de Lyon Part-Dieu sont actuellement impact\u00e9s, et certains biens plus que d\u2019autres. En effet, le Ouigo 7\u2009804 \u00e0 destination de Paris \u2013 Gare de Lyon, initialement pr\u00e9vu \u00e0 15h38, a fait l\u2019objet de <strong>3h50<\/strong> de retard avant d\u2019\u00eatre finalement supprim\u00e9.<\/p>\n<p>    <img   decoding=\"async\" loading=\"lazy\" src=\"https:\/\/www.europesays.com\/fr\/wp-content\/uploads\/2025\/07\/part-dieu-lyon-blinde-960x640.jpg\" alt=\"Le TER \u00e0 destination d'Amb\u00e9rieu-en-Bugey a plus d'une heure de retard.\" width=\"960\" height=\"640\"\/><br \/>\n    Le TER \u00e0 destination d\u2019Amb\u00e9rieu-en-Bugey a plus d\u2019une heure de retard. (\u00a9Julien Damboise \/ actu Lyon)<\/p>\n<p class=\" wall-content\">Les TGV Inoui 9\u2009868 et 9864 \u00e0 destination de Bruxelles-Midi, dont le d\u00e9part \u00e9tait pr\u00e9vu \u00e0 17h, ont<strong> 2h10<\/strong> de retard. Au d\u00e9part de Part-Dieu \u00e0 17h04, le TGV Inoui 6\u2009626 vers Paris \u2013 Gare de Lyon accuse, lui, plus de <strong>2\u00a0heures de retard<\/strong>, tout comme le TGV Inoui \u00e0 destination de Marseille Saint-Charles, dont le d\u00e9part \u00e9tait pr\u00e9vu \u00e0 17h06.<\/p>\n<p class=\" wall-content\">Enfin, le TER de 17h38 \u00e0 destination de Gen\u00e8ve Cornavin a m\u00eame d\u00fb \u00eatre <strong>supprim\u00e9<\/strong>.<\/p>\n<p class=\" wall-content\">L\u2019\u00e9tat du trafic incommod\u00e9 par la panne est \u00e0 retrouver sur le <a href=\"https:\/\/www.garesetconnexions.sncf\/fr\/gares-services\/lyon-part-dieu\" target=\"_blank\" rel=\"noopener\">site de la SNCF<\/a>.<\/p>\n<p class=\" wall-content\">Suivez toute l\u2019actualit\u00e9 de vos villes et m\u00e9dias favoris en vous inscrivant \u00e0 <a href=\"https:\/\/moncompte.actu.fr\" title=\"D\u00e9couvez Mon Actu\" rel=\"nofollow noopener\" data-trk=\"{&quot;cta&quot;:{&quot;action&quot;:&quot;https:\\\/\\\/moncompte.actu.fr&quot;,&quot;category&quot;:&quot;mon compte&quot;,&quot;from&quot;:&quot;article footer&quot;,&quot;name&quot;:&quot;Mon actu&quot;,&quot;type&quot;:&quot;cta&quot;}}\" target=\"_blank\">Mon Actu<\/a>.<\/p>\n","protected":false},"excerpt":{"rendered":"Par Julien Sournies Publi\u00e9 le 9 juil. 2025 \u00e0 18h13 ; mis \u00e0 jour le 9 juil. 2025&hellip;\n","protected":false},"author":2,"featured_media":238834,"comment_status":"","ping_status":"","sticky":false,"template":"","format":"standard","meta":{"footnotes":""},"categories":[1889],"tags":[1111,11,2430,1777,674,1011,27,2428,6178,12,25,2215,104,2803],"class_list":{"0":"post-238833","1":"post","2":"type-post","3":"status-publish","4":"format-standard","5":"has-post-thumbnail","7":"category-lyon","8":"tag-actu","9":"tag-actualites","10":"tag-auvergne-rhone-alpes","11":"tag-eu","12":"tag-europe","13":"tag-fr","14":"tag-france","15":"tag-lyon","16":"tag-lyon-part-dieu","17":"tag-news","18":"tag-republique-francaise","19":"tag-sncf","20":"tag-societe","21":"tag-transport"},"share_on_mastodon":{"url":"https:\/\/pubeurope.com\/@fr\/114826103004287686","error":""},"_links":{"self":[{"href":"https:\/\/www.europesays.com\/fr\/wp-json\/wp\/v2\/posts\/238833","targetHints":{"allow":["GET"]}}],"collection":[{"href":"https:\/\/www.europesays.com\/fr\/wp-json\/wp\/v2\/posts"}],"about":[{"href":"https:\/\/www.europesays.com\/fr\/wp-json\/wp\/v2\/types\/post"}],"author":[{"embeddable":true,"href":"https:\/\/www.europesays.com\/fr\/wp-json\/wp\/v2\/users\/2"}],"replies":[{"embeddable":true,"href":"https:\/\/www.europesays.com\/fr\/wp-json\/wp\/v2\/comments?post=238833"}],"version-history":[{"count":0,"href":"https:\/\/www.europesays.com\/fr\/wp-json\/wp\/v2\/posts\/238833\/revisions"}],"wp:featuredmedia":[{"embeddable":true,"href":"https:\/\/www.europesays.com\/fr\/wp-json\/wp\/v2\/media\/238834"}],"wp:attachment":[{"href":"https:\/\/www.europesays.com\/fr\/wp-json\/wp\/v2\/media?parent=238833"}],"wp:term":[{"taxonomy":"category","embeddable":true,"href":"https:\/\/www.europesays.com\/fr\/wp-json\/wp\/v2\/categories?post=238833"},{"taxonomy":"post_tag","embeddable":true,"href":"https:\/\/www.europesays.com\/fr\/wp-json\/wp\/v2\/tags?post=238833"}],"curies":[{"name":"wp","href":"https:\/\/api.w.org\/{rel}","templated":true}]}}