{"id":238839,"date":"2025-07-10T00:30:18","date_gmt":"2025-07-10T00:30:18","guid":{"rendered":"https:\/\/www.europesays.com\/fr\/238839\/"},"modified":"2025-07-10T00:30:18","modified_gmt":"2025-07-10T00:30:18","slug":"diner-en-amoureux-a-paris-chez-laperouse","status":"publish","type":"post","link":"https:\/\/www.europesays.com\/fr\/238839\/","title":{"rendered":"d\u00eener en amoureux \u00e0 Paris, chez Lap\u00e9rouse"},"content":{"rendered":"<p>Une sortie discr\u00e8te qui n\u2019est pourtant pas pass\u00e9e inaper\u00e7ue. Ce 8 juillet, <a data-i13n=\"cpos:1;pos:1\" href=\"https:\/\/www.parismatch.com\/bio\/sean-penn\" rel=\"nofollow noopener\" target=\"_blank\" data-ylk=\"slk:Sean Penn;cpos:1;pos:1;elm:context_link;itc:0;sec:content-canvas\" class=\"link \">Sean Penn<\/a> a \u00e9t\u00e9 rep\u00e9r\u00e9 \u00e0 Paris en compagnie de sa compagne Valeria Nicov, de 34 ans sa cadette. Le couple a \u00e9t\u00e9 vu \u00e0 la sortie du c\u00e9l\u00e8bre restaurant Lap\u00e9rouse, adresse chouchou des c\u00e9l\u00e9brit\u00e9s. \u00c0 table, le duo a pu d\u00e9guster une dorade royale flamb\u00e9e, une ratatouille ou encore des Saint-Jacques \u00e0 la plancha non loin de c\u00e9l\u00e8bres invit\u00e9s, notamment Leonardo DiCaprio, fid\u00e8le \u00e0 sa volont\u00e9 d\u2019anonymat, dissimul\u00e9 sous une casquette et un masque chirurgical noir, ainsi que Lauren Sanchez, <a data-i13n=\"cpos:2;pos:1\" href=\"https:\/\/www.parismatch.com\/People\/mariage-du-siecle-a-venise-la-fete-est-finie-et-deja-un-air-de-gueule-de-bois-253498\" rel=\"nofollow noopener\" target=\"_blank\" data-ylk=\"slk:r\u00e9cemment mari\u00e9e \u00e0 Jeff Bezos;cpos:2;pos:1;elm:context_link;itc:0;sec:content-canvas\" class=\"link \">r\u00e9cemment mari\u00e9e \u00e0 Jeff Bezos<\/a>.<\/p>\n<p>Pour l\u2019occasion, Sean Penn n\u2019a pas fait de chichis et a opt\u00e9 pour un look sobre et d\u00e9contract\u00e9 : pantalon cargo, veste oversize, le tout dans des teintes kaki pour un style quasi militaire. De son c\u00f4t\u00e9, Valeria Nicov a elle mis\u00e9 sur l\u2019\u00e9l\u00e9gance avec une chemise blanche, un pantalon noir de tailleur et un sac vert assorti, un look qu\u2019elle avait d\u00e9j\u00e0 arbor\u00e9 lors du <a data-i13n=\"cpos:3;pos:1\" href=\"https:\/\/www.parismatch.com\/dossiers\/festival-de-cannes\" rel=\"nofollow noopener\" target=\"_blank\" data-ylk=\"slk:dernier festival de Cannes;cpos:3;pos:1;elm:context_link;itc:0;sec:content-canvas\" class=\"link \">dernier festival de Cannes<\/a>. S\u2019ils marchaient parfois c\u00f4te \u00e0 c\u00f4te, le couple ne s\u2019est pas montr\u00e9 particuli\u00e8rement d\u00e9monstratif, pr\u00e9f\u00e9rant visiblement la discr\u00e9tion et la distance.<\/p>\n<p>Image<\/p>\n<p><img decoding=\"async\" class=\"caas-img caas-lazy has-preview\" alt=\"\" src=\"https:\/\/www.europesays.com\/fr\/wp-content\/uploads\/2025\/07\/deb55c21c06d606190d17b381b46b0e6.jpeg\"\/><\/p>\n<p>\u00a0\u00a0<\/p>\n<p>Valeria Nicov dans les rues de Paris, le 8 juillet 2025. \u00a9 Backgrid USA \/ Bestimage \/ Backgrid USA \/ Bestimage<\/p>\n<p>Cette sortie marque pourtant une des rares apparitions publiques du duo, qui avait officialis\u00e9 sa relation en novembre dernier, <a data-i13n=\"cpos:4;pos:1\" href=\"https:\/\/www.parismatch.com\/people\/marrakech-sean-penn-celebre-le-politiquement-incorrect-aupres-de-sa-nouvelle-compagne-valeria-nicov-244100\" rel=\"nofollow noopener\" target=\"_blank\" data-ylk=\"slk:lors du Festival du film de...;cpos:4;pos:1;elm:context_link;itc:0;sec:content-canvas\" class=\"link \">lors du Festival du film de&#8230;<\/a><\/p>\n<p><a data-i13n=\"cpos:5;pos:1\" href=\"https:\/\/www.parismatch.com\/People\/sean-penn-et-sa-jeune-compagne-valeria-nicov-amoureux-pudiques-dans-les-rues-de-paris-253993?at_medium=affiliate&amp;at_campaign=Yahoo\" rel=\"nofollow noopener\" target=\"_blank\" data-ylk=\"slk:Lire la suite sur ParisMatch;cpos:5;pos:1;elm:context_link;itc:0;sec:content-canvas\" class=\"link \">Lire la suite sur ParisMatch<\/a><\/p>\n","protected":false},"excerpt":{"rendered":"Une sortie discr\u00e8te qui n\u2019est pourtant pas pass\u00e9e inaper\u00e7ue. Ce 8 juillet, Sean Penn a \u00e9t\u00e9 rep\u00e9r\u00e9 \u00e0&hellip;\n","protected":false},"author":2,"featured_media":238840,"comment_status":"","ping_status":"","sticky":false,"template":"","format":"standard","meta":{"footnotes":""},"categories":[1888],"tags":[1111,1928,11,1927,10493,1777,674,5634,37868,1011,27,697,22090,12,1926,37869,626,1925,25,15939],"class_list":{"0":"post-238839","1":"post","2":"type-post","3":"status-publish","4":"format-standard","5":"has-post-thumbnail","7":"category-paris","8":"tag-actu","9":"tag-actu-paris","10":"tag-actualites","11":"tag-actualites-paris","12":"tag-bestimage","13":"tag-eu","14":"tag-europe","15":"tag-festival-de-cannes","16":"tag-festival-du-film","17":"tag-fr","18":"tag-france","19":"tag-jeff-bezos","20":"tag-lauren-sanchez","21":"tag-news","22":"tag-news-paris","23":"tag-nicov","24":"tag-paris","25":"tag-paris-news","26":"tag-republique-francaise","27":"tag-sean-penn"},"share_on_mastodon":{"url":"https:\/\/pubeurope.com\/@fr\/114826118675076058","error":""},"_links":{"self":[{"href":"https:\/\/www.europesays.com\/fr\/wp-json\/wp\/v2\/posts\/238839","targetHints":{"allow":["GET"]}}],"collection":[{"href":"https:\/\/www.europesays.com\/fr\/wp-json\/wp\/v2\/posts"}],"about":[{"href":"https:\/\/www.europesays.com\/fr\/wp-json\/wp\/v2\/types\/post"}],"author":[{"embeddable":true,"href":"https:\/\/www.europesays.com\/fr\/wp-json\/wp\/v2\/users\/2"}],"replies":[{"embeddable":true,"href":"https:\/\/www.europesays.com\/fr\/wp-json\/wp\/v2\/comments?post=238839"}],"version-history":[{"count":0,"href":"https:\/\/www.europesays.com\/fr\/wp-json\/wp\/v2\/posts\/238839\/revisions"}],"wp:featuredmedia":[{"embeddable":true,"href":"https:\/\/www.europesays.com\/fr\/wp-json\/wp\/v2\/media\/238840"}],"wp:attachment":[{"href":"https:\/\/www.europesays.com\/fr\/wp-json\/wp\/v2\/media?parent=238839"}],"wp:term":[{"taxonomy":"category","embeddable":true,"href":"https:\/\/www.europesays.com\/fr\/wp-json\/wp\/v2\/categories?post=238839"},{"taxonomy":"post_tag","embeddable":true,"href":"https:\/\/www.europesays.com\/fr\/wp-json\/wp\/v2\/tags?post=238839"}],"curies":[{"name":"wp","href":"https:\/\/api.w.org\/{rel}","templated":true}]}}