{"id":238843,"date":"2025-07-10T00:32:19","date_gmt":"2025-07-10T00:32:19","guid":{"rendered":"https:\/\/www.europesays.com\/fr\/238843\/"},"modified":"2025-07-10T00:32:19","modified_gmt":"2025-07-10T00:32:19","slug":"paris-et-londres-prets-a-coordonner-leur-dissuasion-nucleaire-et-a-proteger-leurope-2","status":"publish","type":"post","link":"https:\/\/www.europesays.com\/fr\/238843\/","title":{"rendered":"Paris et Londres pr\u00eats \u00e0 \u00ab\u00a0coordonner\u00a0\u00bb leur dissuasion nucl\u00e9aire et \u00e0 prot\u00e9ger l\u2019Europe"},"content":{"rendered":"<p>Va-t-on assister \u00e0 un tournant historique dans la dissuasion nucl\u00e9aire occidentale\u00a0? La <a href=\"https:\/\/www.20minutes.fr\/france\/\" target=\"_blank\" class=\"color-ultramarine c-link\" rel=\"nofollow noopener\">France<\/a> et le <a href=\"https:\/\/www.20minutes.fr\/monde\/royaume-uni\/\" target=\"_blank\" class=\"color-ultramarine c-link\" rel=\"nofollow noopener\">Royaume-Uni<\/a> ont annonc\u00e9 une coordination in\u00e9dite de leurs <a href=\"https:\/\/www.20minutes.fr\/dossier\/bombe_atomique\" target=\"_blank\" class=\"color-ultramarine c-link\" rel=\"nofollow noopener\">forces nucl\u00e9aires<\/a>, dans un contexte de tensions croissantes sur le continent europ\u00e9en. A la veille d\u2019un sommet bilat\u00e9ral \u00e0 Londres, <a href=\"https:\/\/www.20minutes.fr\/politique\/emmanuel-macron\/\" target=\"_blank\" class=\"color-ultramarine c-link\" rel=\"nofollow noopener\">Emmanuel Macron<\/a> et <a href=\"https:\/\/www.20minutes.fr\/monde\/keir-starmer\/\" target=\"_blank\" class=\"color-ultramarine c-link\" rel=\"nofollow noopener\">Keir Starmer<\/a> ont ent\u00e9rin\u00e9 une nouvelle doctrine strat\u00e9gique\u00a0: leurs arsenaux respectifs restent ind\u00e9pendants, mais pourront d\u00e9sormais \u00eatre coordonn\u00e9s pour r\u00e9pondre \u00e0 toute menace majeure contre l\u2019Europe.<\/p>\n<p>Cette \u00e9volution majeure sera formalis\u00e9e jeudi par la signature d\u2019une d\u00e9claration commune entre les deux dirigeants, \u00e0 l\u2019occasion de la visite d\u2019Etat du pr\u00e9sident fran\u00e7ais au Royaume-Uni. Elle marque la premi\u00e8re r\u00e9vision de leur posture nucl\u00e9aire conjointe depuis la d\u00e9claration de Chequers en\u00a01995, alors que la <a href=\"https:\/\/www.20minutes.fr\/monde\/ukraine\/\" target=\"_blank\" class=\"color-ultramarine c-link\" rel=\"nofollow noopener\">guerre en Ukraine<\/a> et les incertitudes sur l\u2019engagement am\u00e9ricain dans l\u2019<a href=\"https:\/\/www.20minutes.fr\/monde\/otan\/\" target=\"_blank\" class=\"color-ultramarine c-link\" rel=\"nofollow noopener\">Otan<\/a> rebattent les cartes de la s\u00e9curit\u00e9 en Europe.<\/p>\n<p>\u00ab\u00a0Puissance des forces nucl\u00e9aires\u00a0\u00bb<\/p>\n<p>\u00ab\u00a0Il n\u2019existe aucune menace extr\u00eame sur l\u2019<a href=\"https:\/\/www.20minutes.fr\/dossier\/europe\" target=\"_blank\" class=\"color-ultramarine c-link\" rel=\"nofollow noopener\">Europe<\/a> qui ne susciterait une r\u00e9ponse des deux pays\u00a0\u00bb, pr\u00e9viennent Paris et Londres dans un communiqu\u00e9 commun. Les deux capitales pr\u00e9cisent qu\u2019un adversaire visant les int\u00e9r\u00eats vitaux de l\u2019un ou l\u2019autre pourrait \u00eatre confront\u00e9 \u00e0 la \u00ab\u00a0puissance des forces nucl\u00e9aires\u00a0\u00bb des deux nations.<\/p>\n<\/p>\n<p>La d\u00e9cision de recours \u00e0 l\u2019arme atomique reste, bien s\u00fbr, du ressort souverain de chaque Etat. Mais cette coordination strat\u00e9gique sera d\u00e9sormais encadr\u00e9e par un nouveau groupe de supervision nucl\u00e9aire, copr\u00e9sid\u00e9 par l\u2019Elys\u00e9e et le Cabinet Office britannique. Sa mission\u00a0: approfondir la coop\u00e9ration sur les politiques, les capacit\u00e9s et les op\u00e9rations nucl\u00e9aires.<\/p>\n<p>Un signal fort avec d\u2019autres annonces<\/p>\n<p>Cette d\u00e9claration constitue le principal signal fort du sommet bilat\u00e9ral franco-britannique, accueilli \u00e0 Downing Street. Elle s\u2019accompagnera d\u2019annonces sur le front <a href=\"https:\/\/www.20minutes.fr\/dossier\/militaire\" target=\"_blank\" class=\"color-ultramarine c-link\" rel=\"nofollow noopener\">militaire<\/a> conventionnel\u00a0: acc\u00e9l\u00e9ration du programme conjoint de missiles de croisi\u00e8re Scalp\/Storm Shadow, et lancement d\u2019une nouvelle phase pour les futurs missiles antinavires et missiles de croisi\u00e8re (FMC\/FMAN).<\/p>\n<p><a href=\"https:\/\/www.20minutes.fr\/dossier\/bombe_atomique\" target=\"_blank\" class=\"c-link c-btn c-btn--primary\" rel=\"nofollow noopener\">Notre dossier sur les armes nucl\u00e9aires<\/a><\/p>\n<p>La coop\u00e9ration militaire entre les deux pays repose d\u00e9j\u00e0 sur les accords de Lancaster House (2010), qui ont donn\u00e9 naissance \u00e0 la force exp\u00e9ditionnaire conjointe (CJEF). Celle-ci devient d\u00e9sormais le socle de la \u00ab\u00a0coalition des volontaires\u00a0\u00bb, un groupe de 30 pays initi\u00e9 d\u00e9but\u00a02025 par Paris et Londres pour renforcer l\u2019aide militaire \u00e0 l\u2019Ukraine et poser les bases d\u2019un futur cessez-le-feu.<\/p>\n","protected":false},"excerpt":{"rendered":"Va-t-on assister \u00e0 un tournant historique dans la dissuasion nucl\u00e9aire occidentale\u00a0? La France et le Royaume-Uni ont annonc\u00e9&hellip;\n","protected":false},"author":2,"featured_media":238844,"comment_status":"","ping_status":"","sticky":false,"template":"","format":"standard","meta":{"footnotes":""},"categories":[1888],"tags":[47,11,10735,10463,1073,1777,674,1011,27,131,2581,1147,74,12,136,626,25,473],"class_list":{"0":"post-238843","1":"post","2":"type-post","3":"status-publish","4":"format-standard","5":"has-post-thumbnail","7":"category-paris","8":"tag-actualite","9":"tag-actualites","10":"tag-bombe-nucleaire","11":"tag-cooperation","12":"tag-emmanuel-macron","13":"tag-eu","14":"tag-europe","15":"tag-fr","16":"tag-france","17":"tag-guerre-en-ukraine","18":"tag-keir-starmer","19":"tag-menace","20":"tag-monde","21":"tag-news","22":"tag-otan","23":"tag-paris","24":"tag-republique-francaise","25":"tag-royaume-uni"},"share_on_mastodon":{"url":"https:\/\/pubeurope.com\/@fr\/114826127525218107","error":""},"_links":{"self":[{"href":"https:\/\/www.europesays.com\/fr\/wp-json\/wp\/v2\/posts\/238843","targetHints":{"allow":["GET"]}}],"collection":[{"href":"https:\/\/www.europesays.com\/fr\/wp-json\/wp\/v2\/posts"}],"about":[{"href":"https:\/\/www.europesays.com\/fr\/wp-json\/wp\/v2\/types\/post"}],"author":[{"embeddable":true,"href":"https:\/\/www.europesays.com\/fr\/wp-json\/wp\/v2\/users\/2"}],"replies":[{"embeddable":true,"href":"https:\/\/www.europesays.com\/fr\/wp-json\/wp\/v2\/comments?post=238843"}],"version-history":[{"count":0,"href":"https:\/\/www.europesays.com\/fr\/wp-json\/wp\/v2\/posts\/238843\/revisions"}],"wp:featuredmedia":[{"embeddable":true,"href":"https:\/\/www.europesays.com\/fr\/wp-json\/wp\/v2\/media\/238844"}],"wp:attachment":[{"href":"https:\/\/www.europesays.com\/fr\/wp-json\/wp\/v2\/media?parent=238843"}],"wp:term":[{"taxonomy":"category","embeddable":true,"href":"https:\/\/www.europesays.com\/fr\/wp-json\/wp\/v2\/categories?post=238843"},{"taxonomy":"post_tag","embeddable":true,"href":"https:\/\/www.europesays.com\/fr\/wp-json\/wp\/v2\/tags?post=238843"}],"curies":[{"name":"wp","href":"https:\/\/api.w.org\/{rel}","templated":true}]}}