{"id":238847,"date":"2025-07-10T00:34:11","date_gmt":"2025-07-10T00:34:11","guid":{"rendered":"https:\/\/www.europesays.com\/fr\/238847\/"},"modified":"2025-07-10T00:34:11","modified_gmt":"2025-07-10T00:34:11","slug":"a-rome-la-reconstruction-de-lukraine-en-question","status":"publish","type":"post","link":"https:\/\/www.europesays.com\/fr\/238847\/","title":{"rendered":"\u00c0 Rome, la reconstruction de l&rsquo;Ukraine en question"},"content":{"rendered":"<p>Une quinzaine de dirigeants et quelque 5 000 participants de 60 pays sont attendus ces 10 et 11 juillet \u00e0 Rome pour la quatri\u00e8me Conf\u00e9rence sur la reconstruction de l&rsquo;Ukraine. Il sera question du futur imm\u00e9diat et plus lointain du pays, sous le feu de l&rsquo;arm\u00e9e russe depuis trois ans et demi.<\/p>\n<p>Apr\u00e8s Lugano en 2022, Londres en 2023 et Berlin en 2024, l&rsquo;objectif de ce sommet de Rome est d&rsquo;aboutir \u00e0 une feuille de route d\u00e9taill\u00e9e pour la reconstruction de l&rsquo;<strong><a href=\"https:\/\/www.rfi.fr\/fr\/tag\/ukraine\/\" rel=\"nofollow noopener\" target=\"_blank\" data-ylk=\"slk:Ukraine;elm:context_link;itc:0;sec:content-canvas\" class=\"link \">Ukraine<\/a><\/strong>. Dans le cadre du vaste centre de congr\u00e8s La Nuvola, la cheffe du gouvernement italien <strong><a href=\"https:\/\/www.rfi.fr\/fr\/tag\/giorgia-meloni\/\" rel=\"nofollow noopener\" target=\"_blank\" data-ylk=\"slk:Giorgia Meloni;elm:context_link;itc:0;sec:content-canvas\" class=\"link \">Giorgia Meloni<\/a><\/strong> et le pr\u00e9sident ukrainien <strong><a href=\"https:\/\/www.rfi.fr\/fr\/tag\/volodymyr-zelensky\/\" rel=\"nofollow noopener\" target=\"_blank\" data-ylk=\"slk:Volodymyr Zelensky;elm:context_link;itc:0;sec:content-canvas\" class=\"link \">Volodymyr Zelensky<\/a><\/strong> ont rendez-vous avec plusieurs dirigeants de premier plan. Le chancelier allemand Friedrich Merz, le Premier ministre polonais Donald Tusk, la pr\u00e9sidente de la Commission europ\u00e9enne Ursula von der Leyen sont attendus. Paris sera repr\u00e9sent\u00e9 par son chef de la diplomatie Jean-No\u00ebl Barrot, tandis que les \u00c9tats-Unis enverront leur \u00e9missaire, Keith Kellogg.<\/p>\n<p>\u00c0 lire aussi<a href=\"https:\/\/www.rfi.fr\/fr\/podcasts\/invit\u00e9-international\/20250709-ukraine-le-kremlin-souhaite-faire-durer-la-guerre-jusqu-aux-r\u00e9sultats-escompt\u00e9s\" class=\"link \" rel=\"nofollow noopener\" target=\"_blank\" data-ylk=\"slk:Ukraine: \u00abLe Kremlin souhaite faire durer la guerre jusqu\u2019aux r\u00e9sultats escompt\u00e9s\u00bb;elm:context_link;itc:0;sec:content-canvas\">Ukraine: \u00abLe Kremlin souhaite faire durer la guerre jusqu\u2019aux r\u00e9sultats escompt\u00e9s\u00bb<\/a><\/p>\n<p>Les d\u00e9put\u00e9s europ\u00e9ens d\u00e9sunis face \u00e0 un conflit qui dure<\/p>\n<p><a href=\"https:\/\/www.rfi.fr\/fr\/europe\/20250709-%C3%A0-rome-la-reconstruction-de-l-ukraine-en-question\" rel=\"nofollow noopener\" target=\"_blank\" data-ylk=\"slk:Lire la suite sur RFI;elm:context_link;itc:0;sec:content-canvas\" class=\"link \">Lire la suite sur RFI<\/a><\/p>\n","protected":false},"excerpt":{"rendered":"Une quinzaine de dirigeants et quelque 5 000 participants de 60 pays sont attendus ces 10 et 11&hellip;\n","protected":false},"author":2,"featured_media":238848,"comment_status":"","ping_status":"","sticky":false,"template":"","format":"standard","meta":{"footnotes":""},"categories":[1590],"tags":[11,1777,674,4710,2121,37870,12,4111,3499,220],"class_list":{"0":"post-238847","1":"post","2":"type-post","3":"status-publish","4":"format-standard","5":"has-post-thumbnail","7":"category-ukraine","8":"tag-actualites","9":"tag-eu","10":"tag-europe","11":"tag-friedrich-merz","12":"tag-jean-noel-barrot","13":"tag-keith-kellogg","14":"tag-news","15":"tag-reconstruction","16":"tag-rome","17":"tag-ukraine"},"share_on_mastodon":{"url":"","error":""},"_links":{"self":[{"href":"https:\/\/www.europesays.com\/fr\/wp-json\/wp\/v2\/posts\/238847","targetHints":{"allow":["GET"]}}],"collection":[{"href":"https:\/\/www.europesays.com\/fr\/wp-json\/wp\/v2\/posts"}],"about":[{"href":"https:\/\/www.europesays.com\/fr\/wp-json\/wp\/v2\/types\/post"}],"author":[{"embeddable":true,"href":"https:\/\/www.europesays.com\/fr\/wp-json\/wp\/v2\/users\/2"}],"replies":[{"embeddable":true,"href":"https:\/\/www.europesays.com\/fr\/wp-json\/wp\/v2\/comments?post=238847"}],"version-history":[{"count":0,"href":"https:\/\/www.europesays.com\/fr\/wp-json\/wp\/v2\/posts\/238847\/revisions"}],"wp:featuredmedia":[{"embeddable":true,"href":"https:\/\/www.europesays.com\/fr\/wp-json\/wp\/v2\/media\/238848"}],"wp:attachment":[{"href":"https:\/\/www.europesays.com\/fr\/wp-json\/wp\/v2\/media?parent=238847"}],"wp:term":[{"taxonomy":"category","embeddable":true,"href":"https:\/\/www.europesays.com\/fr\/wp-json\/wp\/v2\/categories?post=238847"},{"taxonomy":"post_tag","embeddable":true,"href":"https:\/\/www.europesays.com\/fr\/wp-json\/wp\/v2\/tags?post=238847"}],"curies":[{"name":"wp","href":"https:\/\/api.w.org\/{rel}","templated":true}]}}