{"id":238849,"date":"2025-07-10T00:35:20","date_gmt":"2025-07-10T00:35:20","guid":{"rendered":"https:\/\/www.europesays.com\/fr\/238849\/"},"modified":"2025-07-10T00:35:20","modified_gmt":"2025-07-10T00:35:20","slug":"taux-dinteret-divergences-grandissantes-entre-banquiers-centraux-aux-usa","status":"publish","type":"post","link":"https:\/\/www.europesays.com\/fr\/238849\/","title":{"rendered":"Taux d&rsquo;int\u00e9r\u00eat: divergences grandissantes entre banquiers centraux aux USA"},"content":{"rendered":"<p style=\"margin-top:5px\">Washington (awp\/afp) &#8211; Les banquiers centraux am\u00e9ricains commencent \u00e0 diverger sur la politique \u00e0 mener, selon un compte-rendu de leurs discussions publi\u00e9 mercredi: certains sont pr\u00eats \u00e0 baisser les taux d&rsquo;int\u00e9r\u00eat, d&rsquo;autres redoutent l&rsquo;impact des droits de douane sur l&rsquo;inflation.<\/p>\n<p>A l&rsquo;issue de leur derni\u00e8re r\u00e9union de politique mon\u00e9taire, tenue les 17 et 18 juin, les responsables de la R\u00e9serve f\u00e9d\u00e9rale (Fed) avaient d\u00e9cid\u00e9 \u00e0 l&rsquo;unanimit\u00e9 de laisser les taux d&rsquo;int\u00e9r\u00eat inchang\u00e9s pour la quatri\u00e8me fois d&rsquo;affil\u00e9e.<\/p>\n<p>Peu apr\u00e8s, deux des 12 membres du comit\u00e9 de politique mon\u00e9taire (FOMC) ont fait savoir qu&rsquo;ils penchaient en faveur d&rsquo;une diminution des taux \u00e0 l&rsquo;occasion de la prochaine r\u00e9union, fin juillet.<\/p>\n<p><b>D&rsquo;autres ont d\u00e9clar\u00e9 qu&rsquo;il valait mieux attendre encore.<\/b><\/p>\n<p>Le compte-rendu (\u00ab\u00a0minutes\u00a0\u00bb) de leurs d\u00e9bats de juin confirme que les banquiers centraux am\u00e9ricains sont de plus en plus divis\u00e9s.<\/p>\n<p>\u00ab\u00a0Quelques participants ont not\u00e9 que, si les donn\u00e9es \u00e9voluent conform\u00e9ment \u00e0 leurs attentes, ils seraient dispos\u00e9s \u00e0 envisager une r\u00e9duction\u00a0\u00bb des taux directeurs \u00ab\u00a0d\u00e8s la prochaine r\u00e9union\u00a0\u00bb, est-il relev\u00e9.<\/p>\n<p>Plusieurs, \u00e0 l&rsquo;inverse, se montrent r\u00e9ticents \u00e0 diminuer les taux cette ann\u00e9e, tant que l&rsquo;inflation reste au-dessus de la cible de la Fed (2%) et que les risques de rebond des prix \u00ab\u00a0restent significatifs\u00a0\u00bb.<\/p>\n<p>\u00ab\u00a0La plupart\u00a0\u00bb des responsables de la banque centrale am\u00e9ricaine consid\u00e8rent toutefois qu&rsquo;une r\u00e9duction des taux serait \u00ab\u00a0probablement appropri\u00e9e\u00a0\u00bb en 2025.<\/p>\n<p>Ils observent \u00ab\u00a0que les pressions inflationnistes dues aux droits de douane pourraient \u00eatre temporaires ou mod\u00e9r\u00e9es\u00a0\u00bb et qu&rsquo;au contraire, l&rsquo;activit\u00e9 \u00e9conomique risque de s&rsquo;essouffler.<\/p>\n<p><b>Surtaxes douani\u00e8res ___<\/b><\/p>\n<p>Les taux directeurs sont compris entre 4,25% et 4,50% depuis d\u00e9cembre. Ils n&rsquo;ont donc pas chang\u00e9 depuis le retour au pouvoir de Donald Trump en janvier.<\/p>\n<p>La grande majorit\u00e9 des investisseurs estiment que la Fed va maintenir ses taux \u00e0 ce niveau \u00e0 l&rsquo;issue de sa prochaine r\u00e9union, selon l&rsquo;indicateur publi\u00e9 par CME, FedWatch.<\/p>\n<p>D&rsquo;apr\u00e8s le compte-rendu de la r\u00e9union de juin, \u00ab\u00a0de nombreux participants\u00a0\u00bb ont estim\u00e9 que l&rsquo;impact n\u00e9gatif des droits de douane sur l&rsquo;inflation \u00ab\u00a0pourrait \u00eatre plus limit\u00e9 si des accords commerciaux sont scell\u00e9s rapidement\u00a0\u00bb ou \u00ab\u00a0si les entreprises sont capables de modifier rapidement leurs cha\u00eenes d&rsquo;approvisionnement\u00a0\u00bb.<\/p>\n<p>Depuis cette r\u00e9union, le pr\u00e9sident Trump a annonc\u00e9 un accord avec le Vietnam (dont les produits seront frapp\u00e9s par une surtaxe douani\u00e8re de 20%) et envoy\u00e9 des lettres \u00e0 une vingtaine d&rsquo;autres pays pour leur annoncer unilat\u00e9ralement une surtaxe entre 20 et 40%.<\/p>\n<p><b>Powell pilonn\u00e9 ___<\/b><\/p>\n<p>Les fissures au sein du FOMC apparaissent alors que quasiment pas un jour ne passe sans que le pr\u00e9sident am\u00e9ricain ne critique f\u00e9rocement le patron de la Fed, Jerome Powell.<\/p>\n<p>Mardi, Donald Trump a affirm\u00e9 sur son r\u00e9seau social Truth que Jerome Powell, qu&rsquo;il surnomme \u00ab\u00a0M. Trop tard\u00a0\u00bb, \u00ab\u00a0g\u00e9mit comme un b\u00e9b\u00e9 depuis des mois au sujet d&rsquo;une inflation inexistante et refuse de faire ce qu&rsquo;il faut\u00a0\u00bb.<\/p>\n<p>Mercredi, il a estim\u00e9 que les taux d&rsquo;int\u00e9r\u00eat \u00e9taient trop hauts \u00ab\u00a0d&rsquo;au moins trois points\u00a0\u00bb de pourcentage.<\/p>\n<p>\u00ab\u00a0BAISSE LES TAUX !!!\u00a0\u00bb a-t-il lanc\u00e9 \u00e0 l&rsquo;adresse de Jerome Powell.<\/p>\n<p>Le pr\u00e9sident des Etats-Unis cherche \u00e0 pousser le pr\u00e9sident de la Fed &#8211; dont le mandat s&rsquo;ach\u00e8ve au printemps 2026 &#8211; vers la sortie entre insultes, appels \u00e0 la d\u00e9mission et volont\u00e9 de d\u00e9signer rapidement un successeur.<\/p>\n<p>Les analystes consid\u00e8rent que si ce dernier est consid\u00e9r\u00e9 comme inf\u00e9od\u00e9 \u00e0 Donald Trump, cela pourra entamer la confiance des investisseurs dans l&rsquo;institution, dans le cas o\u00f9 elle para\u00eetrait moins d\u00e9termin\u00e9e \u00e0 combattre l&rsquo;inflation.<\/p>\n<p>afp\/rp<\/p>\n","protected":false},"excerpt":{"rendered":"Washington (awp\/afp) &#8211; Les banquiers centraux am\u00e9ricains commencent \u00e0 diverger sur la politique \u00e0 mener, selon un compte-rendu&hellip;\n","protected":false},"author":2,"featured_media":238850,"comment_status":"","ping_status":"","sticky":false,"template":"","format":"standard","meta":{"footnotes":""},"categories":[1589],"tags":[11,340,73,1866,12,1864,1865,1863,308],"class_list":{"0":"post-238849","1":"post","2":"type-post","3":"status-publish","4":"format-standard","5":"has-post-thumbnail","7":"category-etats-unis","8":"tag-actualites","9":"tag-bourse","10":"tag-etats-unis","11":"tag-etats-unis-damerique","12":"tag-news","13":"tag-united-states","14":"tag-united-states-of-america","15":"tag-us","16":"tag-usa"},"share_on_mastodon":{"url":"https:\/\/pubeurope.com\/@fr\/114826138335775698","error":""},"_links":{"self":[{"href":"https:\/\/www.europesays.com\/fr\/wp-json\/wp\/v2\/posts\/238849","targetHints":{"allow":["GET"]}}],"collection":[{"href":"https:\/\/www.europesays.com\/fr\/wp-json\/wp\/v2\/posts"}],"about":[{"href":"https:\/\/www.europesays.com\/fr\/wp-json\/wp\/v2\/types\/post"}],"author":[{"embeddable":true,"href":"https:\/\/www.europesays.com\/fr\/wp-json\/wp\/v2\/users\/2"}],"replies":[{"embeddable":true,"href":"https:\/\/www.europesays.com\/fr\/wp-json\/wp\/v2\/comments?post=238849"}],"version-history":[{"count":0,"href":"https:\/\/www.europesays.com\/fr\/wp-json\/wp\/v2\/posts\/238849\/revisions"}],"wp:featuredmedia":[{"embeddable":true,"href":"https:\/\/www.europesays.com\/fr\/wp-json\/wp\/v2\/media\/238850"}],"wp:attachment":[{"href":"https:\/\/www.europesays.com\/fr\/wp-json\/wp\/v2\/media?parent=238849"}],"wp:term":[{"taxonomy":"category","embeddable":true,"href":"https:\/\/www.europesays.com\/fr\/wp-json\/wp\/v2\/categories?post=238849"},{"taxonomy":"post_tag","embeddable":true,"href":"https:\/\/www.europesays.com\/fr\/wp-json\/wp\/v2\/tags?post=238849"}],"curies":[{"name":"wp","href":"https:\/\/api.w.org\/{rel}","templated":true}]}}