{"id":238852,"date":"2025-07-10T00:37:09","date_gmt":"2025-07-10T00:37:09","guid":{"rendered":"https:\/\/www.europesays.com\/fr\/238852\/"},"modified":"2025-07-10T00:37:09","modified_gmt":"2025-07-10T00:37:09","slug":"premier-pays-exportateur-de-farine-il-y-a-30-ans-la-france-desormais-obligee-den-importer-dallemagne","status":"publish","type":"post","link":"https:\/\/www.europesays.com\/fr\/238852\/","title":{"rendered":"premier pays exportateur de farine il y a 30 ans, la France d\u00e9sormais oblig\u00e9e d\u2019en importer d\u2019Allemagne"},"content":{"rendered":"<p>\n    En trente ans, les exportations de farine de France ont diminu\u00e9 de 90 %. Un chiffre qui r\u00e9v\u00e8le un affaiblissement structurel de la fili\u00e8re meuni\u00e8re nationale. Pendant que l\u2019Allemagne investit, modernise et exporte, l\u2019Hexagone importe, se d\u00e9sindustrialise et s\u2019enlise.\n<\/p>\n<p class=\"article-text article-body__item\">\n    Il fut un temps \u2013 pas si lointain \u2013 o\u00f9 la France tr\u00f4nait fi\u00e8rement au sommet du march\u00e9 mondial de la farine. Aujourd\u2019hui ? L\u2019Hexagone importe massivement, principalement d\u2019Allemagne, et son d\u00e9ficit commercial dans ce secteur atteint un niveau historique. Les chiffres parlent d\u2019eux-m\u00eames : en 2024, la France n\u2019a export\u00e9 que 214 000 tonnes de farine, contre 1,6 million en 1995, soit une chute de 90 % en trente ans. \u00ab Du rang de premier pays exportateur, la France est devenue un importateur net de farine depuis 2018 \u00bb, alerte l\u2019Association nationale de la meunerie fran\u00e7aise (ANMF). La d\u00e9gringolade, loin d\u2019\u00eatre anecdotique, ne doit rien au hasard : manque d\u2019investissements, vieillissement de l\u2019outil industriel, et surtout, une concurrence allemande qui ne laisse plus de miettes.<\/p>\n","protected":false},"excerpt":{"rendered":"En trente ans, les exportations de farine de France ont diminu\u00e9 de 90 %. Un chiffre qui r\u00e9v\u00e8le&hellip;\n","protected":false},"author":2,"featured_media":238853,"comment_status":"","ping_status":"","sticky":false,"template":"","format":"standard","meta":{"footnotes":""},"categories":[1587],"tags":[11,672,1804,1805,1803,1777,674,1801,12,1802],"class_list":{"0":"post-238852","1":"post","2":"type-post","3":"status-publish","4":"format-standard","5":"has-post-thumbnail","7":"category-allemagne","8":"tag-actualites","9":"tag-allemagne","10":"tag-bundesrepublik-deutschland","11":"tag-de","12":"tag-deutschland","13":"tag-eu","14":"tag-europe","15":"tag-germany","16":"tag-news","17":"tag-republique-federale-dallemagne"},"share_on_mastodon":{"url":"https:\/\/pubeurope.com\/@fr\/114826146269460993","error":""},"_links":{"self":[{"href":"https:\/\/www.europesays.com\/fr\/wp-json\/wp\/v2\/posts\/238852","targetHints":{"allow":["GET"]}}],"collection":[{"href":"https:\/\/www.europesays.com\/fr\/wp-json\/wp\/v2\/posts"}],"about":[{"href":"https:\/\/www.europesays.com\/fr\/wp-json\/wp\/v2\/types\/post"}],"author":[{"embeddable":true,"href":"https:\/\/www.europesays.com\/fr\/wp-json\/wp\/v2\/users\/2"}],"replies":[{"embeddable":true,"href":"https:\/\/www.europesays.com\/fr\/wp-json\/wp\/v2\/comments?post=238852"}],"version-history":[{"count":0,"href":"https:\/\/www.europesays.com\/fr\/wp-json\/wp\/v2\/posts\/238852\/revisions"}],"wp:featuredmedia":[{"embeddable":true,"href":"https:\/\/www.europesays.com\/fr\/wp-json\/wp\/v2\/media\/238853"}],"wp:attachment":[{"href":"https:\/\/www.europesays.com\/fr\/wp-json\/wp\/v2\/media?parent=238852"}],"wp:term":[{"taxonomy":"category","embeddable":true,"href":"https:\/\/www.europesays.com\/fr\/wp-json\/wp\/v2\/categories?post=238852"},{"taxonomy":"post_tag","embeddable":true,"href":"https:\/\/www.europesays.com\/fr\/wp-json\/wp\/v2\/tags?post=238852"}],"curies":[{"name":"wp","href":"https:\/\/api.w.org\/{rel}","templated":true}]}}