{"id":238855,"date":"2025-07-10T00:39:12","date_gmt":"2025-07-10T00:39:12","guid":{"rendered":"https:\/\/www.europesays.com\/fr\/238855\/"},"modified":"2025-07-10T00:39:12","modified_gmt":"2025-07-10T00:39:12","slug":"bjoern-seibert-lhomme-de-lombre-qui-tire-les-ficelles-de-lunion-europeenne","status":"publish","type":"post","link":"https:\/\/www.europesays.com\/fr\/238855\/","title":{"rendered":"Bjoern Seibert, l\u2019homme de l\u2019ombre qui tire les ficelles de l\u2019Union europ\u00e9enne"},"content":{"rendered":"\n<p>Sur un fond bleu parsem\u00e9 d\u2019\u00e9toiles, qui rappelle le drapeau de l\u2019Union europ\u00e9enne (UE), appara\u00eet une figure en costume-cravate dont on ne devine que partiellement le visage. C\u2019est \u201cl\u2019effet myst\u00e8re\u201d recherch\u00e9, car cette silhouette \u00e0 peine esquiss\u00e9e est celle de Bjoern Seibert, l\u2019homme qui d\u00e9tient secr\u00e8tement \u201cle pouvoir derri\u00e8re le tr\u00f4ne de la reine Ursula von der Leyen\u201d, <a class=\"ithalc\" data-ithal=\"lien_externe\" data-ithalc=\"[nav_article]\" target=\"_blank\" href=\"https:\/\/edition.pagesuite-professional.co.uk\/html5\/reader\/production\/default.aspx?pubname=&amp;pubid=926f0c8c-7f9b-4c0c-a74d-25af040856bf\" rel=\"noopener\">\u00e0 en croire <strong>Politico<\/strong><\/a><strong>.<\/strong><\/p>\n<p>Cette semaine, l\u2019\u00e9dition bruxelloise du m\u00e9dia am\u00e9ricain consacre la une de son magazine au chef de cabinet de la pr\u00e9sidente de la Commission. Un homme inconnu du grand public, mais qui est \u201cla personne \u00e0 appeler pour faire avancer les choses\u201d, assure le titre anglophone. Quarante-cinq\u00a0ans, mari\u00e9, p\u00e8re de deux enfants, d\u2019une grande stature et parlant un anglais parfait, Seibert est une figure discr\u00e8te \u00e0 Bruxelles, <a class=\"ithalc\" data-ithal=\"lien_externe\" data-ithalc=\"[nav_article]\" target=\"_blank\" href=\"https:\/\/www.politico.eu\/article\/bjoern-seibert-ursula-von-der-leyen-european-commission\/\" rel=\"noopener\">avance Politico dans un portrait \u00e0 son sujet<\/a>. Mais il ne faut pas pour autant s\u2019y m\u00e9prendre, l\u2019Allemand a tout sous contr\u00f4le.<\/p>\n<p>               \u201cIl est incroyablement influent\u201d       <\/p>\n<p>\u201cSeibert g\u00e8re la Commission europ\u00e9enne, une institution de 32\u00a0000 employ\u00e9s, comme s\u2019il s\u2019agissait d\u2019une extension de son cerveau, surveillant tout, des messages sur les r\u00e9seaux sociaux aux nominations du personnel de niveau interm\u00e9diaire\u201d, pr\u00e9vient le m\u00e9dia bruxellois. Fid\u00e8le bras droit d\u2019Ursula von der Leyen, Seibert a connu la pr\u00e9sidente de la Commission \u00e0 l\u2019\u00e9poque o\u00f9 celle-ci \u00e9tait \u00e0 la t\u00eate du minist\u00e8re de la D\u00e9fense allemand.<\/p>\n<p>Puis, lorsque cette derni\u00e8re a \u00e9t\u00e9 nomm\u00e9e \u00e0 son poste actuel, en 2019, elle a emport\u00e9 Seibert dans ses bagages. Depuis, l\u2019homme suit tous les dossiers. Selon certains en les faisant avancer et, selon d\u2019autres, en ralentissant la machine par volont\u00e9 de tout centraliser. Une chose est s\u00fbre, n\u00e9anmoins, \u201cl\u2019homme est incroyablement influent\u201d, explique Phil Gordon, conseiller de l\u2019ancienne vice-pr\u00e9sidente des \u00c9tats-Unis Kamala Harris, interview\u00e9 dans le cadre de cet article. \u201cPersonne ne comprend mieux le fonctionnement de l\u2019UE que lui.\u201d<\/p>\n<p>               Le \u201ctueur silencieux\u201d       <\/p>\n<p>Aujourd\u2019hui, si des voix s\u2019\u00e9l\u00e8vent timidement pour critiquer le trop-plein de pouvoirs de Seibert \u00e0 l\u2019int\u00e9rieur de l\u2019UE, celles-ci ont du mal \u00e0 se faire entendre. Et pour cause. \u201cDes vingt-cinq fonctionnaires, diplomates, parlementaires et experts de l\u2019UE que nous avons sollicit\u00e9s pour cet article, trois seulement ont accept\u00e9 de s\u2019exprimer ouvertement, et un seul de ceux-l\u00e0 s\u2019est permis des critiques, fait savoir Politico. Pour justifier leur souhait de garder l\u2019anonymat, plusieurs personnes ont dit redouter des repr\u00e9sailles dans le cadre professionnel.\u201d<\/p>\n<p>Pas \u00e9tonnant de la part de quelqu\u2019un qui est d\u00e9crit comme un \u201ctueur silencieux\u201d par l\u2019un des interview\u00e9s travaillant \u00e0 la Commission. \u201cPourtant vous n\u2019avez jamais entendu parler de lui\u00a0? conclut Politico. C\u2019est exactement ce qu\u2019il veut.\u201d<\/p>\n","protected":false},"excerpt":{"rendered":"Sur un fond bleu parsem\u00e9 d\u2019\u00e9toiles, qui rappelle le drapeau de l\u2019Union europ\u00e9enne (UE), appara\u00eet une figure en&hellip;\n","protected":false},"author":2,"featured_media":238856,"comment_status":"","ping_status":"","sticky":false,"template":"","format":"standard","meta":{"footnotes":""},"categories":[1586],"tags":[11,7663,1777,674,1779,1011,27,12,316,25,1778,22336,364,2475,2544],"class_list":{"0":"post-238855","1":"post","2":"type-post","3":"status-publish","4":"format-standard","5":"has-post-thumbnail","7":"category-europe","8":"tag-actualites","9":"tag-commission-europu00e9enne","10":"tag-eu","11":"tag-europe","12":"tag-european-union","13":"tag-fr","14":"tag-france","15":"tag-news","16":"tag-politique","17":"tag-republique-francaise","18":"tag-ue","19":"tag-une-du-jour","20":"tag-union-europeenne","21":"tag-union-europu00e9enne","22":"tag-ursula-von-der-leyen"},"share_on_mastodon":{"url":"https:\/\/pubeurope.com\/@fr\/114826154054688784","error":""},"_links":{"self":[{"href":"https:\/\/www.europesays.com\/fr\/wp-json\/wp\/v2\/posts\/238855","targetHints":{"allow":["GET"]}}],"collection":[{"href":"https:\/\/www.europesays.com\/fr\/wp-json\/wp\/v2\/posts"}],"about":[{"href":"https:\/\/www.europesays.com\/fr\/wp-json\/wp\/v2\/types\/post"}],"author":[{"embeddable":true,"href":"https:\/\/www.europesays.com\/fr\/wp-json\/wp\/v2\/users\/2"}],"replies":[{"embeddable":true,"href":"https:\/\/www.europesays.com\/fr\/wp-json\/wp\/v2\/comments?post=238855"}],"version-history":[{"count":0,"href":"https:\/\/www.europesays.com\/fr\/wp-json\/wp\/v2\/posts\/238855\/revisions"}],"wp:featuredmedia":[{"embeddable":true,"href":"https:\/\/www.europesays.com\/fr\/wp-json\/wp\/v2\/media\/238856"}],"wp:attachment":[{"href":"https:\/\/www.europesays.com\/fr\/wp-json\/wp\/v2\/media?parent=238855"}],"wp:term":[{"taxonomy":"category","embeddable":true,"href":"https:\/\/www.europesays.com\/fr\/wp-json\/wp\/v2\/categories?post=238855"},{"taxonomy":"post_tag","embeddable":true,"href":"https:\/\/www.europesays.com\/fr\/wp-json\/wp\/v2\/tags?post=238855"}],"curies":[{"name":"wp","href":"https:\/\/api.w.org\/{rel}","templated":true}]}}