{"id":238859,"date":"2025-07-10T00:42:11","date_gmt":"2025-07-10T00:42:11","guid":{"rendered":"https:\/\/www.europesays.com\/fr\/238859\/"},"modified":"2025-07-10T00:42:11","modified_gmt":"2025-07-10T00:42:11","slug":"polices-municipales-loperation-ratee-de-lfi","status":"publish","type":"post","link":"https:\/\/www.europesays.com\/fr\/238859\/","title":{"rendered":"\u00abPolices municipales, l\u2019op\u00e9ration rat\u00e9e de LFI\u00bb"},"content":{"rendered":"<p><strong>CONTRE-POINT<\/strong> &#8211; L\u2019exigence de moyens concrets pour assurer la s\u00e9curit\u00e9 est aujourd\u2019hui tout autant partag\u00e9e par les \u00e9lecteurs de gauche que par ceux de droite.<\/p>\n<p class=\"fig-paragraph\">Experts en tactique, les dirigeants LFI pratiquent en g\u00e9n\u00e9ral la provocation intentionnelle, trop heureux de se retrouver au centre des pol\u00e9miques et, plus encore, d\u2019embarrasser les autres formations de gauche. C\u2019\u00e9tait sans doute l\u2019intention de<a href=\"http:\/\/www.lefigaro.fr\/politique\/municipales-2026-mathilde-panot-assure-que-les-maires-lfi-elus-desarmeront-leur-police-communale-20250706\" data-fig-type=\"NewsFlash\" data-gtm-custom-categorie=\"navigation\" data-gtm-custom-action=\"crossclick\" data-gtm-custom-label=\"Contextuel\" data-gtm-event=\"customEventSPE\" data-fig-domain=\"LEFIGARO\" target=\"_blank\" rel=\"noopener\">\u00a0Mathilde Panot\u00a0<\/a>lorsqu\u2019elle a pr\u00e9venu, dimanche dernier sur BFM, que les \u00e9ventuelles municipalit\u00e9s Insoumises d\u00e9sarmeraient les polices municipales et reviendraient sur la vid\u00e9osurveillance. Mais, cette fois-ci, la proposition a eu un effet boomerang et ce sont les divisions des m\u00e9lenchonistes qui ont \u00e9t\u00e9 r\u00e9v\u00e9l\u00e9es au grand jour.<\/p>\n<p class=\"fig-paragraph\">Refuser la vid\u00e9osurveillance, r\u00e9server l\u2019armement \u00e0 la seule police nationale, ce sont pourtant des positions historiques de<a href=\"http:\/\/www.lefigaro.fr\/politique\/armer-ou-non-la-police-municipale-la-proposition-de-mathilde-panot-divise-les-maires-de-gauche-20250707\" data-fig-type=\"Article\" data-gtm-custom-categorie=\"navigation\" data-gtm-custom-action=\"crossclick\" data-gtm-custom-label=\"Contextuel\" data-gtm-event=\"customEventSPE\" data-fig-domain=\"LEFIGARO\" target=\"_blank\" rel=\"noopener\">\u00a0la gauche<\/a>\u00a0qui durant des d\u00e9cennies faisait de ces mesures la preuve d\u2019une obsession s\u00e9curitaire de la droite et d\u2019une menace sur les libert\u00e9s individuelles. Mais, m\u00eame si elle est toujours mont\u00e9e avec retard dans le train r\u00e9galien, la gauche, notamment celle qui exerce des responsabilit\u00e9s locales, a pris\u2026<\/p>\n<p class=\"fig-premium-paywall__infos\">\n        Cet article est r\u00e9serv\u00e9 aux abonn\u00e9s.        Il vous reste 70% \u00e0 d\u00e9couvrir.\n    <\/p>\n<p>                <img  data- alt=\"Le Figaro\" class=\"fig-img--complete fig-img\"\/><\/p>\n<p class=\"fig-premium-paywall__title\">Vous avez envie de lire la suite ?<\/p>\n<p class=\"fig-premium-paywall__subtitle\">D\u00e9bloquez tous les articles imm\u00e9diatement.<\/p>\n<p class=\"fig-premium-paywall__connect\">\n                D\u00e9j\u00e0 abonn\u00e9\u00a0?                <a class=\"fig-premium-paywall__connect-link\" href=\"https:\/\/connect.lefigaro.fr\/login?client=horizon_web&amp;type=main&amp;redirect_uri=https%3A%2F%2Fwww.lefigaro.fr%2Fpolitique%2Fguillaume-tabard-polices-municipales-l-operation-ratee-de-lfi-20250709\" data-js-gtm=\"{&quot;customCategorie&quot;: &quot;conversion&quot;, &quot;customAction&quot;: &quot;before_Landing_Connexion_paywall_auto&quot;, &quot;customLabel&quot;: &quot;bGVmaWdhcm8uZnJfXzFmMDVjY2E4LWZiNzQtNjRjNC05M2VkLWE1OWZjMzY5ZTBiYV9fQXJ0aWNsZQ==_Guillaume Tabard\u00a0: \u00abPolices municipales, l\u2019op\u00e9ration rat\u00e9e de LFI\u00bb_426&quot;, &quot;customIDSPE&quot;: &quot;bGVmaWdhcm8uZnJfXzFmMDVjY2E4LWZiNzQtNjRjNC05M2VkLWE1OWZjMzY5ZTBiYV9fQXJ0aWNsZQ==&quot;, &quot;event&quot;: &quot;customEventSPE&quot;}\" target=\"_blank\" rel=\"noopener\"><br \/>\n                    Connectez-vous<br \/>\n                <\/a>\n            <\/p>\n","protected":false},"excerpt":{"rendered":"CONTRE-POINT &#8211; L\u2019exigence de moyens concrets pour assurer la s\u00e9curit\u00e9 est aujourd\u2019hui tout autant partag\u00e9e par les \u00e9lecteurs&hellip;\n","protected":false},"author":2,"featured_media":238860,"comment_status":"","ping_status":"","sticky":false,"template":"","format":"standard","meta":{"footnotes":""},"categories":[2],"tags":[11,1011,27,780,14552,12,1072,25],"class_list":{"0":"post-238859","1":"post","2":"type-post","3":"status-publish","4":"format-standard","5":"has-post-thumbnail","7":"category-actualites","8":"tag-actualites","9":"tag-fr","10":"tag-france","11":"tag-lfi","12":"tag-mathilde-panot","13":"tag-news","14":"tag-police","15":"tag-republique-francaise"},"share_on_mastodon":{"url":"https:\/\/pubeurope.com\/@fr\/114826165823095703","error":""},"_links":{"self":[{"href":"https:\/\/www.europesays.com\/fr\/wp-json\/wp\/v2\/posts\/238859","targetHints":{"allow":["GET"]}}],"collection":[{"href":"https:\/\/www.europesays.com\/fr\/wp-json\/wp\/v2\/posts"}],"about":[{"href":"https:\/\/www.europesays.com\/fr\/wp-json\/wp\/v2\/types\/post"}],"author":[{"embeddable":true,"href":"https:\/\/www.europesays.com\/fr\/wp-json\/wp\/v2\/users\/2"}],"replies":[{"embeddable":true,"href":"https:\/\/www.europesays.com\/fr\/wp-json\/wp\/v2\/comments?post=238859"}],"version-history":[{"count":0,"href":"https:\/\/www.europesays.com\/fr\/wp-json\/wp\/v2\/posts\/238859\/revisions"}],"wp:featuredmedia":[{"embeddable":true,"href":"https:\/\/www.europesays.com\/fr\/wp-json\/wp\/v2\/media\/238860"}],"wp:attachment":[{"href":"https:\/\/www.europesays.com\/fr\/wp-json\/wp\/v2\/media?parent=238859"}],"wp:term":[{"taxonomy":"category","embeddable":true,"href":"https:\/\/www.europesays.com\/fr\/wp-json\/wp\/v2\/categories?post=238859"},{"taxonomy":"post_tag","embeddable":true,"href":"https:\/\/www.europesays.com\/fr\/wp-json\/wp\/v2\/tags?post=238859"}],"curies":[{"name":"wp","href":"https:\/\/api.w.org\/{rel}","templated":true}]}}