{"id":238863,"date":"2025-07-10T00:44:14","date_gmt":"2025-07-10T00:44:14","guid":{"rendered":"https:\/\/www.europesays.com\/fr\/238863\/"},"modified":"2025-07-10T00:44:14","modified_gmt":"2025-07-10T00:44:14","slug":"anne-charlotte-mora-et-celine-herbin-dans-le-top-10-lamateure-lottie-woad-leader-lequipe","status":"publish","type":"post","link":"https:\/\/www.europesays.com\/fr\/238863\/","title":{"rendered":"Anne-Charlotte Mora et C\u00e9line Herbin dans le top 10, l&#039;amateure Lottie Woad leader &#8211; L&#039;\u00c9quipe"},"content":{"rendered":"<ol>\n<li><a href=\"https:\/\/news.google.com\/rss\/articles\/CBMixwFBVV95cUxQZFNha2ROa1hXZ3pHRFB2R2lrdHFJS0VTUmJSZHpNb0JrTTliSFdxWWp5MEdObk9ha1pHbFVWb2k4bEJfLVA5Z0RsNUlfaC1mMjhYU1lkcU9DVmlHV2pGbGcwX002dWdIMGZmeHpnVHdOZjVmLTZqMURfNktkTDJUcG1vVDRIYkgtY1ZQMW5nQ1hxbE1DY1dSODVVRjFKNkZiY1ZCZktSdFB0VWhneXVobnE1S1RvZDNUdXc0b1RpaVVFemo0cHZN?oc=5\" target=\"_blank\" rel=\"nofollow noopener\">Anne-Charlotte Mora et C\u00e9line Herbin dans le top 10, l&rsquo;amateure Lottie Woad leader<\/a>&nbsp;&nbsp;L&rsquo;\u00c9quipe<\/li>\n<li><a href=\"https:\/\/news.google.com\/rss\/articles\/CBMiuAFBVV95cUxNWVJRa1Exc2hiVlkyUTU1OGV1WERuUU9laV9aaTItR1dpQjVaM2lCQXBJLWtwQmZISDVFTVFrQTFUS2QxOFprZ2xycW5ZOE9udWIwN28xdmVCOVJXQ2kxMF82UkZxWHR6eF9YUElKc3Rma0xYSTJoUk1vblJZMEZsUU5mUkJ5Z3NCSUdoNVJSbG1iR0JMSFpEVHhxRWNIUk1tUEpVenI4ZklQYlNYX0phVF9FOXhvZHhW?oc=5\" target=\"_blank\" rel=\"nofollow noopener\">KPMG Women&rsquo;s Irish Open : Herbin et Mora dans le top 10<\/a>&nbsp;&nbsp;F\u00e9d\u00e9ration Fran\u00e7aise de Golf<\/li>\n<li><a href=\"https:\/\/news.google.com\/rss\/articles\/CBMixAFBVV95cUxPTkJ1aXhLUGlmMVcwTV9sVGtlaUV4TXNlMXIwdWRtRFpjd0ppamllS2g1ZUNybFdRODN3N1F0UzVFMTFKYTNJYVJ1TVpRTnB2aVppVTl1SXA3MV8waDE0QWdmcHlRTnl2am1ncnN2Y2QyaUYwcG5HZGRFZHZ3Z0xnRGw0aWwzMW91UjZMaFgwTHYxTDI2VEdrcTNzWXBxQVFWUm55eG1PLXNBNkRRQ0pUZFVUbnllRXdKMm1aY1ZySmVqT2RK?oc=5\" target=\"_blank\" rel=\"nofollow noopener\">Lottie Woad remporte son premier titre, C\u00e9line Herbin et Anne-Charlotte Mora 9es<\/a>&nbsp;&nbsp;L&rsquo;\u00c9quipe<\/li>\n<li><a href=\"https:\/\/news.google.com\/rss\/articles\/CBMilAJBVV95cUxPcUY5NWJHaUdDelZnZzZOdmdtSk9NNFZuR3pudmpaSmVQYUpsOUpScnE4Zkh5VVVhRC11cnNpd3RNbWlhMHVVaXg3dGhMWnhPSExRdmpwS1lVQWEwVFg2dFlzbmNkNmZFM0NhYmFTeFBKOXREUWNfZ1E3dlFqU3NxVnJWYlVjdHBIN185S1V6TWJQRVJXQkZGaFBsNTFmSXpuNXFpTnJTZVRXeGxWczVaa0hMME50TF9xQWFUdnZKTWJXQnM1cklnUnhXaUZxR2otcTY2TG41R1U5b0FNemdqV3BUbmVBWm5RV1gtM09OY1FDbXlNRUs1UHFKOG1nSGVXSnVRUlV0OUJmUlQ0aHhMTmNjUUk?oc=5\" target=\"_blank\" rel=\"nofollow noopener\">Golf. LET &#8211; Irish Open: Victoire de Lottie Woad (a). C\u00e9line Herbin et Anne Charlotte Mora top 10<\/a>&nbsp;&nbsp;Ouest-France<\/li>\n<li><a href=\"https:\/\/news.google.com\/rss\/articles\/CBMi4wFBVV95cUxNdlIwTEZLcDJmSWV6N3FpaVNqM0pUQVRVNlhaanRtQmIwTjEteERORk85dlJFME1Jd2FzSE1WX3FYZ3h2dkNHM2diS1k3QVktWW1LanIwbXBlZ0hsblR6b2ZfRFhFeHhNcER3WEZORkNvVHVLb2wzSVJIZ1hob3JLdDNYMnF2aGtUcVg0czBiWV8zTjZEZHZoUzB2TVRPQmhrYW5pNkl0a2ZoaFBKbHVmWkJBaHNVSHh1TWhZVFF4dGFWX2Z4OHhRQ0hXblhxVFVkMXpPUWd2ZzFwSUo5WGhudTVRWQ?oc=5\" target=\"_blank\" rel=\"nofollow noopener\">La n\u00b01 mondiale amateur Lottie Woad intouchable en Irlande, Anne-Charlotte Mora et C\u00e9line Herbin dans le top 10<\/a>&nbsp;&nbsp;Golf Plan\u00e8te<\/li>\n<\/ol>\n","protected":false},"excerpt":{"rendered":"Anne-Charlotte Mora et C\u00e9line Herbin dans le top 10, l&rsquo;amateure Lottie Woad leader&nbsp;&nbsp;L&rsquo;\u00c9quipe KPMG Women&rsquo;s Irish Open :&hellip;\n","protected":false},"author":2,"featured_media":238864,"comment_status":"","ping_status":"","sticky":false,"template":"","format":"standard","meta":{"footnotes":""},"categories":[1418],"tags":[1011,27,1472,60],"class_list":{"0":"post-238863","1":"post","2":"type-post","3":"status-publish","4":"format-standard","5":"has-post-thumbnail","7":"category-golf","8":"tag-fr","9":"tag-france","10":"tag-golf","11":"tag-sports"},"share_on_mastodon":{"url":"https:\/\/pubeurope.com\/@fr\/114826173687990869","error":""},"_links":{"self":[{"href":"https:\/\/www.europesays.com\/fr\/wp-json\/wp\/v2\/posts\/238863","targetHints":{"allow":["GET"]}}],"collection":[{"href":"https:\/\/www.europesays.com\/fr\/wp-json\/wp\/v2\/posts"}],"about":[{"href":"https:\/\/www.europesays.com\/fr\/wp-json\/wp\/v2\/types\/post"}],"author":[{"embeddable":true,"href":"https:\/\/www.europesays.com\/fr\/wp-json\/wp\/v2\/users\/2"}],"replies":[{"embeddable":true,"href":"https:\/\/www.europesays.com\/fr\/wp-json\/wp\/v2\/comments?post=238863"}],"version-history":[{"count":0,"href":"https:\/\/www.europesays.com\/fr\/wp-json\/wp\/v2\/posts\/238863\/revisions"}],"wp:featuredmedia":[{"embeddable":true,"href":"https:\/\/www.europesays.com\/fr\/wp-json\/wp\/v2\/media\/238864"}],"wp:attachment":[{"href":"https:\/\/www.europesays.com\/fr\/wp-json\/wp\/v2\/media?parent=238863"}],"wp:term":[{"taxonomy":"category","embeddable":true,"href":"https:\/\/www.europesays.com\/fr\/wp-json\/wp\/v2\/categories?post=238863"},{"taxonomy":"post_tag","embeddable":true,"href":"https:\/\/www.europesays.com\/fr\/wp-json\/wp\/v2\/tags?post=238863"}],"curies":[{"name":"wp","href":"https:\/\/api.w.org\/{rel}","templated":true}]}}