{"id":238865,"date":"2025-07-10T00:46:09","date_gmt":"2025-07-10T00:46:09","guid":{"rendered":"https:\/\/www.europesays.com\/fr\/238865\/"},"modified":"2025-07-10T00:46:09","modified_gmt":"2025-07-10T00:46:09","slug":"plusieurs-individus-ont-penetre-dans-le-stade-le-stade-aime-giral-de-perpignan-endommage-par-un-incendie-suspect","status":"publish","type":"post","link":"https:\/\/www.europesays.com\/fr\/238865\/","title":{"rendered":"\u00abPlusieurs individus ont p\u00e9n\u00e9tr\u00e9 dans le stade\u00bb, le stade Aim\u00e9-Giral de Perpignan endommag\u00e9 par un incendie suspect"},"content":{"rendered":"<p>Le pr\u00e9judice est estim\u00e9 entre 200.000 \u00e0 300.000 euros apr\u00e8s le sinistre qui est produit dans la nuit du 4 au 5 juillet.<\/p>\n<p class=\"fig-paragraph\">Un incendie d&rsquo;origine suspecte s&rsquo;est produit au d\u00e9but du mois au stade Aim\u00e9-Giral, o\u00f9 \u00e9volue\u00a0<a href=\"http:\/\/www.lefigaro.fr\/sports\/rugby\/top-14\/grenoble-perpignan-joueurs-de-l-usap-agresses-chemise-tachee-de-sang-comment-l-apres-match-a-degenere-20250616\" data-fig-type=\"NewsFlash\" data-gtm-custom-categorie=\"navigation\" data-gtm-custom-action=\"crossclick\" data-gtm-custom-label=\"Contextuel\" data-gtm-event=\"customEventSPE\" data-fig-domain=\"LEFIGARO\" rel=\"nofollow noopener\" target=\"_blank\">l&rsquo;\u00e9quipe de rugby de Perpignan<\/a>\u00a0en Top 14, a-t-on appris mercredi aupr\u00e8s du club, confirmant\u00a0<a href=\"https:\/\/www.francebleu.fr\/infos\/faits-divers-justice\/perpignan-incendie-suspect-au-stade-aime-giral-au-moins-200-000-euros-de-degats-estimes-5616309\" target=\"_blank\" rel=\"sponsored noopener nofollow\" data-gtm-custom-categorie=\"navigation\" data-gtm-custom-action=\"crossclick\" data-gtm-custom-label=\"Contextuel\" data-gtm-event=\"customEventSPE\">une information donn\u00e9e par des m\u00e9dias locaux<\/a>. \u00abLe pr\u00e9judice sera au moins de 200.000 \u00e0 300.000 euros, selon une premi\u00e8re expertise\u00bb, a de son c\u00f4t\u00e9 d\u00e9clar\u00e9 \u00e0 l&rsquo;AFP Sebastien M\u00e9nard, l&rsquo;adjoint aux Sports de la ville. La municipalit\u00e9 de Perpignan est propri\u00e9taire de l&rsquo;enceinte. \u00abPlusieurs mois seront n\u00e9cessaires avant la remise en \u00e9tat\u00bb, a-t-il ajout\u00e9.<\/p>\n<p class=\"fig-paragraph\">Le sinistre est produit dans la nuit du 4 au 5 juillet, mais n&rsquo;a \u00e9t\u00e9 rendu public que mercredi. Trois loges ont \u00e9t\u00e9 endommag\u00e9es par les flammes, qui ont \u00e9galement parcouru une partie de la toiture et rendu hors d&rsquo;usage le tableau d&rsquo;affichage. Selon les premiers \u00e9l\u00e9ments connus, plusieurs individus se seraient introduits dans le stade dans la nuit de vendredi \u00e0 samedi dernier jusqu&rsquo;\u00e0 la tribune pr\u00e9sidentielle. Un incendie s&rsquo;est ensuite d\u00e9clar\u00e9 sans que l&rsquo;on sache \u00e0 ce stade de l&rsquo;enqu\u00eate si le feu a \u00e9t\u00e9 d\u00e9clench\u00e9 intentionnellement.<\/p>\n<p>                                    <a class=\"fig-a11y-skip a11y-hidden\" href=\"#fig-a11y-skip-main-inarticle\"><br \/>\n        Passer la publicit\u00e9<br \/>\n    <\/a><\/p>\n<p>\u00abEst-ce que c\u2019est un acte de malveillance ou est-ce que c\u2019est accidentel\u00a0?\u00bb<\/p>\n<p class=\"fig-paragraph\">\u00ab\u00c0 l&rsquo;heure o\u00f9 je vous parle ce mercredi soir, il n&rsquo;y a aucune incertitude\u00bb, a d\u00e9clar\u00e9 \u00e0 l&rsquo;AFP le pr\u00e9sident de l&rsquo;Usap, Fran\u00e7ois Rivi\u00e8re. \u00abCe qu&rsquo;ont d\u00e9montr\u00e9 les premiers \u00e9l\u00e9ments de l&rsquo;enqu\u00eate, gr\u00e2ce aux cam\u00e9ras de surveillance, c&rsquo;est que plusieurs individus ont p\u00e9n\u00e9tr\u00e9 dans le stade\u00bb, a-t-il confirm\u00e9. \u00abJ&rsquo;ignore aussi quelle est l&rsquo;origine de l&rsquo;incendie, c&rsquo;est \u00e0 l&rsquo;enqu\u00eate de le d\u00e9terminer. Est-ce que c&rsquo;est un acte de malveillance ou est-ce que c&rsquo;est accidentel\u00a0?\u00bb<\/p>\n<p class=\"fig-paragraph\">L&rsquo;Usap, 13e du Top 14 la saison pass\u00e9e, a arrach\u00e9 son maintien en barrage face \u00e0 Grenoble (13-11) et va repartir pour une nouvelle saison dans l&rsquo;\u00e9lite. Mais son stade ne sera pas totalement pr\u00eat pour la reprise du championnat, d\u00e9but septembre.<\/p>\n","protected":false},"excerpt":{"rendered":"Le pr\u00e9judice est estim\u00e9 entre 200.000 \u00e0 300.000 euros apr\u00e8s le sinistre qui est produit dans la nuit&hellip;\n","protected":false},"author":2,"featured_media":238866,"comment_status":"","ping_status":"","sticky":false,"template":"","format":"standard","meta":{"footnotes":""},"categories":[1416],"tags":[1011,27,3464,479,1468,60,20265,14988],"class_list":{"0":"post-238865","1":"post","2":"type-post","3":"status-publish","4":"format-standard","5":"has-post-thumbnail","7":"category-rugby","8":"tag-fr","9":"tag-france","10":"tag-perpignan","11":"tag-rugby","12":"tag-rugby-football","13":"tag-sports","14":"tag-usa-perpignan","15":"tag-usap"},"share_on_mastodon":{"url":"https:\/\/pubeurope.com\/@fr\/114826181705222591","error":""},"_links":{"self":[{"href":"https:\/\/www.europesays.com\/fr\/wp-json\/wp\/v2\/posts\/238865","targetHints":{"allow":["GET"]}}],"collection":[{"href":"https:\/\/www.europesays.com\/fr\/wp-json\/wp\/v2\/posts"}],"about":[{"href":"https:\/\/www.europesays.com\/fr\/wp-json\/wp\/v2\/types\/post"}],"author":[{"embeddable":true,"href":"https:\/\/www.europesays.com\/fr\/wp-json\/wp\/v2\/users\/2"}],"replies":[{"embeddable":true,"href":"https:\/\/www.europesays.com\/fr\/wp-json\/wp\/v2\/comments?post=238865"}],"version-history":[{"count":0,"href":"https:\/\/www.europesays.com\/fr\/wp-json\/wp\/v2\/posts\/238865\/revisions"}],"wp:featuredmedia":[{"embeddable":true,"href":"https:\/\/www.europesays.com\/fr\/wp-json\/wp\/v2\/media\/238866"}],"wp:attachment":[{"href":"https:\/\/www.europesays.com\/fr\/wp-json\/wp\/v2\/media?parent=238865"}],"wp:term":[{"taxonomy":"category","embeddable":true,"href":"https:\/\/www.europesays.com\/fr\/wp-json\/wp\/v2\/categories?post=238865"},{"taxonomy":"post_tag","embeddable":true,"href":"https:\/\/www.europesays.com\/fr\/wp-json\/wp\/v2\/tags?post=238865"}],"curies":[{"name":"wp","href":"https:\/\/api.w.org\/{rel}","templated":true}]}}