{"id":238877,"date":"2025-07-10T00:53:10","date_gmt":"2025-07-10T00:53:10","guid":{"rendered":"https:\/\/www.europesays.com\/fr\/238877\/"},"modified":"2025-07-10T00:53:10","modified_gmt":"2025-07-10T00:53:10","slug":"une-agression-soudaine-en-plein-direct","status":"publish","type":"post","link":"https:\/\/www.europesays.com\/fr\/238877\/","title":{"rendered":"une agression soudaine en plein direct"},"content":{"rendered":"<p><strong>Marie-Ange Nardi, visage embl\u00e9matique du petit<br \/>\n\u00e9cran<\/strong>, a travers\u00e9 les d\u00e9cennies avec une \u00e9l\u00e9gance rare.<br \/>\nElle a su conqu\u00e9rir le c\u0153ur de millions de Fran\u00e7ais gr\u00e2ce \u00e0 sa<br \/>\nbienveillance et son professionnalisme. Toutefois, derri\u00e8re ce<br \/>\nsourire rassurant se cachent des <strong>exp\u00e9riences<br \/>\nprofessionnelles parfois extr\u00eamement \u00e9prouvantes<\/strong>.<\/p>\n<p>L\u2019animatrice a en effet d\u00fb faire face \u00e0 des situations<br \/>\n<strong>particuli\u00e8rement difficiles durant sa carri\u00e8re<\/strong>.<br \/>\nCes moments inattendus ont mis \u00e0 rude \u00e9preuve son sang-froid et sa<br \/>\nma\u00eetrise l\u00e9gendaires. L\u00a0\u00bbun de ces \u00e9pisodes reste d&rsquo;ailleurs grav\u00e9<br \/>\ndans la <strong>m\u00e9moire collective par son incroyable<br \/>\nintensit\u00e9<\/strong>.<\/p>\n<p>Une angoissante crise de panique pour Marie-Ange Nardi<\/p>\n<p>L&rsquo;\u00e9mission Mask Singer a repr\u00e9sent\u00e9 un d\u00e9fi de taille pour les<br \/>\n<strong>personnalit\u00e9s qui y participent<\/strong>. Si<br \/>\n<strong>Philippe Candeloro<\/strong> a ador\u00e9 l&rsquo;exp\u00e9rience, il a<br \/>\nconfi\u00e9 avoir pein\u00e9 \u00e0 bien respirer. Le c\u00e9l\u00e8bre patineur a r\u00e9v\u00e9l\u00e9<br \/>\navoir eu d&rsquo;\u00e9normes <strong>difficult\u00e9s sous son lourd costume de<br \/>\nsc\u00e8ne<\/strong>. Ce sentiment d&rsquo;\u00e9touffement a <a href=\"https:\/\/www.melty.fr\/tele\/mask-singer-marie-ange-nardi-la-dame-de-coeur-en-pleine-crise-de-panique-il-ny-avait-pas-assez-doxygene-2237810.html\" target=\"_blank\" rel=\"noopener\"><br \/>\naussi \u00e9t\u00e9 partag\u00e9 par Marie-Ange Nardi<\/a> lors de sa<br \/>\nparticipation. L\u2019animatrice a m\u00eame v\u00e9cu une v\u00e9ritable crise de<br \/>\n<strong>panique durant les r\u00e9p\u00e9titions de l&rsquo;\u00e9mission<\/strong>.<\/p>\n<p>En effet, la superposition des masques et de la <strong>coiffe<br \/>\nimposante obstruait s\u00e9v\u00e8rement l&rsquo;arriv\u00e9e d&rsquo;oxyg\u00e8ne<\/strong>.<br \/>\nL&rsquo;animatrice a alors senti le gaz carbonique s&rsquo;accumuler,<br \/>\n<strong>provoquant une angoisse insoutenable<\/strong>. Pensant ne<br \/>\njamais y arriver, elle a instinctivement voulu soulever <strong>son<br \/>\nmasque pour prendre de l&rsquo;air<\/strong>. Heureusement, l&rsquo;\u00e9quipe<br \/>\ntechnique a r\u00e9agi tr\u00e8s vite en <strong>ajustant son costume pour<br \/>\nune meilleure ventilation<\/strong>.<\/p>\n<p>Une carri\u00e8re exemplaire malgr\u00e9 les ombres du pass\u00e9<\/p>\n<p>C\u00e9l\u00e9brant aujourd&rsquo;hui ses 64 ans, <strong>Marie-Ange Nardi<br \/>\ndemeure une figure incontournable du petit \u00e9cran<\/strong>. Elle a<br \/>\nbrillamment anim\u00e9 des <strong>\u00e9missions cultes comme Jeux sans<br \/>\nfronti\u00e8res ou encore le jeu Pyramide<\/strong>. Depuis<br \/>\nl&rsquo;ann\u00e9e 2008, elle pr\u00e9sente avec succ\u00e8s <strong>l&rsquo;\u00e9mission<br \/>\nT\u00e9l\u00e9shopping sur la cha\u00eene TF1<\/strong>. Sa long\u00e9vit\u00e9<br \/>\nexceptionnelle dans le paysage audiovisuel fran\u00e7ais t\u00e9moigne de<br \/>\n<strong>son immense talent et popularit\u00e9<\/strong>.<\/p>\n<p>Tr\u00e8s discr\u00e8te concernant sa vie priv\u00e9e, elle a su<br \/>\n<strong>pr\u00e9server son jardin secret avec beaucoup de soin<\/strong>.<br \/>\nSi sa carri\u00e8re est un mod\u00e8le de r\u00e9ussite, elle n&rsquo;a cependant pas<br \/>\n\u00e9t\u00e9 un long fleuve tranquille. Elle a d\u00fb <strong>affronter des<br \/>\nmoments de doutes et des \u00e9preuves particuli\u00e8rement<br \/>\nmarquantes<\/strong>. Mais l&rsquo;un des incidents les plus<br \/>\nspectaculaires de son parcours <a href=\"https:\/\/www.melty.fr\/people\/marie-ange-nardi-attaquee-par-un-lion-en-plein-direct-elle-raconte-comment-son-bras-a-ete-bien-dechire-2240577.html\" target=\"_blank\" rel=\"noopener\"><br \/>\nreste cette attaque terrifiante en direct<\/a>.<\/p>\n<p>Face au fauve, la morsure de la r\u00e9alit\u00e9<br \/>\nen direct<\/p>\n<p>Nous sommes le 8 ao\u00fbt 1997 dans l&rsquo;\u00e9mission 40\u00b0 \u00e0 l&rsquo;ombre<br \/>\ndiffus\u00e9e sur France 3. <strong>Marie-Ange Nardi re\u00e7oit sur son<br \/>\nplateau un dompteur<\/strong> accompagn\u00e9 de son jeune lion en<br \/>\nlaisse. Apr\u00e8s avoir fix\u00e9 l&rsquo;animatrice avec insistance,<br \/>\n<strong>l&rsquo;animal lui a soudainement saut\u00e9 dessus sans<br \/>\npr\u00e9venir<\/strong>. Le fauve a alors plant\u00e9 ses griffes ac\u00e9r\u00e9es dans<br \/>\nl&rsquo;avant-bras de la pr\u00e9sentatrice t\u00e9tanis\u00e9e. Le dompteur a ensuite<br \/>\nexpliqu\u00e9 que son animal <strong>n&rsquo;\u00e9tait absolument pas dress\u00e9 pour<br \/>\nla t\u00e9l\u00e9vision<\/strong>.<\/p>\n<p>Cette exp\u00e9rience traumatisante a laiss\u00e9 des <strong>cicatrices<br \/>\npsychologiques profondes et durables chez l&rsquo;animatrice<\/strong>.<br \/>\nElle a confi\u00e9 faire encore des cauchemars li\u00e9s \u00e0 cet<br \/>\n<strong>\u00e9v\u00e9nement marquant de sa vie<\/strong>. Pendant longtemps,<br \/>\nelle a d\u00e9velopp\u00e9 une v\u00e9ritable appr\u00e9hension \u00e0 l&rsquo;\u00e9gard des animaux,<br \/>\nm\u00eame des chiens. Le temps a finalement apais\u00e9 sa peur, mais le<br \/>\n<strong>souvenir de l&rsquo;attaque reste \u00e9videmment<br \/>\nind\u00e9l\u00e9bile<\/strong>.<\/p>\n","protected":false},"excerpt":{"rendered":"Marie-Ange Nardi, visage embl\u00e9matique du petit \u00e9cran, a travers\u00e9 les d\u00e9cennies avec une \u00e9l\u00e9gance rare. Elle a su&hellip;\n","protected":false},"author":2,"featured_media":238878,"comment_status":"","ping_status":"","sticky":false,"template":"","format":"standard","meta":{"footnotes":""},"categories":[1359],"tags":[58,59,1011,27,973,729],"class_list":{"0":"post-238877","1":"post","2":"type-post","3":"status-publish","4":"format-standard","5":"has-post-thumbnail","7":"category-people","8":"tag-divertissement","9":"tag-entertainment","10":"tag-fr","11":"tag-france","12":"tag-people","13":"tag-yout_video"},"share_on_mastodon":{"url":"https:\/\/pubeurope.com\/@fr\/114826209037537990","error":""},"_links":{"self":[{"href":"https:\/\/www.europesays.com\/fr\/wp-json\/wp\/v2\/posts\/238877","targetHints":{"allow":["GET"]}}],"collection":[{"href":"https:\/\/www.europesays.com\/fr\/wp-json\/wp\/v2\/posts"}],"about":[{"href":"https:\/\/www.europesays.com\/fr\/wp-json\/wp\/v2\/types\/post"}],"author":[{"embeddable":true,"href":"https:\/\/www.europesays.com\/fr\/wp-json\/wp\/v2\/users\/2"}],"replies":[{"embeddable":true,"href":"https:\/\/www.europesays.com\/fr\/wp-json\/wp\/v2\/comments?post=238877"}],"version-history":[{"count":0,"href":"https:\/\/www.europesays.com\/fr\/wp-json\/wp\/v2\/posts\/238877\/revisions"}],"wp:featuredmedia":[{"embeddable":true,"href":"https:\/\/www.europesays.com\/fr\/wp-json\/wp\/v2\/media\/238878"}],"wp:attachment":[{"href":"https:\/\/www.europesays.com\/fr\/wp-json\/wp\/v2\/media?parent=238877"}],"wp:term":[{"taxonomy":"category","embeddable":true,"href":"https:\/\/www.europesays.com\/fr\/wp-json\/wp\/v2\/categories?post=238877"},{"taxonomy":"post_tag","embeddable":true,"href":"https:\/\/www.europesays.com\/fr\/wp-json\/wp\/v2\/tags?post=238877"}],"curies":[{"name":"wp","href":"https:\/\/api.w.org\/{rel}","templated":true}]}}