{"id":238885,"date":"2025-07-10T00:58:11","date_gmt":"2025-07-10T00:58:11","guid":{"rendered":"https:\/\/www.europesays.com\/fr\/238885\/"},"modified":"2025-07-10T00:58:11","modified_gmt":"2025-07-10T00:58:11","slug":"la-realisatrice-de-twilight-revele-le-cadeau-ridicule-recu-de-son-studio-pour-feter-son-succes-une-prise-de-conscience-immediate-et-brutale","status":"publish","type":"post","link":"https:\/\/www.europesays.com\/fr\/238885\/","title":{"rendered":"La r\u00e9alisatrice de \u00ab\u00a0Twilight\u00a0\u00bb r\u00e9v\u00e8le le cadeau ridicule re\u00e7u de son studio pour f\u00eater son succ\u00e8s\u00a0: \u00ab\u00a0Une prise de conscience imm\u00e9diate et brutale\u00a0\u00bb"},"content":{"rendered":"<p class=\"ap-StoryElement ap-StoryElement--mb js-paywall-target ap-StoryText\"><b>Catherine Hardwicke<\/b>, r\u00e9alisatrice du premier r\u00e9cit centr\u00e9 sur l&rsquo;histoire d&rsquo;amour entre une humaine et un vampire, n&rsquo;y est \u00e9videmment pas pour rien dans ce succ\u00e8s. Certes, l&rsquo;intrigue est tir\u00e9e de la saga \u00e9crite par la romanci\u00e8re Stephenie Meyer. Mais la cin\u00e9aste am\u00e9ricaine \u00e2g\u00e9e aujourd&rsquo;hui de 69 ans a su transposer parfaitement les mots de sa compatriote \u00e0 l&rsquo;\u00e9cran. Il faut dire que la production n&rsquo;avait co\u00fbt\u00e9 \u00e0 la base que 35 millions de dollars.<\/p>\n<p>Un g\u00e2teau de tr\u00e8s mauvais go\u00fbt<\/p>\n<p class=\"ap-StoryElement ap-StoryElement--mb ap-StoryText\">Malgr\u00e9 tout, la femme derri\u00e8re le ph\u00e9nom\u00e8ne garde un tr\u00e8s mauvais souvenir de cette p\u00e9riode. La faute \u00e0 la r\u00e9compense re\u00e7ue des mains du studio \u00e0 l&rsquo;\u00e9poque. Dans une interview accord\u00e9e au Guardian, elle explique tout d&rsquo;abord que les r\u00e9alisateurs pouvaient \u00e0 ce moment-l\u00e0 recevoir \u00ab\u00a0une voiture ou un contrat pour trois films ou la possibilit\u00e9 de r\u00e9aliser ce qu&rsquo;ils voulaient\u00a0\u00bb. De son c\u00f4t\u00e9, l&rsquo;exp\u00e9rience fut bien diff\u00e9rente. \u00ab\u00a0Je suis entr\u00e9e dans une pi\u00e8ce dans laquelle il y avait un tas de cadeaux et o\u00f9 tout le monde f\u00e9licitait le studio. On m&rsquo;a donn\u00e9 une petite bo\u00eete. Je l&rsquo;ai ouverte et il y avait <b>un mini cupcake<\/b> \u00e0 l&rsquo;int\u00e9rieur&rsquo;, se rem\u00e9more-t-elle avec amertume.<\/p>\n<p><a href=\"https:\/\/www.parismatch.be\/culture\/series\/2025\/02\/14\/twilight-est-de-retour-un-spin-off-completement-decale-avec-taylor-lautner-est-en-preparation-ZSOCTPSNN5EPXOQDWSRZTSTCBI\/\" target=\"_blank\" rel=\"noopener noreferrer nofollow\" class=\"ap-StoryInterstitialLink ap-StoryElement ap-StoryElement--mb\">Twilight est de retour : un spin-off compl\u00e8tement d\u00e9cal\u00e9 avec Taylor Lautner est en pr\u00e9paration<\/a><\/p>\n<p class=\"ap-StoryElement ap-StoryElement--mb ap-StoryText\">En guise de remerciement pour le succ\u00e8s du premier film, Catherine Hardwicke a\u2026 \u00e9t\u00e9 remplac\u00e9e pour la suite des festivit\u00e9s. Et la suite des hostilit\u00e9s n&rsquo;a pas \u00e9t\u00e9 plus souriante. \u00ab\u00a0Non, personne ne s&rsquo;est mis \u00e0 <b>embaucher plus de r\u00e9alisatrices<\/b>. On ne va pas vous confier un nouveau poste comme \u00e7a et vous laisser r\u00e9aliser quelque chose de formidable. Cela a \u00e9t\u00e9 une prise de conscience imm\u00e9diate et violente\u00a0\u00bb, regrette-t-elle. Par la suite, la r\u00e9alisatrice a sorti d&rsquo;autres projets comme Le Chaperon rouge, Ma Meilleure Amie, ou encore Mafia Mamma sans conna\u00eetre jamais la m\u00eame r\u00e9ussite.<\/p>\n","protected":false},"excerpt":{"rendered":"Catherine Hardwicke, r\u00e9alisatrice du premier r\u00e9cit centr\u00e9 sur l&rsquo;histoire d&rsquo;amour entre une humaine et un vampire, n&rsquo;y est&hellip;\n","protected":false},"author":2,"featured_media":238886,"comment_status":"","ping_status":"","sticky":false,"template":"","format":"standard","meta":{"footnotes":""},"categories":[1354],"tags":[650,58,59,1346,1011,27,1360],"class_list":{"0":"post-238885","1":"post","2":"type-post","3":"status-publish","4":"format-standard","5":"has-post-thumbnail","7":"category-films","8":"tag-cinema","9":"tag-divertissement","10":"tag-entertainment","11":"tag-films","12":"tag-fr","13":"tag-france","14":"tag-movies"},"share_on_mastodon":{"url":"https:\/\/pubeurope.com\/@fr\/114826228697847837","error":""},"_links":{"self":[{"href":"https:\/\/www.europesays.com\/fr\/wp-json\/wp\/v2\/posts\/238885","targetHints":{"allow":["GET"]}}],"collection":[{"href":"https:\/\/www.europesays.com\/fr\/wp-json\/wp\/v2\/posts"}],"about":[{"href":"https:\/\/www.europesays.com\/fr\/wp-json\/wp\/v2\/types\/post"}],"author":[{"embeddable":true,"href":"https:\/\/www.europesays.com\/fr\/wp-json\/wp\/v2\/users\/2"}],"replies":[{"embeddable":true,"href":"https:\/\/www.europesays.com\/fr\/wp-json\/wp\/v2\/comments?post=238885"}],"version-history":[{"count":0,"href":"https:\/\/www.europesays.com\/fr\/wp-json\/wp\/v2\/posts\/238885\/revisions"}],"wp:featuredmedia":[{"embeddable":true,"href":"https:\/\/www.europesays.com\/fr\/wp-json\/wp\/v2\/media\/238886"}],"wp:attachment":[{"href":"https:\/\/www.europesays.com\/fr\/wp-json\/wp\/v2\/media?parent=238885"}],"wp:term":[{"taxonomy":"category","embeddable":true,"href":"https:\/\/www.europesays.com\/fr\/wp-json\/wp\/v2\/categories?post=238885"},{"taxonomy":"post_tag","embeddable":true,"href":"https:\/\/www.europesays.com\/fr\/wp-json\/wp\/v2\/tags?post=238885"}],"curies":[{"name":"wp","href":"https:\/\/api.w.org\/{rel}","templated":true}]}}