{"id":238894,"date":"2025-07-10T01:04:13","date_gmt":"2025-07-10T01:04:13","guid":{"rendered":"https:\/\/www.europesays.com\/fr\/238894\/"},"modified":"2025-07-10T01:04:13","modified_gmt":"2025-07-10T01:04:13","slug":"le-hamas-affirme-etre-daccord-pour-liberer-dix-otages","status":"publish","type":"post","link":"https:\/\/www.europesays.com\/fr\/238894\/","title":{"rendered":"le Hamas affirme \u00eatre d\u2019accord pour lib\u00e9rer dix otages"},"content":{"rendered":"<p><strong>LE POINT SUR LA SITUATION <\/strong>&#8211; Le mouvement islamiste palestinien fait \u00e9tat de n\u00e9gociations difficiles pour obtenir un cessez-le-feu, mais assure vouloir \u00absurmonter les obstacles\u00bb.<\/p>\n<p class=\"fig-paragraph\">Donald Trump a intensifi\u00e9 la pression sur le premier ministre isra\u00e9lien lors d\u2019une deuxi\u00e8me rencontre en 24 heures mardi 8 juillet. Isra\u00ebl a annonc\u00e9 avoir lanc\u00e9 des op\u00e9rations dans le sud du Liban. Le Figaro fait le point sur la situation.\u00a0<\/p>\n<p>Le Hamas dit \u00eatre d\u2019accord pour lib\u00e9rer dix otages<\/p>\n<p class=\"fig-paragraph\">Le mouvement islamiste palestinien\u00a0<a href=\"http:\/\/www.lefigaro.fr\/international\/des-crimes-sexuels-avec-un-schema-genocidaire-ont-ete-commis-par-le-hamas-lors-du-7-octobre-selon-un-rapport-20250708\" target=\"_blank\" data-fig-type=\"NewsFlash\" rel=\"noopener nofollow\" data-gtm-custom-categorie=\"navigation\" data-gtm-custom-action=\"crossclick\" data-gtm-custom-label=\"Contextuel\" data-gtm-event=\"customEventSPE\" data-fig-domain=\"LEFIGARO\">Hamas\u00a0<\/a>a annonc\u00e9 mercredi soir avoir accept\u00e9 de lib\u00e9rer dix otages dans le cadre de n\u00e9gociations indirectes avec Isra\u00ebl en vue d\u2019une tr\u00eave \u00e0 Gaza, assurant vouloir \u00absurmonter les obstacles\u00bb en vue de parvenir \u00e0 un accord malgr\u00e9 des discussions selon lui difficiles.<\/p>\n<p>                                    <a class=\"fig-a11y-skip a11y-hidden\" href=\"#fig-a11y-skip-main-inarticle\"><br \/>\n        Passer la publicit\u00e9<br \/>\n    <\/a><\/p>\n<p class=\"fig-paragraph\">\u00abBien que les n\u00e9gociations [&#8230;] demeurent difficiles en raison de l\u2019intransigeance de l\u2019occupation, nous continuons \u00e0 travailler avec s\u00e9rieux et dans un esprit positif avec les m\u00e9diateurs [le Qatar et l\u2019Egypte, NDLR] pour surmonter les obstacles\u00bb, affirme le Hamas dans un communiqu\u00e9. \u00abDans le souci de faire aboutir les efforts en cours, le mouvement a fait preuve de la souplesse n\u00e9cessaire et a accept\u00e9 de lib\u00e9rer de dix prisonniers\u00bb, ajoute le communiqu\u00e9.<\/p>\n<p>Des \u00abop\u00e9rations sp\u00e9ciales et cibl\u00e9es\u00bb dans le sud du Liban<\/p>\n<p class=\"fig-paragraph\">L\u2019arm\u00e9e isra\u00e9lienne a d\u00e9clar\u00e9 mercredi avoir lanc\u00e9 des \u00abop\u00e9rations sp\u00e9ciales et cibl\u00e9es\u00bb dans le sud du Liban afin de d\u00e9manteler des infrastructures appartenant au\u00a0<a href=\"https:\/\/www.lefigaro.fr\/tag\/hezbollah\" target=\"_blank\" rel=\"sponsored noopener nofollow\" data-gtm-custom-categorie=\"navigation\" data-gtm-custom-action=\"crossclick\" data-gtm-custom-label=\"Contextuel\" data-gtm-event=\"customEventSPE\">Hezbollah<\/a>.<\/p>\n<p class=\"fig-paragraph\">\u00c0 la suite d\u2019\u00abinformations des services de renseignement et \u00e0 l\u2019identification d\u2019armes et d\u2019infrastructures terroristes du Hezbollah dans plusieurs zones du sud du Liban, les soldats ont lanc\u00e9 des op\u00e9rations sp\u00e9ciales et cibl\u00e9es afin de les d\u00e9manteler et d\u2019emp\u00eacher le Hezbollah de se r\u00e9implanter dans la r\u00e9gion\u00bb, affirme un communiqu\u00e9 l\u2019arm\u00e9e isra\u00e9lienne. Sollicit\u00e9e par l\u2019AFP pour confirmer qu\u2019il s\u2019agissait de la premi\u00e8re op\u00e9ration terrestre de l\u2019arm\u00e9e isra\u00e9lienne au Liban depuis le cessez-le-feu conclu en novembre 2024, l\u2019arm\u00e9e n\u2019a pas r\u00e9pondu dans l\u2019imm\u00e9diat.<\/p>\n<p class=\"fig-paragraph\">Sollicit\u00e9e par l\u2019AFP pour confirmer qu\u2019il s\u2019agissait de la premi\u00e8re op\u00e9ration terrestre de l\u2019arm\u00e9e isra\u00e9lienne au Liban depuis le cessez-le-feu conclu en novembre 2024, l\u2019arm\u00e9e n\u2019a pas r\u00e9pondu dans l\u2019imm\u00e9diat. Plusieurs op\u00e9rations sont d\u00e9crites par l\u2019arm\u00e9e isra\u00e9lienne, principalement la localisation et la confiscation d\u2019armes \u00absur la cr\u00eate de Jabal Blat\u00bb et dans \u00abla r\u00e9gion de Labbouneh\u00bb, situ\u00e9s \u00e0 deux \u00e0 trois kilom\u00e8tres de localit\u00e9s isra\u00e9liennes de l\u2019autre c\u00f4t\u00e9 de la fronti\u00e8re.<\/p>\n<p><strong>L\u2019arm\u00e9e isra\u00e9lienne dit avoir \u00abcr\u00e9\u00e9 les conditions pour faire avancer un accord\u00bb<\/strong><\/p>\n<p class=\"fig-paragraph\">Les op\u00e9ration militaires isra\u00e9liennes dans la bande de Gaza ont \u00abcr\u00e9\u00e9 les conditions pour faire avancer un accord\u00bb de lib\u00e9ration des otages, a d\u00e9clar\u00e9 mercredi soir le chef d\u2019\u00e9tat-major de l\u2019arm\u00e9e isra\u00e9lienne.<\/p>\n<p>                                    <a class=\"fig-a11y-skip a11y-hidden\" href=\"#fig-a11y-skip-main-inarticle_mtf\"><br \/>\n        Passer la publicit\u00e9<br \/>\n    <\/a><\/p>\n<p class=\"fig-paragraph\">\u00abNous avons obtenu de nombreux r\u00e9sultats importants et significatifs, nous avons gravement affaibli les capacit\u00e9s militaires et gouvernementales du Hamas\u00bb, a dit le lieutenant-g\u00e9n\u00e9ral Eyal Zamir dans une d\u00e9claration t\u00e9l\u00e9vis\u00e9e. \u00abGr\u00e2ce \u00e0 la puissance op\u00e9rationnelle que nous avons produite, les conditions ont \u00e9t\u00e9 cr\u00e9\u00e9es pour faire avancer un accord de lib\u00e9ration des otages dans le cadre d\u2019une tr\u00eave \u00e0 Gaza\u00bb, a-t-il ajout\u00e9.<\/p>\n<p>Trump annonce une nouvelle rencontre avec Netanyahou<\/p>\n<p class=\"fig-paragraph\"><a href=\"https:\/\/www.lefigaro.fr\/tag\/donald-trump\" target=\"_blank\" rel=\"sponsored noopener nofollow\" data-gtm-custom-categorie=\"navigation\" data-gtm-custom-action=\"crossclick\" data-gtm-custom-label=\"Contextuel\" data-gtm-event=\"customEventSPE\">Donald Trump<\/a>\u00a0et Benyamin Netanyahou se sont rencontr\u00e9s pour la deuxi\u00e8me fois en 24 heures mardi, le pr\u00e9sident am\u00e9ricain intensifiant la pression sur le Premier ministre isra\u00e9lien pour qu&rsquo;il parvienne \u00e0 un accord mettant fin \u00e0 la \u00abtrag\u00e9die\u00bb de la\u00a0<a href=\"http:\/\/www.lefigaro.fr\/international\/dans-la-bande-de-gaza-la-guerre-pour-tout-horizon-20250601\" target=\"_blank\" data-fig-type=\"Article\" rel=\"noopener nofollow\" data-gtm-custom-categorie=\"navigation\" data-gtm-custom-action=\"crossclick\" data-gtm-custom-label=\"Contextuel\" data-gtm-event=\"customEventSPE\" data-fig-domain=\"LEFIGARO\">guerre \u00e0 Gaza<\/a>.<\/p>\n<p class=\"fig-paragraph\">Le retour de Benyamin Netanyahou \u00e0 la Maison Blanche pour de nouvelles discussions est intervenu apr\u00e8s que les m\u00e9diateurs qataris ont pr\u00e9venu qu&rsquo;il faudrait du temps pour sceller un cessez-le-feu insaisissable entre Isra\u00ebl et le Hamas lors des pourparlers de Doha. L&rsquo;\u00e9missaire sp\u00e9cial de Washington,\u00a0<a href=\"http:\/\/www.lefigaro.fr\/international\/otages-israeliens-ukraine-iran-steve-witkoff-l-emissaire-a-tout-faire-de-donald-trump-20250413\" data-fig-type=\"Article\" data-gtm-custom-categorie=\"navigation\" data-gtm-custom-action=\"crossclick\" data-gtm-custom-label=\"Contextuel\" data-gtm-event=\"customEventSPE\" data-fig-domain=\"LEFIGARO\" rel=\"nofollow noopener\" target=\"_blank\">Steve Witkoff<\/a>, a pour sa part dit esp\u00e9rer un accord avant la fin de la semaine sur une tr\u00eave de 60 jours.<\/p>\n<p class=\"fig-body-link\">\n            \u00c0 lire aussi<br \/>\n        <a class=\"fig-body-link__link fig-premium-mark\" href=\"http:\/\/www.lefigaro.fr\/international\/nous-parviendrons-a-la-paix-avec-nos-voisins-palestiniens-benyamin-netanyahou-triomphe-chez-donald-trump-20250708\" data-fig-type=\"Article\" data-gtm-custom-categorie=\"navigation\" data-gtm-custom-action=\"crossclick\" data-gtm-custom-label=\"Contextuel\" data-gtm-event=\"customEventSPE\" data-fig-domain=\"LEFIGARO\" rel=\"nofollow noopener\" target=\"_blank\">\u00abNous parviendrons \u00e0 la paix avec nos voisins palestiniens\u00bb\u00a0: Benyamin Netanyahou triomphe chez Donald Trump<br \/>\n    <\/a>\n<\/p>\n<p>\u00abNous esp\u00e9rons qu\u2019\u00e0 la fin de la semaine, nous aurons un accord\u00bb, avance Steve Witkoff<\/p>\n<p class=\"fig-paragraph\">Le pr\u00e9sident am\u00e9ricain avait annonc\u00e9 qu\u2019il recevrait une nouvelle fois mardi\u00a0<a href=\"http:\/\/www.lefigaro.fr\/international\/conflit-israel-hamas-pour-benyamin-netanyahou-la-victoire-contre-l-iran-a-ouvert-des-opportunites-pour-liberer-les-otages-a-gaza-20250629\" data-fig-type=\"NewsFlash\" data-gtm-custom-categorie=\"navigation\" data-gtm-custom-action=\"crossclick\" data-gtm-custom-label=\"Contextuel\" data-gtm-event=\"customEventSPE\" data-fig-domain=\"LEFIGARO\" rel=\"nofollow noopener\" target=\"_blank\">Benyamin Netanyahou<\/a>, apr\u00e8s un pr\u00e9c\u00e9dent entretien la veille. \u00abIl va venir plus tard. Je dirais que nous allons parler presque exclusivement de Gaza. Il faut que l\u2019on trouve une solution\u00bb, avait-il d\u00e9clar\u00e9. \u00abC\u2019est une trag\u00e9die. Et je veux trouver une solution, il veut trouver une solution et je pense que l\u2019autre partie (le Hamas) le veut aussi\u00bb, avait-il ajout\u00e9.<\/p>\n<p class=\"fig-paragraph\">\u00abNous esp\u00e9rons qu\u2019\u00e0 la fin de la semaine, nous aurons un accord qui nous am\u00e8nera \u00e0 un cessez-le-feu de 60 jours\u00bb, a dit Steve Witkoff, qui doit se rendre dans la semaine \u00e0 Doha, selon la Maison-Blanche. \u00abDix otages vivants seront lib\u00e9r\u00e9s. Neuf otages d\u00e9c\u00e9d\u00e9s seront restitu\u00e9s\u00bb, a-t-il pr\u00e9cis\u00e9.<\/p>\n<p class=\"fig-body-link\">\n            \u00c0 lire aussi<br \/>\n        <a class=\"fig-body-link__link fig-premium-mark\" href=\"http:\/\/www.lefigaro.fr\/international\/nous-parviendrons-a-la-paix-avec-nos-voisins-palestiniens-benyamin-netanyahou-triomphe-chez-donald-trump-20250708\" target=\"_blank\" data-fig-type=\"Article\" rel=\"noopener nofollow\" data-gtm-custom-categorie=\"navigation\" data-gtm-custom-action=\"crossclick\" data-gtm-custom-label=\"Contextuel\" data-gtm-event=\"customEventSPE\" data-fig-domain=\"LEFIGARO\">\u00abNous parviendrons \u00e0 la paix avec nos voisins palestiniens\u00bb\u00a0: Benyamin Netanyahou triomphe chez Donald Trump<br \/>\n    <\/a>\n<\/p>\n<p>                                    <a class=\"fig-a11y-skip a11y-hidden\" href=\"#fig-a11y-skip-main-inarticle_btf\"><br \/>\n        Passer la publicit\u00e9<br \/>\n    <\/a><\/p>\n<p><strong>Washington sanctionne la rapporteure sp\u00e9ciale de l\u2019ONU pour les Territoires palestiniens<\/strong><\/p>\n<p class=\"fig-paragraph\">Le chef de la diplomatie am\u00e9ricaine, Marco Rubio, a annonc\u00e9 mercredi que les \u00c9tats-Unis imposeront des sanctions \u00e0 Francesca Albanese, la rapporteure sp\u00e9ciale de l\u2019ONU pour les Territoires palestiniens \u00e0 Gen\u00e8ve.<\/p>\n<p class=\"fig-paragraph\">Marco Rubio a mis en cause les \u00abefforts ill\u00e9gitimes et honteux (de Francesca Albanese) visant \u00e0 inciter la Cour p\u00e9nale internationale \u00e0 prendre des mesures contre des responsables, des entreprises et des dirigeants am\u00e9ricains et isra\u00e9liens\u00a0\u00bb, a-t-il \u00e9crit sur X.<\/p>\n<p>29 morts \u00e0 Gaza mardi<\/p>\n<p class=\"fig-paragraph\">Apr\u00e8s 21 mois de guerre,\u00a0<a href=\"http:\/\/www.lefigaro.fr\/international\/dossier\/attaque-du-hamas-contre-israel-le-point-sur-la-situation\" target=\"_blank\" data-fig-type=\"Topic\" rel=\"noopener nofollow\" data-gtm-custom-categorie=\"navigation\" data-gtm-custom-action=\"crossclick\" data-gtm-custom-label=\"Contextuel\" data-gtm-event=\"customEventSPE\" data-fig-domain=\"LEFIGARO\">d\u00e9clench\u00e9e par une attaque sans pr\u00e9c\u00e9dent du Hamas le 7 octobre 2023 en Isra\u00ebl<\/a>, la D\u00e9fense civile de Gaza a annonc\u00e9 que plusieurs frappes isra\u00e9liennes avaient fait 29 morts mardi 8 juillet \u00e0 travers le territoire palestinien.<\/p>\n<p class=\"fig-paragraph\">Le Liban a annonc\u00e9 pour sa part que trois personnes avaient \u00e9t\u00e9 tu\u00e9es mardi lors d&rsquo;une frappe pr\u00e8s de Tripoli qui, selon l&rsquo;arm\u00e9e isra\u00e9lienne, visait un militant du Hamas. Il s&rsquo;agit de la premi\u00e8re frappe dans la r\u00e9gion depuis le cessez-le-feu conclu en novembre avec le Hezbollah.<\/p>\n<p class=\"fig-paragraph\">Le minist\u00e8re des Affaires \u00e9trang\u00e8res du Qatar a indiqu\u00e9 que les n\u00e9gociateurs parlaient \u00abs\u00e9par\u00e9ment\u00bb avec les deux d\u00e9l\u00e9gations pr\u00e9sentes \u00e0 Doha \u00abpour \u00e9tablir un cadre pour les discussions\u00bb. \u00abJe peux dire qu&rsquo;on a besoin de temps pour \u00e7a\u00bb, a-t-il soulign\u00e9. Lundi, Donald Trump avait \u00e9cart\u00e9 tout \u00abblocage\u00bb et s&rsquo;\u00e9tait dit convaincu que le Hamas \u00e9tait pr\u00eat \u00e0 accepter un accord.<\/p>\n<p>Une lib\u00e9ration prochaine de dix otages\u00a0?<\/p>\n<p class=\"fig-paragraph\">Les pourparlers, selon une source palestinienne proche des discussions, portent en particulier sur \u00ables clauses relatives au retrait (isra\u00e9lien, NDLR) et \u00e0 l&rsquo;aide humanitaire\u00bb dont Gaza a un besoin vital. Lundi soir toutefois, Benyamin Netanyahou a affirm\u00e9 qu\u2019Isra\u00ebl conserverait \u00abtoujours\u00bb\u00a0<a href=\"http:\/\/www.lefigaro.fr\/international\/israel-va-prendre-le-controle-de-tout-le-territoire-de-la-bande-de-gaza-annonce-benyamin-netanyahou-20250519\" target=\"_blank\" data-fig-type=\"NewsFlash\" rel=\"noopener nofollow\" data-gtm-custom-categorie=\"navigation\" data-gtm-custom-action=\"crossclick\" data-gtm-custom-label=\"Contextuel\" data-gtm-event=\"customEventSPE\" data-fig-domain=\"LEFIGARO\">le contr\u00f4le de la s\u00e9curit\u00e9 \u00e0 Gaza.<\/a><\/p>\n<p class=\"fig-paragraph\">Selon des sources palestiniennes, les discussions se basent sur une proposition am\u00e9ricaine comprenant une tr\u00eave de 60 jours, pendant laquelle le mouvement islamiste palestinien rel\u00e2cherait dix\u00a0<a href=\"http:\/\/www.lefigaro.fr\/vox\/monde\/general-tamir-heyman-a-la-minute-ou-les-otages-seront-liberes-la-guerre-s-arretera-a-gaza-20250606\" target=\"_blank\" data-fig-type=\"Article\" rel=\"noopener nofollow\" data-gtm-custom-categorie=\"navigation\" data-gtm-custom-action=\"crossclick\" data-gtm-custom-label=\"Contextuel\" data-gtm-event=\"customEventSPE\" data-fig-domain=\"LEFIGARO\">otages<\/a>\u00a0encore en vie et remettrait des captifs morts, en \u00e9change de la lib\u00e9ration de Palestiniens d\u00e9tenus par Isra\u00ebl.<\/p>\n<p class=\"fig-paragraph\">Sur 251 personnes enlev\u00e9es le 7 octobre 2023, 49 sont toujours retenues \u00e0 Gaza, dont 27 ont \u00e9t\u00e9 d\u00e9clar\u00e9es mortes par l&rsquo;arm\u00e9e isra\u00e9lienne. Deux tr\u00eaves, en novembre 2023 et d\u00e9but 2025, ont permis le retour des autres otages en \u00e9change de la lib\u00e9ration de prisonniers palestiniens.<\/p>\n","protected":false},"excerpt":{"rendered":"LE POINT SUR LA SITUATION &#8211; Le mouvement islamiste palestinien fait \u00e9tat de n\u00e9gociations difficiles pour obtenir un&hellip;\n","protected":false},"author":2,"featured_media":238895,"comment_status":"","ping_status":"","sticky":false,"template":"","format":"standard","meta":{"footnotes":""},"categories":[5],"tags":[11,952,75,1011,27,665,14,12404,12,28],"class_list":{"0":"post-238894","1":"post","2":"type-post","3":"status-publish","4":"format-standard","5":"has-post-thumbnail","7":"category-international","8":"tag-actualites","9":"tag-benyamin-netanyahou","10":"tag-donald-trump","11":"tag-fr","12":"tag-france","13":"tag-gaza","14":"tag-international","15":"tag-liban","16":"tag-news","17":"tag-world"},"share_on_mastodon":{"url":"https:\/\/pubeurope.com\/@fr\/114826252414376217","error":""},"_links":{"self":[{"href":"https:\/\/www.europesays.com\/fr\/wp-json\/wp\/v2\/posts\/238894","targetHints":{"allow":["GET"]}}],"collection":[{"href":"https:\/\/www.europesays.com\/fr\/wp-json\/wp\/v2\/posts"}],"about":[{"href":"https:\/\/www.europesays.com\/fr\/wp-json\/wp\/v2\/types\/post"}],"author":[{"embeddable":true,"href":"https:\/\/www.europesays.com\/fr\/wp-json\/wp\/v2\/users\/2"}],"replies":[{"embeddable":true,"href":"https:\/\/www.europesays.com\/fr\/wp-json\/wp\/v2\/comments?post=238894"}],"version-history":[{"count":0,"href":"https:\/\/www.europesays.com\/fr\/wp-json\/wp\/v2\/posts\/238894\/revisions"}],"wp:featuredmedia":[{"embeddable":true,"href":"https:\/\/www.europesays.com\/fr\/wp-json\/wp\/v2\/media\/238895"}],"wp:attachment":[{"href":"https:\/\/www.europesays.com\/fr\/wp-json\/wp\/v2\/media?parent=238894"}],"wp:term":[{"taxonomy":"category","embeddable":true,"href":"https:\/\/www.europesays.com\/fr\/wp-json\/wp\/v2\/categories?post=238894"},{"taxonomy":"post_tag","embeddable":true,"href":"https:\/\/www.europesays.com\/fr\/wp-json\/wp\/v2\/tags?post=238894"}],"curies":[{"name":"wp","href":"https:\/\/api.w.org\/{rel}","templated":true}]}}