{"id":238899,"date":"2025-07-10T01:07:55","date_gmt":"2025-07-10T01:07:55","guid":{"rendered":"https:\/\/www.europesays.com\/fr\/238899\/"},"modified":"2025-07-10T01:07:55","modified_gmt":"2025-07-10T01:07:55","slug":"les-defis-du-nouveau-chef-des-pompiers","status":"publish","type":"post","link":"https:\/\/www.europesays.com\/fr\/238899\/","title":{"rendered":"les d\u00e9fis du nouveau chef des pompiers"},"content":{"rendered":"<p>                    Firminy en fil conducteur d\u2019une carri\u00e8re riche<\/p>\n<p>Trente-trois ans apr\u00e8s avoir int\u00e9gr\u00e9 le corps appelou en tant que sapeur-pompier volontaire, S\u00e9bastien Lurol, 50 ans, vient de prendre la t\u00eate de la caserne de la ville et de la compagnie Ondaine Haut-Forez. En mai, il a remplac\u00e9 le commandant Franck Cizeron, arriv\u00e9 en septembre\u00a02021.<\/p>\n<p>Pour ce natif de Firminy, \u00ab\u00a0c\u2019est un honneur et une fiert\u00e9 de revenir\u00a0\u00bb. C\u2019est d\u00e9j\u00e0 le troisi\u00e8me retour aux sources pour celui qui poss\u00e8de d\u00e9sormais le grade de capitaine. Apr\u00e8s avoir effectu\u00e9 son service national \u00e0 la brigade des sapeurs-pompiers de Paris puis avoir \u00e9t\u00e9 sapeur-pompier professionnel dans l\u2019Yonne, il revient boulevard de la Corniche pendant une dizaine d\u2019ann\u00e9es avant d\u2019obtenir le garde d\u2019officier et d\u2019occuper diff\u00e9rentes&#8230;<\/p>\n","protected":false},"excerpt":{"rendered":"Firminy en fil conducteur d\u2019une carri\u00e8re riche Trente-trois ans apr\u00e8s avoir int\u00e9gr\u00e9 le corps appelou en tant que&hellip;\n","protected":false},"author":2,"featured_media":238900,"comment_status":"","ping_status":"","sticky":false,"template":"","format":"standard","meta":{"footnotes":""},"categories":[9653],"tags":[1111,11,2430,7539,1777,674,274,10282,10283,1011,27,12,25,4001,104],"class_list":{"0":"post-238899","1":"post","2":"type-post","3":"status-publish","4":"format-standard","5":"has-post-thumbnail","7":"category-saint-etienne","8":"tag-actu","9":"tag-actualites","10":"tag-auvergne-rhone-alpes","11":"tag-edition-loire-sud","12":"tag-eu","13":"tag-europe","14":"tag-faits-divers-justice","15":"tag-firminy","16":"tag-firminy-ville","17":"tag-fr","18":"tag-france","19":"tag-news","20":"tag-republique-francaise","21":"tag-saint-etienne","22":"tag-societe"},"share_on_mastodon":{"url":"https:\/\/pubeurope.com\/@fr\/114826268028646247","error":""},"_links":{"self":[{"href":"https:\/\/www.europesays.com\/fr\/wp-json\/wp\/v2\/posts\/238899","targetHints":{"allow":["GET"]}}],"collection":[{"href":"https:\/\/www.europesays.com\/fr\/wp-json\/wp\/v2\/posts"}],"about":[{"href":"https:\/\/www.europesays.com\/fr\/wp-json\/wp\/v2\/types\/post"}],"author":[{"embeddable":true,"href":"https:\/\/www.europesays.com\/fr\/wp-json\/wp\/v2\/users\/2"}],"replies":[{"embeddable":true,"href":"https:\/\/www.europesays.com\/fr\/wp-json\/wp\/v2\/comments?post=238899"}],"version-history":[{"count":0,"href":"https:\/\/www.europesays.com\/fr\/wp-json\/wp\/v2\/posts\/238899\/revisions"}],"wp:featuredmedia":[{"embeddable":true,"href":"https:\/\/www.europesays.com\/fr\/wp-json\/wp\/v2\/media\/238900"}],"wp:attachment":[{"href":"https:\/\/www.europesays.com\/fr\/wp-json\/wp\/v2\/media?parent=238899"}],"wp:term":[{"taxonomy":"category","embeddable":true,"href":"https:\/\/www.europesays.com\/fr\/wp-json\/wp\/v2\/categories?post=238899"},{"taxonomy":"post_tag","embeddable":true,"href":"https:\/\/www.europesays.com\/fr\/wp-json\/wp\/v2\/tags?post=238899"}],"curies":[{"name":"wp","href":"https:\/\/api.w.org\/{rel}","templated":true}]}}