{"id":238905,"date":"2025-07-10T01:11:33","date_gmt":"2025-07-10T01:11:33","guid":{"rendered":"https:\/\/www.europesays.com\/fr\/238905\/"},"modified":"2025-07-10T01:11:33","modified_gmt":"2025-07-10T01:11:33","slug":"mercato-faitout-maouassa-se-prepare-a-recroiser-montpellier","status":"publish","type":"post","link":"https:\/\/www.europesays.com\/fr\/238905\/","title":{"rendered":"[Mercato] Faitout Maouassa se pr\u00e9pare \u00e0 recroiser Montpellier ?"},"content":{"rendered":"<p>Apr\u00e8s une saison sans club, Faitout Maouassa tente de relancer sa carri\u00e8re l\u00e0 o\u00f9 tout a commenc\u00e9 : \u00e0 Nancy. Le lat\u00e9ral gauche de 27 ans, form\u00e9 \u00e0 l\u2019ASNL, a \u00e9t\u00e9 aper\u00e7u \u00e0 l\u2019entra\u00eenement avec le groupe professionnel. Selon\u00a0Fans of Nancy, il s\u2019agit dans un premier temps d\u2019un retour pour retrouver la forme. Si les essais sont concluants, Maouassa pourrait signer un contrat avec le club lorrain.<\/p>\n<p>Fort de 142 matchs en Ligue 1, pass\u00e9 par Rennes, Montpellier ou encore Bruges en Belgique, il apporterait une solide exp\u00e9rience au groupe de Pablo Correa, en qu\u00eate de renforts pour la saison \u00e0 venir. Un retour aux sources qui pourrait b\u00e9n\u00e9ficier autant au joueur qu\u2019au club. Il ferait donc son retour \u00e0 la Mosson la saison prochaine, mais sous une autre tunique.<\/p>\n<blockquote class=\"twitter-tweet\">\n<p lang=\"fr\" dir=\"ltr\">Pour \u00eatre tout \u00e0 fait exact, dans un premier temps il se remet en forme. Si il retrouve une condition physique optimale, il redeviendra un joueur de l\u2019ASNL. Ce serait du gagnant-gagnant. \ud83d\ude4f\ud83c\udffb <a href=\"https:\/\/t.co\/RXgcTmXXur\" rel=\"nofollow\">https:\/\/t.co\/RXgcTmXXur<\/a><\/p>\n<p>\u2014 \ud835\uddd9\ud835\uddee\ud835\uddfb\ud835\ude00 \ud835\udde2\ud835\uddf3 \ud835\udde1\ud835\uddee\ud835\uddfb\ud835\uddf0\ud835\ude06 (@asnlfans) <a href=\"https:\/\/twitter.com\/asnlfans\/status\/1941810338069917768?ref_src=twsrc%5Etfw\" rel=\"nofollow noopener\" target=\"_blank\">July 6, 2025<\/a><\/p><\/blockquote>\n<p>   <script async src=\"https:\/\/platform.twitter.com\/widgets.js\" charset=\"utf-8\"><\/script><\/p>\n","protected":false},"excerpt":{"rendered":"Apr\u00e8s une saison sans club, Faitout Maouassa tente de relancer sa carri\u00e8re l\u00e0 o\u00f9 tout a commenc\u00e9 :&hellip;\n","protected":false},"author":2,"featured_media":238906,"comment_status":"","ping_status":"","sticky":false,"template":"","format":"standard","meta":{"footnotes":""},"categories":[9635],"tags":[1111,11,1777,674,1011,27,775,1434,1702,12,25],"class_list":{"0":"post-238905","1":"post","2":"type-post","3":"status-publish","4":"format-standard","5":"has-post-thumbnail","7":"category-nancy","8":"tag-actu","9":"tag-actualites","10":"tag-eu","11":"tag-europe","12":"tag-fr","13":"tag-france","14":"tag-grand-est","15":"tag-mercato","16":"tag-nancy","17":"tag-news","18":"tag-republique-francaise"},"share_on_mastodon":{"url":"https:\/\/pubeurope.com\/@fr\/114826279871846860","error":""},"_links":{"self":[{"href":"https:\/\/www.europesays.com\/fr\/wp-json\/wp\/v2\/posts\/238905","targetHints":{"allow":["GET"]}}],"collection":[{"href":"https:\/\/www.europesays.com\/fr\/wp-json\/wp\/v2\/posts"}],"about":[{"href":"https:\/\/www.europesays.com\/fr\/wp-json\/wp\/v2\/types\/post"}],"author":[{"embeddable":true,"href":"https:\/\/www.europesays.com\/fr\/wp-json\/wp\/v2\/users\/2"}],"replies":[{"embeddable":true,"href":"https:\/\/www.europesays.com\/fr\/wp-json\/wp\/v2\/comments?post=238905"}],"version-history":[{"count":0,"href":"https:\/\/www.europesays.com\/fr\/wp-json\/wp\/v2\/posts\/238905\/revisions"}],"wp:featuredmedia":[{"embeddable":true,"href":"https:\/\/www.europesays.com\/fr\/wp-json\/wp\/v2\/media\/238906"}],"wp:attachment":[{"href":"https:\/\/www.europesays.com\/fr\/wp-json\/wp\/v2\/media?parent=238905"}],"wp:term":[{"taxonomy":"category","embeddable":true,"href":"https:\/\/www.europesays.com\/fr\/wp-json\/wp\/v2\/categories?post=238905"},{"taxonomy":"post_tag","embeddable":true,"href":"https:\/\/www.europesays.com\/fr\/wp-json\/wp\/v2\/tags?post=238905"}],"curies":[{"name":"wp","href":"https:\/\/api.w.org\/{rel}","templated":true}]}}