{"id":238911,"date":"2025-07-10T01:17:42","date_gmt":"2025-07-10T01:17:42","guid":{"rendered":"https:\/\/www.europesays.com\/fr\/238911\/"},"modified":"2025-07-10T01:17:42","modified_gmt":"2025-07-10T01:17:42","slug":"tadej-pogacar-sadjuge-la-4e-etape-a-rouen-la-100e-victoire-de-sa-carriere","status":"publish","type":"post","link":"https:\/\/www.europesays.com\/fr\/238911\/","title":{"rendered":"Tadej Pogacar s&rsquo;adjuge la 4e \u00e9tape \u00e0 Rouen, la 100e victoire de sa carri\u00e8re"},"content":{"rendered":"<p>Tadej Pogacar a remport\u00e9 la 100e victoire de sa carri\u00e8re, sa 18e sur le Tour de France, en s&rsquo;imposant lors de la quatri\u00e8me \u00e9tape de la Grande Boucle 2025, mardi \u00e0 Rouen, devant Mathieu van der Poel, qui reste in extremis en jaune. Le Danois Jonas Vingegaard a termin\u00e9 troisi\u00e8me pour compl\u00e9ter un podium de r\u00eave.<\/p>\n<p>Le Slov\u00e8ne Tadej Pogacar, vainqueur sortant et grand favori cette ann\u00e9e du Tour de France, a remport\u00e9, mardi 8 juillet \u00e0 Rouen, une 18e \u00e9tape sur la Grande Boucle, portant \u00e0 100 le chiffre symbolique de ses victoires depuis le d\u00e9but de sa carri\u00e8re de cycliste professionnel.<\/p>\n<p>Dans un final tr\u00e8s accident\u00e9 au terme d&rsquo;une \u00e9tape de 174,2 kilom\u00e8tres, il a devanc\u00e9 au sprint le N\u00e9erlandais Mathieu van der Poel, qui conserve son maillot jaune, et son rival danois Jonas Vingegaard, troisi\u00e8me.<\/p>\n<p>Devenu mi-juin le coureur en activit\u00e9 ayant d\u00e9croch\u00e9 le plus de victoires lors de son succ\u00e8s sur l&rsquo;\u00e9tape reine du Crit\u00e9rium du Dauphin\u00e9, Tadej Pogacar continue d&rsquo;accro\u00eetre son avance sur le Fran\u00e7ais Arnaud D\u00e9mare (33 ans) et le Norv\u00e9gien Alexander Kristoff (38 ans), qui comptent chacun 97 victoires.<\/p>\n<p>\u00c0 lire aussi<a href=\"https:\/\/www.france24.com\/fr\/sports\/20250703-tour-de-france-2025-14-coureurs-et-6-duels-suivre-sur-la-grande-boucle\" class=\"link \" rel=\"nofollow noopener\" target=\"_blank\" data-ylk=\"slk:Tour de France 2025 : 14 coureurs et six duels \u00e0 suivre sur la Grande Boucle;elm:context_link;itc:0;sec:content-canvas\">Tour de France 2025 : 14 coureurs et six duels \u00e0 suivre sur la Grande Boucle<\/a><\/p>\n<p>Avec ce 18e succ\u00e8s sur le Tour, Tadej Pogacar, 26 ans, est aussi le coureur en activit\u00e9 comptant le plus de victoires sur la Grande Boucle.<\/p>\n<p>Selon les modes de calcul, le Belge en compte entre 251 et 525 (dont 11 Grands Tours et 19 Monuments, les cinq plus grandes classiques du cyclisme) entre 1965 et 1978.<\/p>\n<p>Avec AFP<\/p>\n<p><a href=\"https:\/\/www.france24.com\/fr\/sports\/20250708-tour-de-france-tadej-pogacar-victoire-quatrieme-etape-rouen-100e-victoire-carriere\" rel=\"nofollow noopener\" target=\"_blank\" data-ylk=\"slk:Lire la suite sur FRANCE 24;elm:context_link;itc:0;sec:content-canvas\" class=\"link \">Lire la suite sur FRANCE 24<\/a><\/p>\n<p>Lire aussi:<br \/><a href=\"https:\/\/www.france24.com\/fr\/sports\/20250707-tour-de-france-3e-%C3%A9tape-victoire-du-belge-tim-merlier-abandon-du-sprinteur-philipsen\" rel=\"nofollow noopener\" target=\"_blank\" data-ylk=\"slk:Tour de France, 3e \u00e9tape : victoire du Belge Tim Merlier, abandon du sprinteur Philipsen;elm:context_link;itc:0;sec:content-canvas\" class=\"link \">Tour de France, 3e \u00e9tape : victoire du Belge Tim Merlier, abandon du sprinteur Philipsen<\/a><br \/><a href=\"https:\/\/www.france24.com\/fr\/sports\/20250706-tour-de-france-%C3%A9tape-et-maillot-jaune-coup-double-pour-van-der-poel\" rel=\"nofollow noopener\" target=\"_blank\" data-ylk=\"slk:Tour de France : 2e \u00e9tape et maillot jaune, coup double pour van der Poel;elm:context_link;itc:0;sec:content-canvas\" class=\"link \">Tour de France : 2e \u00e9tape et maillot jaune, coup double pour van der Poel<\/a><\/p>\n","protected":false},"excerpt":{"rendered":"Tadej Pogacar a remport\u00e9 la 100e victoire de sa carri\u00e8re, sa 18e sur le Tour de France, en&hellip;\n","protected":false},"author":2,"featured_media":238912,"comment_status":"","ping_status":"","sticky":false,"template":"","format":"standard","meta":{"footnotes":""},"categories":[9587],"tags":[1111,11,1282,24803,1777,674,1011,27,37876,4385,12,5161,25,9590,1138,210],"class_list":{"0":"post-238911","1":"post","2":"type-post","3":"status-publish","4":"format-standard","5":"has-post-thumbnail","7":"category-rouen","8":"tag-actu","9":"tag-actualites","10":"tag-carriere","11":"tag-criterium-du-dauphine","12":"tag-eu","13":"tag-europe","14":"tag-fr","15":"tag-france","16":"tag-grande-boucle","17":"tag-mathieu-van-der-poel","18":"tag-news","19":"tag-normandie","20":"tag-republique-francaise","21":"tag-rouen","22":"tag-tadej-pogacar","23":"tag-tour-de-france"},"share_on_mastodon":{"url":"https:\/\/pubeurope.com\/@fr\/114826303489260271","error":""},"_links":{"self":[{"href":"https:\/\/www.europesays.com\/fr\/wp-json\/wp\/v2\/posts\/238911","targetHints":{"allow":["GET"]}}],"collection":[{"href":"https:\/\/www.europesays.com\/fr\/wp-json\/wp\/v2\/posts"}],"about":[{"href":"https:\/\/www.europesays.com\/fr\/wp-json\/wp\/v2\/types\/post"}],"author":[{"embeddable":true,"href":"https:\/\/www.europesays.com\/fr\/wp-json\/wp\/v2\/users\/2"}],"replies":[{"embeddable":true,"href":"https:\/\/www.europesays.com\/fr\/wp-json\/wp\/v2\/comments?post=238911"}],"version-history":[{"count":0,"href":"https:\/\/www.europesays.com\/fr\/wp-json\/wp\/v2\/posts\/238911\/revisions"}],"wp:featuredmedia":[{"embeddable":true,"href":"https:\/\/www.europesays.com\/fr\/wp-json\/wp\/v2\/media\/238912"}],"wp:attachment":[{"href":"https:\/\/www.europesays.com\/fr\/wp-json\/wp\/v2\/media?parent=238911"}],"wp:term":[{"taxonomy":"category","embeddable":true,"href":"https:\/\/www.europesays.com\/fr\/wp-json\/wp\/v2\/categories?post=238911"},{"taxonomy":"post_tag","embeddable":true,"href":"https:\/\/www.europesays.com\/fr\/wp-json\/wp\/v2\/tags?post=238911"}],"curies":[{"name":"wp","href":"https:\/\/api.w.org\/{rel}","templated":true}]}}