{"id":238915,"date":"2025-07-10T01:22:08","date_gmt":"2025-07-10T01:22:08","guid":{"rendered":"https:\/\/www.europesays.com\/fr\/238915\/"},"modified":"2025-07-10T01:22:08","modified_gmt":"2025-07-10T01:22:08","slug":"il-ny-a-jamais-eu-de-tour-samsic-le-geant-de-la-proprete-a-du-raboter-son-projet-2","status":"publish","type":"post","link":"https:\/\/www.europesays.com\/fr\/238915\/","title":{"rendered":"\u00ab Il n\u2019y a jamais eu de tour Samsic \u00bb\u2026 Le g\u00e9ant de la propret\u00e9 a d\u00fb raboter son projet"},"content":{"rendered":"<p><strong>Soldes : -30 % &#8211; La tour de 28 \u00e9tages attendue au-dessus de la gare Rennes et construite par Samsic a perdu un tiers de sa hauteur<\/strong><\/p>\n<p>Le projet aura mis des ann\u00e9es \u00e0 se concr\u00e9tiser. En ce d\u00e9but d\u2019\u00e9t\u00e9, il en est encore aux fondations. A deux pas de la gare de <a href=\"https:\/\/www.20minutes.fr\/rennes\/?at_medium=RSS%20feed&amp;at_campaign=ynews&amp;utm_source=yahoo&amp;utm_medium=rss&amp;utm_campaign=news_feed&amp;utm_content=in_article_link\" rel=\"nofollow noopener\" target=\"_blank\" data-ylk=\"slk:Rennes;elm:context_link;itc:0;sec:content-canvas\" class=\"link \">Rennes<\/a>, creus\u00e9 le long des rails de chemin de fer, un imposant trou b\u00e9ant vient rappeler l\u2019ampleur du chantier. Annonc\u00e9e en grande pompe en 2018, la construction du futur si\u00e8ge social de Samsic est enfin entr\u00e9e dans sa phase visible.<\/p>\n<p>Promise pour la fin 2023, la livraison n\u2019aura pas lieu avant 2027 pour le si\u00e8ge et 2028 voire 2029 pour les autres b\u00e2timents. La faute \u00e0 une cascade d\u2019\u00e9v\u00e9nements : la pand\u00e9mie de Covid-19, la flamb\u00e9e des taux d\u2019int\u00e9r\u00eat et la hausse des co\u00fbts de construction. R\u00e9sultat : <a href=\"https:\/\/www.20minutes.fr\/rennes\/2340491-20180921-rennes-tour-26-etages-va-bientot-pousser-plein-centre-ville?at_medium=RSS%20feed&amp;at_campaign=ynews&amp;utm_source=yahoo&amp;utm_medium=rss&amp;utm_campaign=news_feed&amp;utm_content=in_article_link\" rel=\"nofollow noopener\" target=\"_blank\" data-ylk=\"slk:la fameuse tour de pr\u00e8s de 100 m\u00e8tres voulue par Samsic;elm:context_link;itc:0;sec:content-canvas\" class=\"link \">la fameuse tour de pr\u00e8s de 100 m\u00e8tres voulue par Samsic<\/a> a \u00e9t\u00e9 rabot\u00e9e. \u00ab On a enlev\u00e9 un tiers de l\u2019immeuble \u00bb, reconna\u00eet Thierry Geffroy, patron du groupe. L\u2019immeuble <a href=\"https:\/\/www.20minutes.fr\/rennes\/4084820-20240404-rennes-future-tour-samsic-perd-30-metres-cause-inflation?at_medium=RSS%20feed&amp;at_campaign=ynews&amp;utm_source=yahoo&amp;utm_medium=rss&amp;utm_campaign=news_feed&amp;utm_content=in_article_link\" rel=\"nofollow noopener\" target=\"_blank\" data-ylk=\"slk:ne fera pas 28 \u00e9tages, mais 17;elm:context_link;itc:0;sec:content-canvas\" class=\"link \">ne fera pas 28 \u00e9tages, mais 17<\/a>, pour le plus grand plaisir de bon nombre de riverains, inquiets de voir une telle construction toiser leur jardinet.<\/p>\n<p>Se rapprocher de Paris<\/p>\n<p>Mais ce n\u2019est pas cette tour qui accueillera le si\u00e8ge du groupe international. \u00ab Il n\u2019y a jamais eu de tour Samsic. Le b\u00e2timent qui accueillera le si\u00e8ge, il a toujours \u00e9t\u00e9 dimensionn\u00e9 autour de huit ou neuf \u00e9tages \u00bb, assure Olivier Robin, directeur de For Immo, la soci\u00e9t\u00e9 de promotion immobili\u00e8re de Samsic. Les 750 salari\u00e9s aujourd\u2019hui bas\u00e9s \u00e0 Cesson-S\u00e9vign\u00e9 devraient emm\u00e9nager dans leurs nouveaux locaux \u00e0 l\u2019\u00e9t\u00e9 2027 et profiter de ces deux b\u00e2timents lumineux situ\u00e9s \u00e0 deux pas de la gare et r\u00e9unis par un atrium. \u00ab Il faut enco(&#8230;)<\/p>\n<p><a href=\"https:\/\/www.20minutes.fr\/societe\/4162585-20250709-rennes-jamais-tour-samsic-geant-proprete-raboter-projet?at_medium=RSS%20feed&amp;at_campaign=ynews&amp;utm_source=yahoo&amp;utm_medium=rss&amp;utm_campaign=news_feed&amp;utm_content=read_more_link\" rel=\"nofollow noopener\" target=\"_blank\" data-ylk=\"slk:Lire la suite sur 20minutes;elm:context_link;itc:0;sec:content-canvas\" class=\"link \">Lire la suite sur 20minutes<\/a><\/p>\n<p>\u00c0 lire aussi :<br \/><a href=\"https:\/\/www.20minutes.fr\/planete\/canicule\/4162038-20250704-rennes-jamais-vu-ca-pourquoi-vilaine-devenue-toute-verte?at_medium=RSS%20feed&amp;at_campaign=ynews&amp;utm_source=yahoo&amp;utm_medium=rss&amp;utm_campaign=news_feed&amp;utm_content=related_content_link\" rel=\"nofollow noopener\" target=\"_blank\" data-ylk=\"slk:Rennes : \u00ab J\u2019ai jamais vu \u00e7a \u00bb\u2026 Pourquoi la Vilaine est-elle devenue toute verte ?;elm:context_link;itc:0;sec:content-canvas\" class=\"link \">Rennes : \u00ab J\u2019ai jamais vu \u00e7a \u00bb\u2026 Pourquoi la Vilaine est-elle devenue toute verte ?<\/a><br \/><a href=\"https:\/\/www.20minutes.fr\/societe\/4161552-20250702-rennes-easyjet-croit-toujours-avenir-aeroport-annonce-deux-nouvelles-destinations?at_medium=RSS%20feed&amp;at_campaign=ynews&amp;utm_source=yahoo&amp;utm_medium=rss&amp;utm_campaign=news_feed&amp;utm_content=related_content_link\" rel=\"nofollow noopener\" target=\"_blank\" data-ylk=\"slk:Rennes : EasyJet croit toujours en l\u2019avenir de l\u2019a\u00e9roport et annonce deux nouvelles destinations;elm:context_link;itc:0;sec:content-canvas\" class=\"link \">Rennes : EasyJet croit toujours en l\u2019avenir de l\u2019a\u00e9roport et annonce deux nouvelles destinations<\/a><\/p>\n","protected":false},"excerpt":{"rendered":"Soldes : -30 % &#8211; La tour de 28 \u00e9tages attendue au-dessus de la gare Rennes et construite&hellip;\n","protected":false},"author":2,"featured_media":238916,"comment_status":"","ping_status":"","sticky":false,"template":"","format":"standard","meta":{"footnotes":""},"categories":[2821],"tags":[1111,11,829,21586,1777,674,1011,27,34356,37878,12,584,25,37877,37879],"class_list":{"0":"post-238915","1":"post","2":"type-post","3":"status-publish","4":"format-standard","5":"has-post-thumbnail","7":"category-rennes","8":"tag-actu","9":"tag-actualites","10":"tag-bretagne","11":"tag-chemin-de-fer","12":"tag-eu","13":"tag-europe","14":"tag-fr","15":"tag-france","16":"tag-la-construction","17":"tag-la-gare","18":"tag-news","19":"tag-rennes","20":"tag-republique-francaise","21":"tag-samsic","22":"tag-thierry-geffroy"},"share_on_mastodon":{"url":"https:\/\/pubeurope.com\/@fr\/114826323262253091","error":""},"_links":{"self":[{"href":"https:\/\/www.europesays.com\/fr\/wp-json\/wp\/v2\/posts\/238915","targetHints":{"allow":["GET"]}}],"collection":[{"href":"https:\/\/www.europesays.com\/fr\/wp-json\/wp\/v2\/posts"}],"about":[{"href":"https:\/\/www.europesays.com\/fr\/wp-json\/wp\/v2\/types\/post"}],"author":[{"embeddable":true,"href":"https:\/\/www.europesays.com\/fr\/wp-json\/wp\/v2\/users\/2"}],"replies":[{"embeddable":true,"href":"https:\/\/www.europesays.com\/fr\/wp-json\/wp\/v2\/comments?post=238915"}],"version-history":[{"count":0,"href":"https:\/\/www.europesays.com\/fr\/wp-json\/wp\/v2\/posts\/238915\/revisions"}],"wp:featuredmedia":[{"embeddable":true,"href":"https:\/\/www.europesays.com\/fr\/wp-json\/wp\/v2\/media\/238916"}],"wp:attachment":[{"href":"https:\/\/www.europesays.com\/fr\/wp-json\/wp\/v2\/media?parent=238915"}],"wp:term":[{"taxonomy":"category","embeddable":true,"href":"https:\/\/www.europesays.com\/fr\/wp-json\/wp\/v2\/categories?post=238915"},{"taxonomy":"post_tag","embeddable":true,"href":"https:\/\/www.europesays.com\/fr\/wp-json\/wp\/v2\/tags?post=238915"}],"curies":[{"name":"wp","href":"https:\/\/api.w.org\/{rel}","templated":true}]}}