{"id":238929,"date":"2025-07-10T01:29:11","date_gmt":"2025-07-10T01:29:11","guid":{"rendered":"https:\/\/www.europesays.com\/fr\/238929\/"},"modified":"2025-07-10T01:29:11","modified_gmt":"2025-07-10T01:29:11","slug":"departs-en-vacances-le-prefet-de-gironde-appelle-a-la-prudence","status":"publish","type":"post","link":"https:\/\/www.europesays.com\/fr\/238929\/","title":{"rendered":"D\u00e9parts en vacances : le pr\u00e9fet de Gironde appelle \u00e0 la prudence"},"content":{"rendered":"<p><img decoding=\"async\" class=\"\" style=\"width:100%;max-width:100%\" src=\"https:\/\/www.europesays.com\/fr\/wp-content\/uploads\/2025\/07\/car_932455_12801752071974277-format16by9.jpg\" alt=\"voiture \"\/><\/p>\n<p>Le pr\u00e9fet de la Gironde appelle \u00e0 la prudence sur les routes. <\/p>\n<p>Cr\u00e9dit : CC0 photo d&rsquo;illustration <\/p>\n<p class=\"p1\">\u00a0<\/p>\n<p class=\"p1\">\u00ab\u00a0Les vacances ne sont pas synonymes d\u2019imprudence, les vacances ne sont pas synonymes d\u2019incons\u00e9quence\u00a0\u00bb. <a href=\"https:\/\/www.gironde.gouv.fr\" rel=\"noopener nofollow\" target=\"_blank\">Le pr\u00e9fet de la Gironde <\/a>appelle ce mercredi, dans un communiqu\u00e9, les usagers de la route \u00e0 la prudence et \u00e0 adopter des \u00ab\u00a0comportements responsables\u00a0\u00bb \u00e0 la veille des grands d\u00e9parts en vacances.\u00a0<\/p>\n<p class=\"p2\">\u00ab\u00a0Chaque \u00e9t\u00e9, trop d\u2019accidents endeuillent encore les familles, souvent pour une inattention, une fatigue sous-estim\u00e9e, une vitesse excessive ou un t\u00e9l\u00e9phone tenu en main. Et derri\u00e8re chaque accident, il y a une trag\u00e9die humaine\u00a0\u00bb, explique le pr\u00e9fet qui assure que les forces de l\u2019ordre seront pleinement mobilis\u00e9es tout au long de l\u2019\u00e9t\u00e9 pour pr\u00e9venir les comportements dangereux comme les exc\u00e8s de vitesse, les distractions au volant, l&rsquo;usage du t\u00e9l\u00e9phone portable ou la conduite sous l\u2019empire de l\u2019alcool ou de substances stup\u00e9fiantes, et prot\u00e9ger les usagers de la route. \u00ab\u00a0Aucune tol\u00e9rance ne sera accord\u00e9e aux conducteurs dangereux\u00a0\u00bb.<\/p>\n<p class=\"p2\">Depuis le d\u00e9but de l&rsquo;ann\u00e9e, 31 personnes sont mortes sur les routes de Gironde. \u00a0<\/p>\n<p class=\"p2\">\u00a0<\/p>\n<p>Nouveaux d\u00e9parts en vacances d\u00e8s ce vendredi\u00a0<\/p>\n<p class=\"p2\">Durant tout l&rsquo;\u00e9t\u00e9, les routes seront charg\u00e9es les week-ends. Ce sera le cas ce vendredi. <a href=\"https:\/\/www.bison-fute.gouv.fr\/du-11-07-au-14-07.html\" rel=\"noopener nofollow\" target=\"_blank\">Bison Fut\u00e9<\/a> a class\u00e9 cette journ\u00e9e de vendredi rouge dans le sens des d\u00e9parts, orange dans le sens des retours. \u00c0 hauteur de Bordeaux, l&rsquo;A10 sera charg\u00e9e entre 16h et 19h. Samedi, ce sera de nouveau rouge dans le sens des d\u00e9parts. L&rsquo;A10 \u00e0 hauteur de Bordeaux sera de nouveau charg\u00e9e entre 10h et 13h et l&rsquo;A63 entre 10h et 19h dans le sens Bordeaux-Bayonne.\u00a0<\/p>\n","protected":false},"excerpt":{"rendered":"Le pr\u00e9fet de la Gironde appelle \u00e0 la prudence sur les routes. Cr\u00e9dit : CC0 photo d&rsquo;illustration \u00a0&hellip;\n","protected":false},"author":2,"featured_media":238930,"comment_status":"","ping_status":"","sticky":false,"template":"","format":"standard","meta":{"footnotes":""},"categories":[2817],"tags":[119,1111,11,6955,6427,1997,10507,10787,1777,674,1011,27,2905,12,2219,9901,10089,37880,25,11616,2528],"class_list":{"0":"post-238929","1":"post","2":"type-post","3":"status-publish","4":"format-standard","5":"has-post-thumbnail","7":"category-bordeaux","8":"tag-accident","9":"tag-actu","10":"tag-actualites","11":"tag-autoroute","12":"tag-bison-fute","13":"tag-bordeaux","14":"tag-chargee","15":"tag-controles","16":"tag-eu","17":"tag-europe","18":"tag-fr","19":"tag-france","20":"tag-gironde","21":"tag-news","22":"tag-nouvelle-aquitaine","23":"tag-prudence","24":"tag-ralentissement","25":"tag-renfroces","26":"tag-republique-francaise","27":"tag-routes","28":"tag-vacances"},"share_on_mastodon":{"url":"https:\/\/pubeurope.com\/@fr\/114826350730421170","error":""},"_links":{"self":[{"href":"https:\/\/www.europesays.com\/fr\/wp-json\/wp\/v2\/posts\/238929","targetHints":{"allow":["GET"]}}],"collection":[{"href":"https:\/\/www.europesays.com\/fr\/wp-json\/wp\/v2\/posts"}],"about":[{"href":"https:\/\/www.europesays.com\/fr\/wp-json\/wp\/v2\/types\/post"}],"author":[{"embeddable":true,"href":"https:\/\/www.europesays.com\/fr\/wp-json\/wp\/v2\/users\/2"}],"replies":[{"embeddable":true,"href":"https:\/\/www.europesays.com\/fr\/wp-json\/wp\/v2\/comments?post=238929"}],"version-history":[{"count":0,"href":"https:\/\/www.europesays.com\/fr\/wp-json\/wp\/v2\/posts\/238929\/revisions"}],"wp:featuredmedia":[{"embeddable":true,"href":"https:\/\/www.europesays.com\/fr\/wp-json\/wp\/v2\/media\/238930"}],"wp:attachment":[{"href":"https:\/\/www.europesays.com\/fr\/wp-json\/wp\/v2\/media?parent=238929"}],"wp:term":[{"taxonomy":"category","embeddable":true,"href":"https:\/\/www.europesays.com\/fr\/wp-json\/wp\/v2\/categories?post=238929"},{"taxonomy":"post_tag","embeddable":true,"href":"https:\/\/www.europesays.com\/fr\/wp-json\/wp\/v2\/tags?post=238929"}],"curies":[{"name":"wp","href":"https:\/\/api.w.org\/{rel}","templated":true}]}}