{"id":238945,"date":"2025-07-10T01:37:18","date_gmt":"2025-07-10T01:37:18","guid":{"rendered":"https:\/\/www.europesays.com\/fr\/238945\/"},"modified":"2025-07-10T01:37:18","modified_gmt":"2025-07-10T01:37:18","slug":"la-region-et-la-metropole-enfin-daccord","status":"publish","type":"post","link":"https:\/\/www.europesays.com\/fr\/238945\/","title":{"rendered":"la R\u00e9gion et la M\u00e9tropole enfin d&rsquo;accord ?"},"content":{"rendered":"<p class=\"wp-block-post-excerpt__excerpt\">La M\u00e9tropole de Lyon a \u00e9mis un avis favorable \u00e0 l\u2019autorisation environnementale du projet de ligne de bus \u00e0 haut niveau de service (BHNS) entre Lyon et Tr\u00e9voux. Malgr\u00e9 certaines r\u00e9serves, cette annonce marque un accord rare entre la collectivit\u00e9 et la r\u00e9gion, rarement sur la m\u00eame longueur d\u2019onde en mati\u00e8re de transport. <\/p>\n<p class=\"font-sans\">\n\t\t\tCet article est en acc\u00e8s libre. Pour soutenir Rue89 Lyon,<br \/>\n\t\t\t<a class=\"underline\" href=\"https:\/\/www.rue89lyon.fr\/abonnement\/\" target=\"_blank\" rel=\"noopener\">abonnez-vous<\/a>.\n\t\t<\/p>\n<p>Elian Delac\u00f4te<\/p>\n<p>Publi\u00e9 le 9 juillet 2025\u00a0\u00a0\u00b7\u00a0\u00a0<\/p>\n<p>Imprim\u00e9 le 10 juillet 2025 \u00e0 03h37\u00a0\u00a0\u00b7\u00a0\u00a0<\/p>\n<p>\t\t\t\t\t3\u00a0minutes\n<\/p>\n<p>Bient\u00f4t le bout du tunnel pour le BHNS Lyon-Tr\u00e9voux ? Dossier vieux de trente ans, le bus \u00e0 haut niveau de service desservant le Val-de-Sa\u00f4ne a franchi une nouvelle \u00e9tape, apr\u00e8s de nombreux soubresauts administratifs et politiques. Le 7 juillet dernier, la M\u00e9tropole de Lyon a \u00e9mis un avis favorable \u00e0 l\u2019autorisation environnementale du projet, port\u00e9 par la R\u00e9gion. Le dossier est d\u00e9sormais entre les mains de l\u2019\u00c9tat.<\/p>\n<p>Une validation sous conditions. L\u2019ex\u00e9cutif \u00e9cologiste a \u00e9mis deux r\u00e9serves : la premi\u00e8re porte sur \u00ab\u00a0la qualit\u00e9 des mesures propos\u00e9es pour compenser les surfaces bitum\u00e9es par le projet. \u00ab\u00a0La transformation en prairies d\u2019environ cinq hectares de terres cultiv\u00e9es n\u2019est pas \u00e0 la hauteur des enjeux, d\u2019autant plus que la M\u00e9tropole entend pr\u00e9server les surfaces cultivables sur son territoire\u00a0\u00bb, justifie la collectivit\u00e9.<\/p>\n<p>L\u2019autre concerne la cr\u00e9ation d\u2019un parking relais \u00e0 Neuville-sur-Sa\u00f4ne. La collectivit\u00e9 craint des conflits d\u2019usage entre voitures et pi\u00e9tons, en raison de la proximit\u00e9 imm\u00e9diate d\u2019\u00e9tablissement scolaires. <\/p>\n<p>Un maillon du \u00ab\u00a0RER lyonnais\u00a0\u00bb, \u00e9pilogue d\u2019un vieux dossier ?<\/p>\n<p>C\u2019est la R\u00e9gion qui le dit dans un communiqu\u00e9 : le projet de bus \u00e0 haut niveau de service Tr\u00e9voux-Sathonay-Lyon, sur une ancienne emprise ferroviaire, est con\u00e7u comme \u00ab un des maillons du RER lyonnais \u00bb,\u00a0<a href=\"https:\/\/www.rue89lyon.fr\/2022\/04\/07\/rer-a-la-lyonnaise-wauquiez-et-les-ecologistes-se-renvoient-la-balle\/\" target=\"_blank\" rel=\"noreferrer noopener\">sujet de friction entre la R\u00e9gion et la M\u00e9tropole<\/a>.<\/p>\n<p>Ce BHNS est aussi la derni\u00e8re mouture d\u2019une liaison en gestation depuis trente ans. En 2019,\u00a0Le Progr\u00e8s\u00a0revenait sur ce choix d\u2019opter pour un BHNS plut\u00f4t qu\u2019un train ainsi que sur\u00a0<a href=\"https:\/\/www.leprogres.fr\/rhone-69-edition-val-de-saone\/2019\/01\/23\/trajet-trevoux-lyon-part-dieu-le-bus-semble-sur-la-bonne-voie\" target=\"_blank\" rel=\"noreferrer noopener\">les raisons de la complexit\u00e9 du dossier<\/a>.<\/p>\n<p>Si le projet va au bout, le BHNS desservira 16 stations sur son parcours : Tr\u00e9voux, Reyrieux Ouest, Reyrieux Centre, Parcieux\/Massieux, Genay, Neuville-sur-Sa\u00f4ne centre, Neuville-Sud, Fleurieu-sur-Sa\u00f4ne, Rochetaill\u00e9-sur-Sa\u00f4ne, Fontaines-sur-Sa\u00f4ne, gare de Sathonay, Rillieux ZI P\u00e9rica, Caluire chemin petit, Villeurbanne T\u00eate-d\u2019or \/ La-Doua, Villeurbanne Charpennes et Lyon-Part-Dieu.<\/p>\n<p>\t\tBus Lyon-Tr\u00e9voux : un serpent de mer vieux de 30 ans<\/p>\n<p>Malgr\u00e9 ces r\u00e9serves, la M\u00e9tropole compte bien sur ce projet, port\u00e9 par la R\u00e9gion, pour dynamiser un secteur mal desservi par les transports en commun. Elle table sur une mise en service en 2029, cinq ans apr\u00e8s la date initialement pr\u00e9vue.<\/p>\n<p>Cette nouvelle \u00e9tape de franchie pourrait bien marquer le d\u00e9but d\u2019un rapprochement entre la M\u00e9tropole de Lyon et la R\u00e9gion, en conflit sur de nombreux sujets li\u00e9s aux transports, en particulier le projet de \u00ab\u00a0RER lyonnais\u00a0\u00bb, qui a <a href=\"https:\/\/www.rue89lyon.fr\/2025\/03\/31\/cfal-rer-lyon-serpents-de-mer-ferroviaires\/\" target=\"_blank\" rel=\"noreferrer noopener\">r\u00e9cemment connu des avanc\u00e9es<\/a> apr\u00e8s <a href=\"https:\/\/www.rue89lyon.fr\/2022\/04\/07\/rer-a-la-lyonnaise-wauquiez-et-les-ecologistes-se-renvoient-la-balle\/\" target=\"_blank\" rel=\"noreferrer noopener\">une longue p\u00e9riode d\u2019inertie<\/a>.<\/p>\n<p>En juillet 2025, R\u00e9gion et M\u00e9tropole ont m\u00eame trouv\u00e9 un accord sur <a href=\"https:\/\/tribunedelyon.fr\/transports\/bientot-un-ticket-unique-tcl-ter-sur-la-region-lyonnaise\/\" target=\"_blank\" rel=\"noreferrer noopener\">un ticket commun TER-TCL<\/a> de 4,40 euros \u00e0 Lyon et sa proche p\u00e9riph\u00e9rie. <\/p>\n<p>\u00c0 lire aussi sur Rue89Lyon<\/p>\n<p><a href=\"https:\/\/www.rue89lyon.fr\/2025\/03\/31\/cfal-rer-lyon-serpents-de-mer-ferroviaires\/\" target=\"_blank\" rel=\"noreferrer noopener\">CFAL, RER, Lyon-Brignais\u2026 o\u00f9 en sont ces projets ferroviaires qui tra\u00eenent ?<\/a><\/p>\n<p><a href=\"https:\/\/www.rue89lyon.fr\/2024\/03\/05\/bus-lyon-trevoux-wauquiez-apres-mobilisation-havre-biodiversite-sauve\/\" target=\"_blank\" rel=\"noopener\">Bus Lyon \u2013 Tr\u00e9voux de Wauquiez : apr\u00e8s la mobilisation, un havre de biodiversit\u00e9 sauv\u00e9<\/a><\/p>\n<p><a href=\"https:\/\/www.rue89lyon.fr\/2023\/03\/26\/bus-hydrogene-menace-biodiversite-nord-lyon\/\" target=\"_blank\" rel=\"noopener\">Le bus \u00e0 hydrog\u00e8ne de Wauquiez menace une zone riche en biodiversit\u00e9 pr\u00e8s de Lyon<\/a><\/p>\n<p><a href=\"https:\/\/www.rue89lyon.fr\/2023\/01\/02\/incoherences-developpement-hydrogene-laurent-wauquiez\/\" target=\"_blank\" rel=\"noopener\">Les incoh\u00e9rences du d\u00e9veloppement de l\u2019hydrog\u00e8ne par Laurent Wauquiez<\/a><\/p>\n<p>\t\tBus Lyon-Tr\u00e9voux : la fin des gal\u00e8res ?<\/p>\n<p>Elle marque surtout le d\u00e9but de la fin d\u2019un chemin de croix pour le projet. En 2023, une association de protection de l\u2019environnement, les Voix du Vallon, s\u2019\u00e9tait mobilis\u00e9e contre le BHNS, qui mena\u00e7ait un havre de biodiversit\u00e9, notamment pour le hibou grand-duc. Le trac\u00e9 avait finalement \u00e9t\u00e9 modifi\u00e9. Quelque temps plus tard, l\u2019ex\u00e9cutif r\u00e9gional (LR) avait d\u00fb renoncer \u00e0 ses bus \u00e0 hydrog\u00e8ne, finalement remplac\u00e9s par des v\u00e9hicules \u00e9lectriques.<\/p>\n<p>L\u2019opposition \u00e9cologiste s\u2019\u00e9tait quant \u00e0 elle oppos\u00e9 au projet dans son ensemble. Tout comme l\u2019ex\u00e9cutif \u00e9cologiste de la M\u00e9tropole, qui aurait pr\u00e9f\u00e9r\u00e9 relancer la ligne de train, d\u00e9saffect\u00e9e depuis des ann\u00e9es. La M\u00e9tropole a donc finalement lev\u00e9 un frein \u00e0 cette pierre angulaire du projet de RER M\u00e9tropolitain. En attendant de vrais d\u00e9blocages politiques avec la R\u00e9gion ?<\/p>\n","protected":false},"excerpt":{"rendered":"La M\u00e9tropole de Lyon a \u00e9mis un avis favorable \u00e0 l\u2019autorisation environnementale du projet de ligne de bus&hellip;\n","protected":false},"author":2,"featured_media":238946,"comment_status":"","ping_status":"","sticky":false,"template":"","format":"standard","meta":{"footnotes":""},"categories":[1889],"tags":[1111,11,2430,1777,674,1011,27,2428,10510,12,25,10213,800],"class_list":{"0":"post-238945","1":"post","2":"type-post","3":"status-publish","4":"format-standard","5":"has-post-thumbnail","7":"category-lyon","8":"tag-actu","9":"tag-actualites","10":"tag-auvergne-rhone-alpes","11":"tag-eu","12":"tag-europe","13":"tag-fr","14":"tag-france","15":"tag-lyon","16":"tag-metropole-de-lyon","17":"tag-news","18":"tag-republique-francaise","19":"tag-tcl","20":"tag-transports"},"share_on_mastodon":{"url":"https:\/\/pubeurope.com\/@fr\/114826382119891250","error":""},"_links":{"self":[{"href":"https:\/\/www.europesays.com\/fr\/wp-json\/wp\/v2\/posts\/238945","targetHints":{"allow":["GET"]}}],"collection":[{"href":"https:\/\/www.europesays.com\/fr\/wp-json\/wp\/v2\/posts"}],"about":[{"href":"https:\/\/www.europesays.com\/fr\/wp-json\/wp\/v2\/types\/post"}],"author":[{"embeddable":true,"href":"https:\/\/www.europesays.com\/fr\/wp-json\/wp\/v2\/users\/2"}],"replies":[{"embeddable":true,"href":"https:\/\/www.europesays.com\/fr\/wp-json\/wp\/v2\/comments?post=238945"}],"version-history":[{"count":0,"href":"https:\/\/www.europesays.com\/fr\/wp-json\/wp\/v2\/posts\/238945\/revisions"}],"wp:featuredmedia":[{"embeddable":true,"href":"https:\/\/www.europesays.com\/fr\/wp-json\/wp\/v2\/media\/238946"}],"wp:attachment":[{"href":"https:\/\/www.europesays.com\/fr\/wp-json\/wp\/v2\/media?parent=238945"}],"wp:term":[{"taxonomy":"category","embeddable":true,"href":"https:\/\/www.europesays.com\/fr\/wp-json\/wp\/v2\/categories?post=238945"},{"taxonomy":"post_tag","embeddable":true,"href":"https:\/\/www.europesays.com\/fr\/wp-json\/wp\/v2\/tags?post=238945"}],"curies":[{"name":"wp","href":"https:\/\/api.w.org\/{rel}","templated":true}]}}