{"id":238957,"date":"2025-07-10T01:44:21","date_gmt":"2025-07-10T01:44:21","guid":{"rendered":"https:\/\/www.europesays.com\/fr\/238957\/"},"modified":"2025-07-10T01:44:21","modified_gmt":"2025-07-10T01:44:21","slug":"paris-cest-la-meilleure-equipe-du-monde-reconnait-thibaut-courtois","status":"publish","type":"post","link":"https:\/\/www.europesays.com\/fr\/238957\/","title":{"rendered":"\u00abParis, c\u2019est la meilleure \u00e9quipe du monde\u00bb, reconna\u00eet Thibaut Courtois"},"content":{"rendered":"<p>Le portier du Real livre son analyse apr\u00e8s la claque re\u00e7ue face au Paris-SG, mercredi, en demies du Mondial des clubs.<\/p>\n<p class=\"fig-paragraph\"><strong>Thibaut Courtois (gardien du Real, apr\u00e8s\u00a0<\/strong><a href=\"http:\/\/www.lefigaro.fr\/sports\/football\/coupe-du-monde\/coupe-du-monde-des-clubs-le-psg-ecrase-le-real-de-mbappe-et-rejoint-chelsea-en-finale-20250709\" data-fig-type=\"NewsFlash\" data-gtm-custom-categorie=\"navigation\" data-gtm-custom-action=\"crossclick\" data-gtm-custom-label=\"Contextuel\" data-gtm-event=\"customEventSPE\" data-fig-domain=\"LEFIGARO\" target=\"_blank\" rel=\"noopener\"><strong>la d\u00e9faite 0-4 contre le PSG en demi-finales de Coupe du monde des clubs<\/strong><\/a> <strong>)<\/strong>\u00a0: \u00abParis, c\u2019est le champion d\u2019Europe, une \u00e9quipe qui \u00e9tait de mieux en mieux au fil des semaines lors de la saison. C\u2019est une \u00e9quipe qui presse tr\u00e8s bien, tr\u00e8s haut, avec tout le monde, en laissant des espaces. Et l\u00e0, c\u2019est \u00e0 nous d\u2019essayer d\u2019exploiter les espaces qu\u2019ils laissent en jouant vite. C\u2019est ce qu\u2019on a travaill\u00e9 \u00e0 l\u2019entra\u00eenement mais on n\u2019a pas pu le faire en d\u00e9but de match\u2026 Ils ont bien commenc\u00e9, ils ont eu de grosses occasions et on a fait deux erreurs individuelles qui changent le match. Ils ont \u00e9t\u00e9 tr\u00e8s efficaces en premi\u00e8re p\u00e9riode, ils ont press\u00e9 haut, et nous, on a eu du mal \u00e0 les presser. On a pourtant essay\u00e9 de les presser haut, mais on \u00e9tait toujours un peu en retard, (Achraf) Hakimi \u00e9tait souvent seul, le milieu doit couvrir dans ce cas et on \u00e9tait toujours un petit pas en retard. C\u2019est l\u00e0 qu\u2019ils nous ont fait du mal et c\u2019est comme \u00e7a que vient le troisi\u00e8me but. En deuxi\u00e8me p\u00e9riode, ils ont rel\u00e2ch\u00e9 un peu, on a eu un peu plus le ballon, mais on n\u2019a pas vraiment eu de grosse occasion.\u00a0<\/p>\n<p class=\"fig-paragraph\">Les changements sous Xabi Alonso\u00a0? On joue diff\u00e9remment, on veut presser plus haut, l\u2019entra\u00eeneur veut qu\u2019on soit mieux plac\u00e9s partout sur le terrain. Il y a toujours des zones \u00e0 occuper. On s\u2019am\u00e9liore depuis le premier match contre Al-Hilal (1-1). Mais ce n\u2019est pas facile de tout changer directement. Dans un match comme \u00e7a, contre une grande \u00e9quipe, on voit tout de suite les erreurs, les choses qu\u2019on doit am\u00e9liorer. C\u2019est le niveau vers lequel on doit aller. Paris, c\u2019est la meilleure \u00e9quipe du monde sur le terrain. C\u2019est l\u00e0 qu\u2019on doit s\u2019am\u00e9liorer et apprendre. On analysera avec le coach, voir ce qu\u2019on peut mieux faire et en ao\u00fbt, on va commencer \u00e0 travailler en esp\u00e9rant \u00eatre encore en course fin mai (en Ligue des champions), qu\u2019on puisse rivaliser avec ce genre d\u2019\u00e9quipe. On sait qu\u2019on doit nous am\u00e9liorer. On va tout faire. Mais en trois semaines, c\u2019est difficile de tout changer, surtout contre une grosse \u00e9quipe comme le PSG\u2026\u00bb (sur DAZN)<\/p>\n","protected":false},"excerpt":{"rendered":"Le portier du Real livre son analyse apr\u00e8s la claque re\u00e7ue face au Paris-SG, mercredi, en demies du&hellip;\n","protected":false},"author":2,"featured_media":238958,"comment_status":"","ping_status":"","sticky":false,"template":"","format":"standard","meta":{"footnotes":""},"categories":[1888],"tags":[11,7151,1777,674,1011,27,12,626,93,4790,25],"class_list":{"0":"post-238957","1":"post","2":"type-post","3":"status-publish","4":"format-standard","5":"has-post-thumbnail","7":"category-paris","8":"tag-actualites","9":"tag-coupe-du-monde-des-clubs","10":"tag-eu","11":"tag-europe","12":"tag-fr","13":"tag-france","14":"tag-news","15":"tag-paris","16":"tag-psg","17":"tag-real-madrid","18":"tag-republique-francaise"},"share_on_mastodon":{"url":"https:\/\/pubeurope.com\/@fr\/114826409618921911","error":""},"_links":{"self":[{"href":"https:\/\/www.europesays.com\/fr\/wp-json\/wp\/v2\/posts\/238957","targetHints":{"allow":["GET"]}}],"collection":[{"href":"https:\/\/www.europesays.com\/fr\/wp-json\/wp\/v2\/posts"}],"about":[{"href":"https:\/\/www.europesays.com\/fr\/wp-json\/wp\/v2\/types\/post"}],"author":[{"embeddable":true,"href":"https:\/\/www.europesays.com\/fr\/wp-json\/wp\/v2\/users\/2"}],"replies":[{"embeddable":true,"href":"https:\/\/www.europesays.com\/fr\/wp-json\/wp\/v2\/comments?post=238957"}],"version-history":[{"count":0,"href":"https:\/\/www.europesays.com\/fr\/wp-json\/wp\/v2\/posts\/238957\/revisions"}],"wp:featuredmedia":[{"embeddable":true,"href":"https:\/\/www.europesays.com\/fr\/wp-json\/wp\/v2\/media\/238958"}],"wp:attachment":[{"href":"https:\/\/www.europesays.com\/fr\/wp-json\/wp\/v2\/media?parent=238957"}],"wp:term":[{"taxonomy":"category","embeddable":true,"href":"https:\/\/www.europesays.com\/fr\/wp-json\/wp\/v2\/categories?post=238957"},{"taxonomy":"post_tag","embeddable":true,"href":"https:\/\/www.europesays.com\/fr\/wp-json\/wp\/v2\/tags?post=238957"}],"curies":[{"name":"wp","href":"https:\/\/api.w.org\/{rel}","templated":true}]}}