{"id":238968,"date":"2025-07-10T01:50:16","date_gmt":"2025-07-10T01:50:16","guid":{"rendered":"https:\/\/www.europesays.com\/fr\/238968\/"},"modified":"2025-07-10T01:50:16","modified_gmt":"2025-07-10T01:50:16","slug":"donald-trump-brandit-de-nouvelles-menaces-contre-leurope","status":"publish","type":"post","link":"https:\/\/www.europesays.com\/fr\/238968\/","title":{"rendered":"Donald Trump brandit de nouvelles menaces contre l\u2019Europe"},"content":{"rendered":"<p><strong>D\u00c9CRYPTAGE &#8211;<\/strong> La premi\u00e8re salve de droits de douane a un impact encore limit\u00e9 sur l\u2019\u00e9conomie mondiale.<\/p>\n<p class=\"fig-paragraph\">En attendant la conclusion d\u2019accords commerciaux &#8211; mais ce terme s\u2019applique-t-il \u00e0 des n\u00e9gociations qui consistent \u00e0 mettre un couteau sous la gorge de ses partenaires\u00a0? -, les menaces am\u00e9ricaines continuent de pleuvoir.\u00a0Les pays partenaires sont toujours dans le viseur. Comme il l\u2019a d\u00e9j\u00e0 fait pour 14\u00a0\u00c9tats, Donald Trump a envoy\u00e9 de nouvelles lettres d\u2019avertissement\u00a0<a href=\"http:\/\/www.lefigaro.fr\/flash-eco\/droits-de-douane-trump-annonce-a-six-autres-pays-la-surtaxe-sur-leurs-produits-20250709\" data-fig-type=\"NewsFlash\" data-gtm-custom-categorie=\"navigation\" data-gtm-custom-action=\"crossclick\" data-gtm-custom-label=\"Contextuel\" data-gtm-event=\"customEventSPE\" data-fig-domain=\"LEFIGARO\" rel=\"nofollow noopener\" target=\"_blank\">\u00e0 six pays<\/a>\u00a0(Alg\u00e9rie, Brunei, Irak, Libye, Moldavie, Philippines). Et il r\u00e9it\u00e8re le m\u00eame chantage envers l\u2019Union europ\u00e9enne qui, apr\u00e8s des semaines de pression, para\u00eet sur le point de se r\u00e9signer \u00e0 un deal plut\u00f4t docile.<\/p>\n<p class=\"fig-paragraph\">Sous la pression de l\u2019Allemagne et de l\u2019Italie, elle serait pr\u00eate \u00e0 accepter un accord comparable \u00e0 celui conclu par Londres. Cela passerait par une surtaxe de 10\u00a0% sur les exportations europ\u00e9ennes, avec des exceptions pour des secteurs cl\u00e9s comme l\u2019automobile ou les alcools. L\u2019UE esp\u00e8re conclure un accord \u00ab\u00a0dans les prochains jours\u00a0\u00bb a r\u00e9it\u00e9r\u00e9 mercredi un porte-parole de la Commission europ\u00e9enne, seule comp\u00e9tente\u2026<\/p>\n<p class=\"fig-premium-paywall__infos\">\n        Cet article est r\u00e9serv\u00e9 aux abonn\u00e9s.        Il vous reste 86% \u00e0 d\u00e9couvrir.\n    <\/p>\n<p>                <img  data- alt=\"Le Figaro\" class=\"fig-img--complete fig-img\"\/><\/p>\n<p class=\"fig-premium-paywall__title\">Vous avez envie de lire la suite ?<\/p>\n<p class=\"fig-premium-paywall__subtitle\">D\u00e9bloquez tous les articles imm\u00e9diatement.<\/p>\n<p class=\"fig-premium-paywall__connect\">\n                D\u00e9j\u00e0 abonn\u00e9\u00a0?                <a class=\"fig-premium-paywall__connect-link\" href=\"https:\/\/connect.lefigaro.fr\/login?client=horizon_web&amp;type=main&amp;redirect_uri=https%3A%2F%2Fwww.lefigaro.fr%2Fconjoncture%2Fguerre-commerciale-donald-trump-brandit-de-nouvelles-menaces-contre-l-europe-20250709\" data-js-gtm=\"{&quot;customCategorie&quot;: &quot;conversion&quot;, &quot;customAction&quot;: &quot;before_Landing_Connexion_paywall_auto&quot;, &quot;customLabel&quot;: &quot;bGVmaWdhcm8uZnJfXzFmMDVjYTgzLTYyNzMtNjZkZS1iNjYyLWRmNzkyNjJhZGIzYl9fQXJ0aWNsZQ==_Guerre commerciale\u00a0: Donald Trump brandit de nouvelles menaces contre l\u2019Europe_407&quot;, &quot;customIDSPE&quot;: &quot;bGVmaWdhcm8uZnJfXzFmMDVjYTgzLTYyNzMtNjZkZS1iNjYyLWRmNzkyNjJhZGIzYl9fQXJ0aWNsZQ==&quot;, &quot;event&quot;: &quot;customEventSPE&quot;}\" rel=\"nofollow noopener\" target=\"_blank\"><br \/>\n                    Connectez-vous<br \/>\n                <\/a>\n            <\/p>\n","protected":false},"excerpt":{"rendered":"D\u00c9CRYPTAGE &#8211; La premi\u00e8re salve de droits de douane a un impact encore limit\u00e9 sur l\u2019\u00e9conomie mondiale. En&hellip;\n","protected":false},"author":2,"featured_media":238969,"comment_status":"","ping_status":"","sticky":false,"template":"","format":"standard","meta":{"footnotes":""},"categories":[1586],"tags":[11,75,981,1777,674,1011,27,12,25],"class_list":{"0":"post-238968","1":"post","2":"type-post","3":"status-publish","4":"format-standard","5":"has-post-thumbnail","7":"category-europe","8":"tag-actualites","9":"tag-donald-trump","10":"tag-douane","11":"tag-eu","12":"tag-europe","13":"tag-fr","14":"tag-france","15":"tag-news","16":"tag-republique-francaise"},"share_on_mastodon":{"url":"https:\/\/pubeurope.com\/@fr\/114826433214056253","error":""},"_links":{"self":[{"href":"https:\/\/www.europesays.com\/fr\/wp-json\/wp\/v2\/posts\/238968","targetHints":{"allow":["GET"]}}],"collection":[{"href":"https:\/\/www.europesays.com\/fr\/wp-json\/wp\/v2\/posts"}],"about":[{"href":"https:\/\/www.europesays.com\/fr\/wp-json\/wp\/v2\/types\/post"}],"author":[{"embeddable":true,"href":"https:\/\/www.europesays.com\/fr\/wp-json\/wp\/v2\/users\/2"}],"replies":[{"embeddable":true,"href":"https:\/\/www.europesays.com\/fr\/wp-json\/wp\/v2\/comments?post=238968"}],"version-history":[{"count":0,"href":"https:\/\/www.europesays.com\/fr\/wp-json\/wp\/v2\/posts\/238968\/revisions"}],"wp:featuredmedia":[{"embeddable":true,"href":"https:\/\/www.europesays.com\/fr\/wp-json\/wp\/v2\/media\/238969"}],"wp:attachment":[{"href":"https:\/\/www.europesays.com\/fr\/wp-json\/wp\/v2\/media?parent=238968"}],"wp:term":[{"taxonomy":"category","embeddable":true,"href":"https:\/\/www.europesays.com\/fr\/wp-json\/wp\/v2\/categories?post=238968"},{"taxonomy":"post_tag","embeddable":true,"href":"https:\/\/www.europesays.com\/fr\/wp-json\/wp\/v2\/tags?post=238968"}],"curies":[{"name":"wp","href":"https:\/\/api.w.org\/{rel}","templated":true}]}}