{"id":238970,"date":"2025-07-10T01:51:15","date_gmt":"2025-07-10T01:51:15","guid":{"rendered":"https:\/\/www.europesays.com\/fr\/238970\/"},"modified":"2025-07-10T01:51:15","modified_gmt":"2025-07-10T01:51:15","slug":"psg-real-madrid-on-a-eu-du-mal-les-aveux-de-courtois-apres-la-claque","status":"publish","type":"post","link":"https:\/\/www.europesays.com\/fr\/238970\/","title":{"rendered":"PSG\/Real Madrid &#8211; \u00ab\u00a0On a eu du mal\u00a0\u00bb, les aveux de Courtois apr\u00e8s la claque"},"content":{"rendered":"<p><strong>Ce mercredi<\/strong><strong>, dans le cadre des demi-finales de la Coupe du Monde des Clubs 2025, le Paris Saint-Germain affrontait le Real Madrid au Stade MetLife de New York. Thibaut Courtois, gardien de 33 ans de l\u2019\u00e9quipe madril\u00e8ne, s\u2019est arr\u00eat\u00e9 au micro de DAZN<\/strong><strong> apr\u00e8s la victoire parisienne 4<b>-0<\/b> (<a href=\"https:\/\/www.parisfans.fr\/videos-psg\/resume-video-psg-real-madrid-4-0-paris-balaye-les-madrilenes-avec-un-ruiz-en-feu-847168.html\" target=\"_blank\" rel=\"noopener\">r\u00e9sum\u00e9 vid\u00e9o PSG\/Real Madrid<\/a>). Il a \u00e9voqu\u00e9 tout l\u2019\u00e9cart aujourd\u2019hui entre Paris et son \u00e9quipe, qui a logiquement du travail.<\/strong><\/p>\n<p>Courtois \u00ab\u00a0ils ont rel\u00e2ch\u00e9 un peu\u00a0\u00bb<\/p>\n<p><strong>Match compliqu\u00e9 pour le Real Madrid ?<\/strong><\/p>\n<p>C\u2019est vrai que Paris c\u2019est l\u2019actuel champion d\u2019Europe et pendant la saison ils se sont am\u00e9lior\u00e9s de semaine en semaine.. c\u2019est une \u00e9quipe qui presse tr\u00e8s bien, tr\u00e8s bien, tr\u00e8s haut, ils laissent des espaces et c\u2019est \u00e0 nous de trouver en jouant vite. C\u2019est ce qu\u2019on a fait \u00e0 l\u2019entra\u00eenement mais c\u2019est ce que l\u2019on n\u2019a pas r\u00e9ussi \u00e0 faire au d\u00e9but du match. Ils ont bien commenc\u00e9, ils ont eu deux grosses occasions, apr\u00e8s naturellement on a fait deux erreurs individuelles qui changent le match.<\/p>\n<p>La premi\u00e8re mi-temps, ils ont \u00e9t\u00e9 tr\u00e8s efficaces, ils ont press\u00e9 haut. Nous, on a eu du mal \u00e0 les presser, on arrivait toujours en retard et Hakimi \u00e9tait souvent seul. On est arriv\u00e9 toujours un petit peu en retard. C\u2019est l\u00e0 qu\u2019ils nous ont fait du mal et le troisi\u00e8me but vient de l\u00e0. En deuxi\u00e8me mi-temps, ils ont rel\u00e2ch\u00e9 un peu on a eu un peu plus le ballon et on n\u2019a pas r\u00e9ussi \u00e0 avoir beaucoup plus d\u2019occasions.<\/p>\n<p>Courtois \u00ab\u00a0on a vu directement les erreurs et ce que l\u2019on doit am\u00e9liorer.\u00a0\u00bb<\/p>\n<p><strong>C\u2019est quoi la diff\u00e9rence avec Ancelotti et changer de syst\u00e8me comme cela rapidement ?<\/strong><\/p>\n<p>Naturellement, on joue diff\u00e9remment, on veut presser plus haut et il veut qu\u2019on soit mieux plac\u00e9 sur le terrain. Il veut qu\u2019il y a toujours des zones occup\u00e9es. On a jou\u00e9 de bon matchs, mais ce n\u2019est pas facile directement de changer et contre une grande \u00e9quipe on a vu directement les erreurs et ce que l\u2019on doit am\u00e9liorer.<\/p>\n<p>On a vu le niveau qu\u2019il faut attendre et avec le PSG qui est la meilleure \u00e9quipe du monde sur le terrain. C\u2019est l\u00e0 qu\u2019on doit s\u2019am\u00e9liorer et on doit analyser avec le coach et voir ce que l\u2019on peut faire de mieux. On sait qu\u2019on doit s\u2019am\u00e9liorer on a eu que 3 semaines et c\u2019est dur de tout changer en si peu de temps.<\/p>\n<p>\t\t\t\t\t\t\t\t\t\t\t\t\t\t\t\t\t\t\t\t\t\t\t<img loading=\"lazy\" src=\"https:\/\/www.europesays.com\/fr\/wp-content\/uploads\/2025\/04\/ParisFans_Logo.png\" decoding=\"async\" class=\"lazyload\" width=\"240\" height=\"54\" data-eio-rwidth=\"240\" data-eio-rheight=\"54\"\/><\/p>\n","protected":false},"excerpt":{"rendered":"Ce mercredi, dans le cadre des demi-finales de la Coupe du Monde des Clubs 2025, le Paris Saint-Germain&hellip;\n","protected":false},"author":2,"featured_media":238971,"comment_status":"","ping_status":"","sticky":false,"template":"","format":"standard","meta":{"footnotes":""},"categories":[1586],"tags":[11,1777,674,1779,1011,27,12,36967,25,11748,1778,364],"class_list":{"0":"post-238970","1":"post","2":"type-post","3":"status-publish","4":"format-standard","5":"has-post-thumbnail","7":"category-europe","8":"tag-actualites","9":"tag-eu","10":"tag-europe","11":"tag-european-union","12":"tag-fr","13":"tag-france","14":"tag-news","15":"tag-psg-real-madrid","16":"tag-republique-francaise","17":"tag-thibaut-courtois","18":"tag-ue","19":"tag-union-europeenne"},"share_on_mastodon":{"url":"https:\/\/pubeurope.com\/@fr\/114826437226400200","error":""},"_links":{"self":[{"href":"https:\/\/www.europesays.com\/fr\/wp-json\/wp\/v2\/posts\/238970","targetHints":{"allow":["GET"]}}],"collection":[{"href":"https:\/\/www.europesays.com\/fr\/wp-json\/wp\/v2\/posts"}],"about":[{"href":"https:\/\/www.europesays.com\/fr\/wp-json\/wp\/v2\/types\/post"}],"author":[{"embeddable":true,"href":"https:\/\/www.europesays.com\/fr\/wp-json\/wp\/v2\/users\/2"}],"replies":[{"embeddable":true,"href":"https:\/\/www.europesays.com\/fr\/wp-json\/wp\/v2\/comments?post=238970"}],"version-history":[{"count":0,"href":"https:\/\/www.europesays.com\/fr\/wp-json\/wp\/v2\/posts\/238970\/revisions"}],"wp:featuredmedia":[{"embeddable":true,"href":"https:\/\/www.europesays.com\/fr\/wp-json\/wp\/v2\/media\/238971"}],"wp:attachment":[{"href":"https:\/\/www.europesays.com\/fr\/wp-json\/wp\/v2\/media?parent=238970"}],"wp:term":[{"taxonomy":"category","embeddable":true,"href":"https:\/\/www.europesays.com\/fr\/wp-json\/wp\/v2\/categories?post=238970"},{"taxonomy":"post_tag","embeddable":true,"href":"https:\/\/www.europesays.com\/fr\/wp-json\/wp\/v2\/tags?post=238970"}],"curies":[{"name":"wp","href":"https:\/\/api.w.org\/{rel}","templated":true}]}}