{"id":238974,"date":"2025-07-10T01:53:13","date_gmt":"2025-07-10T01:53:13","guid":{"rendered":"https:\/\/www.europesays.com\/fr\/238974\/"},"modified":"2025-07-10T01:53:13","modified_gmt":"2025-07-10T01:53:13","slug":"trois-morts-dans-un-accident-de-la-route-sur-lile-de-re","status":"publish","type":"post","link":"https:\/\/www.europesays.com\/fr\/238974\/","title":{"rendered":"Trois morts dans un accident de la route sur l\u2019\u00eele de R\u00e9"},"content":{"rendered":"<p class=\"paragraph text_align_left lp-f-body-02\">Trois personnes sont d\u00e9c\u00e9d\u00e9es dans un accident de la route, ce mercredi apr\u00e8s-midi, sur une route d\u00e9partementale de l\u2019<a href=\"https:\/\/www.leparisien.fr\/societe\/archeologie-sur-lile-de-re-la-decouverte-de-mysterieuse-sepultures-medievales-aux-origines-nordiques-12-02-2025-3KTWEE4ZBRA4LFFS3L5B2ZROAA.php\" target=\"_self\" rel=\"noopener\">\u00eele de R\u00e9<\/a> (Charente-Maritime), selon un bilan de la gendarmerie.<\/p>\n<p class=\"paragraph text_align_left lp-f-body-02\">Peu avant 17 heures, cette voiture qui circulait sur la d\u00e9partementale 735 \u00e0 hauteur d\u2019Ars-en-R\u00e9 a quitt\u00e9 la route pour aller percuter un arbre de plein fouet, sur le bas-c\u00f4t\u00e9, selon la m\u00eame source.<\/p>\n<p class=\"paragraph text_align_left lp-f-body-02\">Ses trois occupants, d\u00e9clar\u00e9s gri\u00e8vement bless\u00e9s et \u00e9vacu\u00e9s par un h\u00e9licopt\u00e8re de la S\u00e9curit\u00e9 civile, sont d\u00e9c\u00e9d\u00e9s des suites de leurs blessures. Selon la radio <a href=\"https:\/\/www.francebleu.fr\/infos\/faits-divers-justice\/trois-blesses-graves-dans-un-accident-de-la-route-a-ars-en-re-1422429\" target=\"_self\" rel=\"noopener\">Ici La Rochelle<\/a>, le conducteur du v\u00e9hicule aurait une quarantaine d\u2019ann\u00e9es et ses deux passagers environ 20 ans. Tous seraient originaires du d\u00e9partement.<\/p>\n<p class=\"paragraph text_align_left lp-f-body-02\">Une enqu\u00eate a \u00e9t\u00e9 ouverte sur les circonstances de l\u2019accident, confi\u00e9e \u00e0 la brigade de gendarmerie de Saint-Martin-de-R\u00e9.<\/p>\n","protected":false},"excerpt":{"rendered":"Trois personnes sont d\u00e9c\u00e9d\u00e9es dans un accident de la route, ce mercredi apr\u00e8s-midi, sur une route d\u00e9partementale de&hellip;\n","protected":false},"author":2,"featured_media":238975,"comment_status":"","ping_status":"","sticky":false,"template":"","format":"standard","meta":{"footnotes":""},"categories":[2],"tags":[11,37881,459,118,1011,27,12,25],"class_list":{"0":"post-238974","1":"post","2":"type-post","3":"status-publish","4":"format-standard","5":"has-post-thumbnail","7":"category-actualites","8":"tag-actualites","9":"tag-charente-maritime-17","10":"tag-departements-horsidfo","11":"tag-faits-divers","12":"tag-fr","13":"tag-france","14":"tag-news","15":"tag-republique-francaise"},"share_on_mastodon":{"url":"https:\/\/pubeurope.com\/@fr\/114826445041405878","error":""},"_links":{"self":[{"href":"https:\/\/www.europesays.com\/fr\/wp-json\/wp\/v2\/posts\/238974","targetHints":{"allow":["GET"]}}],"collection":[{"href":"https:\/\/www.europesays.com\/fr\/wp-json\/wp\/v2\/posts"}],"about":[{"href":"https:\/\/www.europesays.com\/fr\/wp-json\/wp\/v2\/types\/post"}],"author":[{"embeddable":true,"href":"https:\/\/www.europesays.com\/fr\/wp-json\/wp\/v2\/users\/2"}],"replies":[{"embeddable":true,"href":"https:\/\/www.europesays.com\/fr\/wp-json\/wp\/v2\/comments?post=238974"}],"version-history":[{"count":0,"href":"https:\/\/www.europesays.com\/fr\/wp-json\/wp\/v2\/posts\/238974\/revisions"}],"wp:featuredmedia":[{"embeddable":true,"href":"https:\/\/www.europesays.com\/fr\/wp-json\/wp\/v2\/media\/238975"}],"wp:attachment":[{"href":"https:\/\/www.europesays.com\/fr\/wp-json\/wp\/v2\/media?parent=238974"}],"wp:term":[{"taxonomy":"category","embeddable":true,"href":"https:\/\/www.europesays.com\/fr\/wp-json\/wp\/v2\/categories?post=238974"},{"taxonomy":"post_tag","embeddable":true,"href":"https:\/\/www.europesays.com\/fr\/wp-json\/wp\/v2\/tags?post=238974"}],"curies":[{"name":"wp","href":"https:\/\/api.w.org\/{rel}","templated":true}]}}