{"id":238978,"date":"2025-07-10T01:57:14","date_gmt":"2025-07-10T01:57:14","guid":{"rendered":"https:\/\/www.europesays.com\/fr\/238978\/"},"modified":"2025-07-10T01:57:14","modified_gmt":"2025-07-10T01:57:14","slug":"ben-tapuai-caleb-muntz-stade-toulousain-les-infos-du-mercredi-9-juillet","status":"publish","type":"post","link":"https:\/\/www.europesays.com\/fr\/238978\/","title":{"rendered":"Ben Tapuai, Caleb Muntz, Stade Toulousain, les infos du mercredi 9 juillet"},"content":{"rendered":"<p style=\"text-align: justify;\" align=\"justify\"><strong>TRANSFERTS RUGBY \u2013 Ben Tapuai (ex-UBB) proche d\u2019un club de Pro D2, le Fidjien Caleb Muntz \u00e9voluera bien en deuxi\u00e8me division, le Stade Toulousain officialise deux internationaux : les infos de ce mercredi 9 juillet.<\/strong><\/p>\n<p>Brive : Ben Tapuai en approche<\/p>\n<p style=\"text-align: justify;\">Le <strong>CA Brive<\/strong> serait sur le point de frapper un joli coup sur le march\u00e9 des transferts en attirant l\u2019exp\u00e9riment\u00e9 centre australien <strong>Ben Tapuai<\/strong>, selon les informations du journal <a href=\"https:\/\/www.lamontagne.fr\/brive-la-gaillarde-19100\/sports\/onze-recrues-du-ca-brive-sont-arrivees-une-autre-en-approche_14718199\/\" target=\"_blank\" rel=\"noopener\">La Montagne<\/a>. Pass\u00e9 notamment par <strong>Bath<\/strong>, les <strong>Harlequins<\/strong> et plus r\u00e9cemment l\u2019<strong>Union Bordeaux-B\u00e8gles<\/strong>, avec qui il a remport\u00e9 la Champions Cup cette saison, le joueur de 35 ans pourrait vivre une derni\u00e8re aventure en France sous les couleurs du CAB.<\/p>\n<p style=\"text-align: justify;\">Puissant, exp\u00e9riment\u00e9 et habitu\u00e9 aux joutes du haut niveau, <strong>Tapuai<\/strong> apporterait une plus-value imm\u00e9diate \u00e0 la ligne de trois-quarts briviste, orpheline, entre autres, du jeune <strong>Mathis Fert\u00e9<\/strong>. Son arriv\u00e9e constituerait \u00e9galement un renfort de poids dans un vestiaire rajeuni.<\/p>\n<p style=\"text-align: justify;\">Mais un obstacle administratif freine encore sa signature : le quota de joueurs non-JIFF (issus de la formation fran\u00e7aise) est d\u00e9j\u00e0 atteint \u00e0 <strong>Brive<\/strong>. Le club corr\u00e9zien chercherait donc une solution, comme un pr\u00eat temporaire d\u2019un de ses jeunes joueurs, pour lib\u00e9rer une place et permettre l\u2019enregistrement du joueur australien. Affaire \u00e0 suivre.<\/p>\n<p style=\"text-align: justify;\"><strong>L\u2019avis de Dicodusport<\/strong> <strong>:<\/strong> Brive cherche \u00e0 frapper un dernier gros coup sur le march\u00e9 des mutations. L\u2019arriv\u00e9e de Tapuai serait un vrai plus dans l\u2019optique de jouer les premiers r\u00f4les en haut du classement de Pro D2, synonyme de bataille pour la mont\u00e9e en Top 14.<\/p>\n<p>Provence Rugby : C\u2019est officiel pour Caleb Muntz<\/p>\n<p style=\"text-align: justify;\"><strong>Provence Rugby<\/strong> continue de renforcer son effectif avec ambition. Le club aixois, demi-finaliste de <strong>Pro D2<\/strong> la saison pass\u00e9e, a officialis\u00e9 la signature de l\u2019ouvreur international fidjien <strong>Caleb Muntz<\/strong> pour trois saisons. \u00c2g\u00e9 de 25 ans, <strong>Muntz<\/strong> compte d\u00e9j\u00e0 15 s\u00e9lections avec les <strong>Fidji<\/strong> et \u00e9tait titulaire dimanche dernier face \u00e0 l\u2019Australie.<\/p>\n<p style=\"text-align: justify;\">Form\u00e9 avec les <strong>Fijian Drua<\/strong>, qu\u2019il a repr\u00e9sent\u00e9s pendant quatre ans en Super Rugby, le polyvalent trois-quarts (\u00e9galement capable d\u2019\u00e9voluer au centre) rejoindra Provence \u00e0 compter du 1er octobre. Un renfort de poids pour l\u2019\u00e9quipe d\u00e9sormais manag\u00e9e par <strong>Philippe Saint-Andr\u00e9<\/strong>, qui voit en <strong>Muntz<\/strong> un profil id\u00e9al pour compenser l\u2019absence de <strong>Jules Plisson<\/strong>, victime d\u2019une grave blessure au genou en avril dernier. Un recrutement qui confirme les grandes ambitions du club proven\u00e7al pour la saison 2025-2026.<\/p>\n<p>\n<a href=\"https:\/\/dicodusport.fr\/blog\/offres\/abonnements-sans-pub\/\" target=\"_blank\" rel=\"noopener\"><img loading=\"lazy\" decoding=\"async\" class=\"alignnone size-full wp-image-501284 perfmatters-lazy\" alt=\"\" width=\"1200\" height=\"200\" src=\"https:\/\/www.europesays.com\/fr\/wp-content\/uploads\/2025\/04\/Abonnements-sans-pubs-Dicodusport.png\"\/><\/a><br \/><a href=\"https:\/\/dicodusport.fr\/blog\/offres\/abonnements-sans-pub\/\" target=\"_blank\" rel=\"noopener\"><img loading=\"lazy\" decoding=\"async\" class=\"alignnone size-full wp-image-501296 perfmatters-lazy\" alt=\"\" width=\"400\" height=\"400\" src=\"https:\/\/www.europesays.com\/fr\/wp-content\/uploads\/2025\/04\/Abonnements-sans-pubs-Dicodusport-mobile.png\"\/><\/a><\/p>\n<p style=\"text-align: justify;\"><strong>L\u2019avis de Dicodusport<\/strong> <strong>:\u00a0<\/strong>Provence Rugby confirme qu\u2019il reste un club des plus ambitieux, avec l\u2019objectif de monter en Top 14. Maestro du rugby fidjien ces derni\u00e8res saisons, Caleb Muntz va apporter un vrai plus \u00e0 l\u2019effectif proven\u00e7al.<\/p>\n<p>Stade Toulousain : Teddy Thomas et Georges-Henri Colombe officialis\u00e9s<\/p>\n<p style=\"text-align: justify;\">Le <strong>Stade Toulousain<\/strong>, tout juste sacr\u00e9 champion de France pour la troisi\u00e8me fois cons\u00e9cutive, ne tarde pas \u00e0 b\u00e2tir son effectif pour la saison 2025-2026. Ce mercredi 9 juillet, le club haut-garonnais a officialis\u00e9 deux renforts de poids : <strong>Georges-Henri Colombe<\/strong> et <strong>Teddy Thomas<\/strong>, tous deux en provenance du Stade Rochelais.<\/p>\n<p style=\"text-align: justify;\">Le premier, pilier droit international fran\u00e7ais, s\u2019est engag\u00e9 pour trois saisons avec <strong>Toulouse<\/strong>. Puissant et massif (1,93 m pour 135 kg), Colombe viendra renforcer une premi\u00e8re ligne d\u00e9j\u00e0 redoutable. Son exp\u00e9rience et sa solidit\u00e9 en m\u00eal\u00e9e en font une recrue strat\u00e9gique pour le staff d\u2019<strong>Ugo Mola<\/strong>.<\/p>\n<p style=\"text-align: justify;\">Derri\u00e8re, le <strong>Stade Toulousain<\/strong> s\u2019attache les services de <strong>Teddy Thomas<\/strong>, autre international tricolore au profil plus polyvalent. Longtemps ailier de renom, l\u2019ancien Racingman s\u2019est reconverti au poste de centre la saison pass\u00e9e \u00e0 <strong>La Rochelle<\/strong>. \u00c0 31 ans, il vient ajouter de la profondeur et de l\u2019exp\u00e9rience \u00e0 une ligne de trois-quarts d\u00e9j\u00e0 bien fournie.<\/p>\n<p style=\"text-align: justify;\"><strong>L\u2019avis de Dicodusport<\/strong> <strong>:\u00a0<\/strong>Avec ces deux signatures majeures, Toulouse envoie un message clair : rester au sommet du rugby fran\u00e7ais \u2014 et europ\u00e9en \u2014 reste l\u2019objectif prioritaire. Il faut que la mayonnaise prenne sur le terrain d\u00e9sormais.<\/p>\n","protected":false},"excerpt":{"rendered":"TRANSFERTS RUGBY \u2013 Ben Tapuai (ex-UBB) proche d\u2019un club de Pro D2, le Fidjien Caleb Muntz \u00e9voluera bien&hellip;\n","protected":false},"author":2,"featured_media":238979,"comment_status":"","ping_status":"","sticky":false,"template":"","format":"standard","meta":{"footnotes":""},"categories":[1416],"tags":[1111,2113,1011,27,479,1468,60,477],"class_list":{"0":"post-238978","1":"post","2":"type-post","3":"status-publish","4":"format-standard","5":"has-post-thumbnail","7":"category-rugby","8":"tag-actu","9":"tag-breve","10":"tag-fr","11":"tag-france","12":"tag-rugby","13":"tag-rugby-football","14":"tag-sports","15":"tag-transferts-rugby"},"share_on_mastodon":{"url":"https:\/\/pubeurope.com\/@fr\/114826461058990146","error":""},"_links":{"self":[{"href":"https:\/\/www.europesays.com\/fr\/wp-json\/wp\/v2\/posts\/238978","targetHints":{"allow":["GET"]}}],"collection":[{"href":"https:\/\/www.europesays.com\/fr\/wp-json\/wp\/v2\/posts"}],"about":[{"href":"https:\/\/www.europesays.com\/fr\/wp-json\/wp\/v2\/types\/post"}],"author":[{"embeddable":true,"href":"https:\/\/www.europesays.com\/fr\/wp-json\/wp\/v2\/users\/2"}],"replies":[{"embeddable":true,"href":"https:\/\/www.europesays.com\/fr\/wp-json\/wp\/v2\/comments?post=238978"}],"version-history":[{"count":0,"href":"https:\/\/www.europesays.com\/fr\/wp-json\/wp\/v2\/posts\/238978\/revisions"}],"wp:featuredmedia":[{"embeddable":true,"href":"https:\/\/www.europesays.com\/fr\/wp-json\/wp\/v2\/media\/238979"}],"wp:attachment":[{"href":"https:\/\/www.europesays.com\/fr\/wp-json\/wp\/v2\/media?parent=238978"}],"wp:term":[{"taxonomy":"category","embeddable":true,"href":"https:\/\/www.europesays.com\/fr\/wp-json\/wp\/v2\/categories?post=238978"},{"taxonomy":"post_tag","embeddable":true,"href":"https:\/\/www.europesays.com\/fr\/wp-json\/wp\/v2\/tags?post=238978"}],"curies":[{"name":"wp","href":"https:\/\/api.w.org\/{rel}","templated":true}]}}